{"id":48750,"date":"2021-12-12T13:57:40","date_gmt":"2021-12-12T12:57:40","guid":{"rendered":"https:\/\/fundacioateneusantroc.org\/?p=48750"},"modified":"2023-07-31T10:08:36","modified_gmt":"2023-07-31T08:08:36","slug":"marta-giralt","status":"publish","type":"post","link":"https:\/\/fundacioateneusantroc.org\/es\/marta-giralt\/","title":{"rendered":"Marta Giralt"},"content":{"rendered":"\n<p>Un dels grups estables de l\u2019Ateneu Sant Roc \u00e9s el Cor de l\u2019Ateneu Sant Roc, i la Marta Giralt \u00e9s la seva \u00e0nima. Dona compromesa amb la dinamitzaci\u00f3 del cant coral i de la cohesi\u00f3 social, est\u00e0 unida a l\u2019entitat des de ja fa molts anys i, especialment, des del 2009 dirigeix el Cor de d\u2019Ateneu. Sempre activa i amb molta il\u00b7lusi\u00f3 per mantenir din\u00e0mic el grup de cantaires que condueix.<\/p>\n\n\n\n<p>Cont\u00ednuament li agrada proposar nous reptes, que responen al seu \u00e0nim inquiet i inconformista. Aix\u00f2 ha portat al Cor a aconseguir fites mai pensades i mantenir-se actiu durant m\u00e9s d\u2019una d\u00e8cada, superant incl\u00fas una pand\u00e8mia.<\/p>\n\n\n\n<p>Lligada al cant coral des de la seva joventut, ha organitzat trobades de corals a la Parr\u00f2quia de Sant Roc i d\u2019altres concerts dins de l\u2019\u00e0mbit local. Dona de personalitat marcada, t\u00e9 idees clares de com s\u2019ha de portar una coral amateur i sap delegar i realitzar un bon treball en equip.<\/p>\n\n\n\n<p>La combinaci\u00f3 de const\u00e0ncia i tenacitat de la Marta fan possible mantenir aquesta activitat musical tots els dimecres al vespre. I \u00e9s capa\u00e7 de reunir al seu voltant un grup nombr\u00f3s de persones que volen cantar plegats.<\/p>\n\n\n\n<p>La seva espontane\u00eftat i el seu tarann\u00e0 alegre i optimista omplen les sales de l\u2019Ateneu de bones vibracions.<\/p>\n\n\n\n<p>Gr\u00e0cies Marta per ser com ets!<\/p>\n\n\n\n<p class=\"has-text-align-right\"><em>Ma \u00c0ngels Peque\u00f1o (2021)<\/em><\/p>\n","protected":false},"excerpt":{"rendered":"<p>Un dels grups estables de l\u2019Ateneu Sant Roc \u00e9s el Cor de l\u2019Ateneu Sant Roc, i [&hellip;]<\/p>\n","protected":false},"author":2,"featured_media":61253,"comment_status":"open","ping_status":"open","sticky":false,"template":"","format":"standard","meta":{"footnotes":""},"categories":[1089,1],"tags":[621,734,147,744],"class_list":["post-48750","post","type-post","status-publish","format-standard","has-post-thumbnail","hentry","category-retrats","category-actualitat","tag-cor-de-lateneu","tag-dinamitzacio-sociocultural","tag-voluntariat","tag-voluntaris"],"_links":{"self":[{"href":"https:\/\/fundacioateneusantroc.org\/es\/wp-json\/wp\/v2\/posts\/48750","targetHints":{"allow":["GET"]}}],"collection":[{"href":"https:\/\/fundacioateneusantroc.org\/es\/wp-json\/wp\/v2\/posts"}],"about":[{"href":"https:\/\/fundacioateneusantroc.org\/es\/wp-json\/wp\/v2\/types\/post"}],"author":[{"embeddable":true,"href":"https:\/\/fundacioateneusantroc.org\/es\/wp-json\/wp\/v2\/users\/2"}],"replies":[{"embeddable":true,"href":"https:\/\/fundacioateneusantroc.org\/es\/wp-json\/wp\/v2\/comments?post=48750"}],"version-history":[{"count":3,"href":"https:\/\/fundacioateneusantroc.org\/es\/wp-json\/wp\/v2\/posts\/48750\/revisions"}],"predecessor-version":[{"id":48798,"href":"https:\/\/fundacioateneusantroc.org\/es\/wp-json\/wp\/v2\/posts\/48750\/revisions\/48798"}],"wp:featuredmedia":[{"embeddable":true,"href":"https:\/\/fundacioateneusantroc.org\/es\/wp-json\/wp\/v2\/media\/61253"}],"wp:attachment":[{"href":"https:\/\/fundacioateneusantroc.org\/es\/wp-json\/wp\/v2\/media?parent=48750"}],"wp:term":[{"taxonomy":"category","embeddable":true,"href":"https:\/\/fundacioateneusantroc.org\/es\/wp-json\/wp\/v2\/categories?post=48750"},{"taxonomy":"post_tag","embeddable":true,"href":"https:\/\/fundacioateneusantroc.org\/es\/wp-json\/wp\/v2\/tags?post=48750"}],"curies":[{"name":"wp","href":"https:\/\/api.w.org\/{rel}","templated":true}]}}