{"id":48792,"date":"2021-12-13T11:28:22","date_gmt":"2021-12-13T10:28:22","guid":{"rendered":"https:\/\/fundacioateneusantroc.org\/?p=48792"},"modified":"2023-07-14T12:18:14","modified_gmt":"2023-07-14T10:18:14","slug":"concer-nadal-2021","status":"publish","type":"post","link":"https:\/\/fundacioateneusantroc.org\/es\/concer-nadal-2021\/","title":{"rendered":"El cor de l&#8217;Ateneu repr\u00e8n els concerts presencials"},"content":{"rendered":"\n<p>Aquest diumenge 12 de desembre el Cor de l\u2019Ateneu&nbsp;Sant Roc ha tornat a trepitjar l\u2019espai emblem\u00e0tic dels seus concerts: la parr\u00f2quia de Sant Roc. I ho ha fet davant del seu p\u00fablic fidel, despr\u00e9s de pr\u00e0cticament dos anys sense aquest tipus d\u2019activitat.<\/p>\n\n\n\n<p>Malgrat les restriccions i l\u2019enyoran\u00e7a per no poder compartir el concert amb altres corals, ha estat molt emocionant donar pas al Nadal cantant de nou plegats.<\/p>\n\n\n\n<p>Aquest XVIII Concert de Nadal ha sigut diferent. Ha constat de dues parts. La primera, una escenificaci\u00f3 cantada del mite de Pers\u00e8fone que explicava l\u2019origen de les quatre estacions, ha comptat amb l\u2019estimable participaci\u00f3 de la Laura i l\u2019Anna, membres de la <strong>companyia teatral \u201cLas Moscas\u201d,<\/strong> i a les quals agra\u00efm la seva creativitat i il\u00b7lusi\u00f3 en el projecte. La segona part del concert ha concentrat les nadales, dues de les quals cantades amb la participaci\u00f3 del p\u00fablic, que amb molt bona disposici\u00f3 han omplert l\u2019espai de bones vibracions.<\/p>\n\n\n\n<p>Volem donar les gr\u00e0cies a la Fundaci\u00f3 Ateneu Sant Roc per fer possible l\u2019organitzaci\u00f3 d\u2019aquest concert i, alhora, donem la benvinguda als nous cantaires que s\u2019han estrenat en el seu primer concert.<\/p>\n\n\n\n<p>Finalment no podem oblidar la feina realitzada per tots els membres del Cor i, especialment, de les seves directores: la <a href=\"https:\/\/fundacioateneusantroc.org\/es\/marta-giralt\/\" target=\"_blank\" rel=\"noreferrer noopener\">Marta Giralt<\/a> i la <a href=\"https:\/\/fundacioateneusantroc.org\/es\/maria-placencia\/\" target=\"_blank\" rel=\"noreferrer noopener\">Maria Placencia<\/a>.<\/p>\n\n\n\n<p>Esperem que al llarg del proper any puguem tornar a trobar-nos al voltant del cant coral.<\/p>\n\n\n\n<p><\/p>\n","protected":false},"excerpt":{"rendered":"<p>Aquest diumenge 12 de desembre el Cor de l\u2019Ateneu&nbsp;Sant Roc ha tornat a trepitjar l\u2019espai emblem\u00e0tic [&hellip;]<\/p>\n","protected":false},"author":2,"featured_media":48803,"comment_status":"open","ping_status":"open","sticky":false,"template":"","format":"standard","meta":{"footnotes":""},"categories":[1],"tags":[621,734],"class_list":["post-48792","post","type-post","status-publish","format-standard","has-post-thumbnail","hentry","category-actualitat","tag-cor-de-lateneu","tag-dinamitzacio-sociocultural"],"_links":{"self":[{"href":"https:\/\/fundacioateneusantroc.org\/es\/wp-json\/wp\/v2\/posts\/48792","targetHints":{"allow":["GET"]}}],"collection":[{"href":"https:\/\/fundacioateneusantroc.org\/es\/wp-json\/wp\/v2\/posts"}],"about":[{"href":"https:\/\/fundacioateneusantroc.org\/es\/wp-json\/wp\/v2\/types\/post"}],"author":[{"embeddable":true,"href":"https:\/\/fundacioateneusantroc.org\/es\/wp-json\/wp\/v2\/users\/2"}],"replies":[{"embeddable":true,"href":"https:\/\/fundacioateneusantroc.org\/es\/wp-json\/wp\/v2\/comments?post=48792"}],"version-history":[{"count":9,"href":"https:\/\/fundacioateneusantroc.org\/es\/wp-json\/wp\/v2\/posts\/48792\/revisions"}],"predecessor-version":[{"id":48805,"href":"https:\/\/fundacioateneusantroc.org\/es\/wp-json\/wp\/v2\/posts\/48792\/revisions\/48805"}],"wp:featuredmedia":[{"embeddable":true,"href":"https:\/\/fundacioateneusantroc.org\/es\/wp-json\/wp\/v2\/media\/48803"}],"wp:attachment":[{"href":"https:\/\/fundacioateneusantroc.org\/es\/wp-json\/wp\/v2\/media?parent=48792"}],"wp:term":[{"taxonomy":"category","embeddable":true,"href":"https:\/\/fundacioateneusantroc.org\/es\/wp-json\/wp\/v2\/categories?post=48792"},{"taxonomy":"post_tag","embeddable":true,"href":"https:\/\/fundacioateneusantroc.org\/es\/wp-json\/wp\/v2\/tags?post=48792"}],"curies":[{"name":"wp","href":"https:\/\/api.w.org\/{rel}","templated":true}]}}