{"id":52434,"date":"2022-02-28T23:51:27","date_gmt":"2022-02-28T22:51:27","guid":{"rendered":"https:\/\/fundacioateneusantroc.org\/?p=52434"},"modified":"2023-07-14T12:18:00","modified_gmt":"2023-07-14T10:18:00","slug":"linia-%c2%b7-arpilleres-teixint-comunitat","status":"publish","type":"post","link":"https:\/\/fundacioateneusantroc.org\/es\/linia-%c2%b7-arpilleres-teixint-comunitat\/","title":{"rendered":"L\u00ednia nord \u2022 Arpilleres, teixint comunitat"},"content":{"rendered":"\n<p class=\"has-vivid-red-color has-text-color\">Oriol Llad\u00f3|31 gener 2022<a href=\"https:\/\/liniaxarxa.cat\/opinio\/arpilleres-teixint-comunitat-oriol-llado\/\" target=\"_blank\" rel=\"noreferrer noopener\">|<strong>Veure article a L\u00ednia<\/strong><\/a><\/p>\n\n\n<div class=\"wp-block-image\">\n<figure class=\"alignright size-full\"><img loading=\"lazy\" decoding=\"async\" width=\"250\" height=\"250\" src=\"https:\/\/fundacioateneusantroc.org\/wp-content\/uploads\/Oriol_LladoOK.jpg\" alt=\"\" class=\"wp-image-52438\" srcset=\"https:\/\/fundacioateneusantroc.org\/wp-content\/uploads\/Oriol_LladoOK.jpg 250w, https:\/\/fundacioateneusantroc.org\/wp-content\/uploads\/Oriol_LladoOK-150x150.jpg 150w\" sizes=\"auto, (max-width: 250px) 100vw, 250px\" \/><\/figure>\n<\/div>\n\n\n<p>No hi ha arpillera sense tela (al capdavall, una tela \u00e9s una trama) ni hi ha arpillera sense fil (la hist\u00f2ria, l\u2019element que fixa la composici\u00f3). L\u2019arpillera \u00e9s alguna cosa m\u00e9s, per tant, que una manualitat o un tap\u00eds; \u00e9s una forma d\u2019explicar i d\u2019explicar-se i \u00e9s, tamb\u00e9, i potser sobretot, una expressi\u00f3 i un comprom\u00eds amb la comunitat.<\/p>\n\n\n\n<p>El fenomen de les arpilleres va n\u00e9ixer a Xile a mitjans dels setanta, quan fent servir teles de sac com a suport, diferents grups de dones van comen\u00e7ar a utilitzar una vella t\u00e8cnica del poble d\u2019Isla Negra, a la costa xilena, per expressar el seu dolor i indignaci\u00f3 per la repressi\u00f3 sagnant de la dictadura de Pinochet. I aix\u00ed, acolorides i punyents representacions t\u00e8xtils que combinaven la hist\u00f2ria escrita en primera persona amb la reflexi\u00f3 m\u00e9s general i col\u00b7lectiva van comen\u00e7ar a conformar un gran calidoscopi de reivindicaci\u00f3 i den\u00fancia. Com a protesta i com a forma de resist\u00e8ncia, o b\u00e9 com a ter\u00e0pia, i fins i tot com una manera d\u2019obtenir recursos\u2026 I finalment, en la majoria de casos, tamb\u00e9 com a espai que convida al treball col\u00b7lectiu i a la participaci\u00f3. Les arpilleres s\u2019han anat estenent d\u2019aleshores en\u00e7\u00e0 arreu del m\u00f3n, i avui \u00e9s una pr\u00e0ctica ben present al nostre pa\u00eds, aix\u00ed com a l\u2019\u00e0rea metropolitana i a municipis com Barcelona, Badalona, Sant Vicen\u00e7 dels Horts o Sabadell.<\/p>\n\n\n\n<p>Aquests dies, al local d\u2019\u00d2mnium del Barcelon\u00e8s Nord (carrer de la Merc\u00e8 33, Badalona) es pot visitar la mostra&nbsp;<em>Dones disruptives. Arpilleres en acci\u00f3<\/em>, organitzada per l\u2019incombustible grup d\u2019arpilleres de l\u2019Ateneu Sant Roc. Aquesta exposici\u00f3, molt recomanable, arriba al centre de la ciutat despr\u00e9s que l\u2019Ateneu i la seva mostra sobre els drets dels infants va ser reconeguda fa uns mesos pels Premis Ateneus. No \u00e9s la primera vegada que el projecte de les arpilleres \u00e9s destacat m\u00e9s enll\u00e0 de Badalona: diferents teles del grup de l\u2019Ateneu han estat recopilades dins de l\u2019arxiu de l\u2019entitat internacional Conflict Textiles.<\/p>\n\n\n\n<h5 class=\"has-text-align-center wp-block-heading\">Els fils a la vista que veiem en moltes arpilleres s\u00f3n el recordatori que all\u00f2 que ens fa societat \u00e9s el que ens lliga<\/h5>\n\n\n\n<figure class=\"wp-block-image size-full\"><img loading=\"lazy\" decoding=\"async\" width=\"750\" height=\"450\" src=\"https:\/\/fundacioateneusantroc.org\/wp-content\/uploads\/arpilleres_oriol_llado.jpg\" alt=\"\" class=\"wp-image-52440\" srcset=\"https:\/\/fundacioateneusantroc.org\/wp-content\/uploads\/arpilleres_oriol_llado.jpg 750w, https:\/\/fundacioateneusantroc.org\/wp-content\/uploads\/arpilleres_oriol_llado-300x180.jpg 300w\" sizes=\"auto, (max-width: 750px) 100vw, 750px\" \/><figcaption>Fotos: Oriol Llad\u00f3<\/figcaption><\/figure>\n\n\n\n<p>No \u00e9s estrany que l\u2019Ateneu Sant Roc \u2013especialistes com s\u00f3n en sargir i teixir\u2013 hagi acollit un grup tan actiu i divers vinculat amb les arpilleres\u2026 I aix\u00ed ha acabat sent, de fet, un dels millors ambaixadors d\u2019aquest projecte.<\/p>\n\n\n\n<p>Els fils a la vista que veiem en moltes arpilleres s\u00f3n el recordatori que all\u00f2 que ens fa societat \u00e9s el que ens lliga, el que ens subjecta\u2026 El fil \u00e9s, d\u2019alguna manera, el que ens enxarxa com a comunitat. \u201cRefor\u00e7ar els lla\u00e7os de la comunitat, perqu\u00e8 el que li passa a un tamb\u00e9 els passa a altres\u201d. Una frase que explica b\u00e9 qu\u00e8 s\u00f3n les arpilleres i que \u00e9s de Roberta Bacic, investigadora en drets humans i la col\u00b7leccionista m\u00e9s important del m\u00f3n en aquest camp (per cert, bona amiga del grup d\u2019arpilleres de l\u2019Ateneu).<\/p>\n\n\n\n<p>L\u2019arpillera \u00e9s, en el fons, una invitaci\u00f3 a veure i reveure\u2026 I potser tamb\u00e9 a revisar el nostre barri, la nostra ciutat o poble. I encara que potser l\u2019amabilitat i la suavitat que embolcallen aquestes petites miniatures de vida no ho fan gaire expl\u00edcit, les arpilleres s\u00f3n tamb\u00e9 un toc d\u2019alerta. De vegades tamb\u00e9 un crit d\u2019auxili. I com diu la mostra que es pot visitar a Badalona, una disrupci\u00f3 i, en efecte, tamb\u00e9 una crida decidida a l\u2019acci\u00f3 per una societat m\u00e9s justa i lliure reivindicant lideratges femenins d\u2019aqu\u00ed i d\u2019all\u00e0.<a href=\"https:\/\/liniaxarxa.cat\/#whatsapp\" rel=\"noreferrer noopener\" target=\"_blank\"><\/a><\/p>\n","protected":false},"excerpt":{"rendered":"<p>Oriol Llad\u00f3|31 gener 2022|Veure article a L\u00ednia No hi ha arpillera sense tela (al capdavall, una [&hellip;]<\/p>\n","protected":false},"author":2,"featured_media":61096,"comment_status":"open","ping_status":"open","sticky":false,"template":"","format":"standard","meta":{"footnotes":""},"categories":[787,2],"tags":[28,111],"class_list":["post-52434","post","type-post","status-publish","format-standard","has-post-thumbnail","hentry","category-les-arpilleres","category-premsa","tag-arpilleras","tag-premsa-2"],"_links":{"self":[{"href":"https:\/\/fundacioateneusantroc.org\/es\/wp-json\/wp\/v2\/posts\/52434","targetHints":{"allow":["GET"]}}],"collection":[{"href":"https:\/\/fundacioateneusantroc.org\/es\/wp-json\/wp\/v2\/posts"}],"about":[{"href":"https:\/\/fundacioateneusantroc.org\/es\/wp-json\/wp\/v2\/types\/post"}],"author":[{"embeddable":true,"href":"https:\/\/fundacioateneusantroc.org\/es\/wp-json\/wp\/v2\/users\/2"}],"replies":[{"embeddable":true,"href":"https:\/\/fundacioateneusantroc.org\/es\/wp-json\/wp\/v2\/comments?post=52434"}],"version-history":[{"count":12,"href":"https:\/\/fundacioateneusantroc.org\/es\/wp-json\/wp\/v2\/posts\/52434\/revisions"}],"predecessor-version":[{"id":61098,"href":"https:\/\/fundacioateneusantroc.org\/es\/wp-json\/wp\/v2\/posts\/52434\/revisions\/61098"}],"wp:featuredmedia":[{"embeddable":true,"href":"https:\/\/fundacioateneusantroc.org\/es\/wp-json\/wp\/v2\/media\/61096"}],"wp:attachment":[{"href":"https:\/\/fundacioateneusantroc.org\/es\/wp-json\/wp\/v2\/media?parent=52434"}],"wp:term":[{"taxonomy":"category","embeddable":true,"href":"https:\/\/fundacioateneusantroc.org\/es\/wp-json\/wp\/v2\/categories?post=52434"},{"taxonomy":"post_tag","embeddable":true,"href":"https:\/\/fundacioateneusantroc.org\/es\/wp-json\/wp\/v2\/tags?post=52434"}],"curies":[{"name":"wp","href":"https:\/\/api.w.org\/{rel}","templated":true}]}}