{"id":52771,"date":"2022-04-05T08:39:50","date_gmt":"2022-04-05T06:39:50","guid":{"rendered":"https:\/\/fundacioateneusantroc.org\/?p=52771"},"modified":"2023-07-14T12:17:59","modified_gmt":"2023-07-14T10:17:59","slug":"el-cor-reprenem-la-formacio","status":"publish","type":"post","link":"https:\/\/fundacioateneusantroc.org\/es\/el-cor-reprenem-la-formacio\/","title":{"rendered":"El cor&#8230; reprenem la formaci\u00f3"},"content":{"rendered":"\n<p>Despr\u00e9s de dos anys sense formaci\u00f3,&nbsp; el cor de l\u2019Ateneu repr\u00e8n les sessions matinals de dissabte on es combina la formaci\u00f3 i els assaigs. El passat 2 d\u2019abril els membres del cor es van reunir a les 10 del mat\u00ed al sal\u00f3 de l\u2019Ateneu per compartir esmorzar. En aquesta ocasi\u00f3 preparat per la corda de sopranos, aprofitem l\u2019avinentesa per donar les gr\u00e0cies a les components que van parar una taula ben variada i llaminera.<\/p>\n\n\n\n<p>A partir de les 10.30 h comen\u00e7ava la diada formativa. Per cordes, van treballar alguns aspectes de t\u00e8cnica vocal guiats per la Maria Millet. Aturem-nos un moment per con\u00e8ixer a la Maria. Es va presentar com a cantant i pianista i, alhora,\u00a0 professora de cant i directora-fundadora de l\u2019escola de m\u00fasica <em>Vocal Coash Barcelona<\/em>. A m\u00e9s ha viscut a Nova York i Brasil per contactar amb tota mena de m\u00fasica. Amb aquest bagatge era f\u00e0cil suposar que passar\u00edem\u00a0 una bona estona.<\/p>\n\n\n\n<p>A m\u00e9s d\u2019una breu explicaci\u00f3 te\u00f2rica de com es produeix la veu humana, la Maria ens va fer comprovar que tothom t\u00e9 els elements imprescindibles per cantar. Nom\u00e9s fa falta entrenar-los. I aix\u00ed vam saber que la veu es divideix en tres registres b\u00e0sics: la veu de pit, la veu de cap i la veu de xiulet. D\u2019aquesta manera cada tessitura utilitzar\u00e0, sobretot, els dos primers registres segons les seves necessitats.<\/p>\n\n\n\n<p>El mat\u00ed es van completar amb el rep\u00e0s d\u2019algunes de les can\u00e7ons que estem preparant per al proper concert. Esperem que aquestes trobades es continu\u00efn repetint anualment, \u00e9s una altra manera de compartir plegats noves experi\u00e8ncies musicals.<\/p>\n\n\n\n<figure class=\"wp-block-gallery columns-2 is-cropped wp-block-gallery-1 is-layout-flex wp-block-gallery-is-layout-flex\"><ul class=\"blocks-gallery-grid\"><li class=\"blocks-gallery-item\"><figure><img loading=\"lazy\" decoding=\"async\" width=\"1024\" height=\"768\" src=\"https:\/\/fundacioateneusantroc.org\/wp-content\/uploads\/2022-cor-1-1024x768.jpg\" alt=\"\" data-id=\"52776\" data-full-url=\"https:\/\/fundacioateneusantroc.org\/wp-content\/uploads\/2022-cor-1.jpg\" data-link=\"https:\/\/fundacioateneusantroc.org\/?attachment_id=52776\" class=\"wp-image-52776\" srcset=\"https:\/\/fundacioateneusantroc.org\/wp-content\/uploads\/2022-cor-1-1024x768.jpg 1024w, https:\/\/fundacioateneusantroc.org\/wp-content\/uploads\/2022-cor-1-300x225.jpg 300w, https:\/\/fundacioateneusantroc.org\/wp-content\/uploads\/2022-cor-1-768x576.jpg 768w, https:\/\/fundacioateneusantroc.org\/wp-content\/uploads\/2022-cor-1.jpg 1200w\" sizes=\"auto, (max-width: 1024px) 100vw, 1024px\" \/><\/figure><\/li><li class=\"blocks-gallery-item\"><figure><img loading=\"lazy\" decoding=\"async\" width=\"1024\" height=\"768\" src=\"https:\/\/fundacioateneusantroc.org\/wp-content\/uploads\/2022-cor-2-1024x768.jpg\" alt=\"\" data-id=\"52772\" data-full-url=\"https:\/\/fundacioateneusantroc.org\/wp-content\/uploads\/2022-cor-2.jpg\" data-link=\"https:\/\/fundacioateneusantroc.org\/?attachment_id=52772\" class=\"wp-image-52772\" srcset=\"https:\/\/fundacioateneusantroc.org\/wp-content\/uploads\/2022-cor-2-1024x768.jpg 1024w, https:\/\/fundacioateneusantroc.org\/wp-content\/uploads\/2022-cor-2-300x225.jpg 300w, https:\/\/fundacioateneusantroc.org\/wp-content\/uploads\/2022-cor-2-768x576.jpg 768w, https:\/\/fundacioateneusantroc.org\/wp-content\/uploads\/2022-cor-2.jpg 1200w\" sizes=\"auto, (max-width: 1024px) 100vw, 1024px\" \/><\/figure><\/li><li class=\"blocks-gallery-item\"><figure><img loading=\"lazy\" decoding=\"async\" width=\"1024\" height=\"768\" src=\"https:\/\/fundacioateneusantroc.org\/wp-content\/uploads\/2022-cor-3-1024x768.jpg\" alt=\"\" data-id=\"52778\" data-full-url=\"https:\/\/fundacioateneusantroc.org\/wp-content\/uploads\/2022-cor-3.jpg\" data-link=\"https:\/\/fundacioateneusantroc.org\/?attachment_id=52778\" class=\"wp-image-52778\" srcset=\"https:\/\/fundacioateneusantroc.org\/wp-content\/uploads\/2022-cor-3-1024x768.jpg 1024w, https:\/\/fundacioateneusantroc.org\/wp-content\/uploads\/2022-cor-3-300x225.jpg 300w, https:\/\/fundacioateneusantroc.org\/wp-content\/uploads\/2022-cor-3-768x576.jpg 768w, https:\/\/fundacioateneusantroc.org\/wp-content\/uploads\/2022-cor-3.jpg 1200w\" sizes=\"auto, (max-width: 1024px) 100vw, 1024px\" \/><\/figure><\/li><\/ul><\/figure>\n","protected":false},"excerpt":{"rendered":"<p>Despr\u00e9s de dos anys sense formaci\u00f3,&nbsp; el cor de l\u2019Ateneu repr\u00e8n les sessions matinals de dissabte [&hellip;]<\/p>\n","protected":false},"author":2,"featured_media":52774,"comment_status":"open","ping_status":"open","sticky":false,"template":"","format":"standard","meta":{"footnotes":""},"categories":[1],"tags":[621,734],"class_list":["post-52771","post","type-post","status-publish","format-standard","has-post-thumbnail","hentry","category-actualitat","tag-cor-de-lateneu","tag-dinamitzacio-sociocultural"],"_links":{"self":[{"href":"https:\/\/fundacioateneusantroc.org\/es\/wp-json\/wp\/v2\/posts\/52771","targetHints":{"allow":["GET"]}}],"collection":[{"href":"https:\/\/fundacioateneusantroc.org\/es\/wp-json\/wp\/v2\/posts"}],"about":[{"href":"https:\/\/fundacioateneusantroc.org\/es\/wp-json\/wp\/v2\/types\/post"}],"author":[{"embeddable":true,"href":"https:\/\/fundacioateneusantroc.org\/es\/wp-json\/wp\/v2\/users\/2"}],"replies":[{"embeddable":true,"href":"https:\/\/fundacioateneusantroc.org\/es\/wp-json\/wp\/v2\/comments?post=52771"}],"version-history":[{"count":2,"href":"https:\/\/fundacioateneusantroc.org\/es\/wp-json\/wp\/v2\/posts\/52771\/revisions"}],"predecessor-version":[{"id":52781,"href":"https:\/\/fundacioateneusantroc.org\/es\/wp-json\/wp\/v2\/posts\/52771\/revisions\/52781"}],"wp:featuredmedia":[{"embeddable":true,"href":"https:\/\/fundacioateneusantroc.org\/es\/wp-json\/wp\/v2\/media\/52774"}],"wp:attachment":[{"href":"https:\/\/fundacioateneusantroc.org\/es\/wp-json\/wp\/v2\/media?parent=52771"}],"wp:term":[{"taxonomy":"category","embeddable":true,"href":"https:\/\/fundacioateneusantroc.org\/es\/wp-json\/wp\/v2\/categories?post=52771"},{"taxonomy":"post_tag","embeddable":true,"href":"https:\/\/fundacioateneusantroc.org\/es\/wp-json\/wp\/v2\/tags?post=52771"}],"curies":[{"name":"wp","href":"https:\/\/api.w.org\/{rel}","templated":true}]}}