{"id":52938,"date":"2022-04-30T06:55:14","date_gmt":"2022-04-30T04:55:14","guid":{"rendered":"https:\/\/fundacioateneusantroc.org\/?p=52938"},"modified":"2024-07-15T22:28:49","modified_gmt":"2024-07-15T20:28:49","slug":"un-rapsodes-molt-esperat","status":"publish","type":"post","link":"https:\/\/fundacioateneusantroc.org\/es\/un-rapsodes-molt-esperat\/","title":{"rendered":"Un &#8220;Rapsodes&#8221; molt esperat"},"content":{"rendered":"\n<p>El dimecres, 27 d\u2019abril, en el marc de la diada de Sant Jordi, hem celebrat la setena edici\u00f3 del concurs de Rapsodes a l\u2019Ateneu, una data molt esperada despr\u00e9s de la pausa obligada per la situaci\u00f3 de pand\u00e8mia.<\/p>\n\n\n\n<p>Infants, joves i educadors\/es hem viscut una tarda liter\u00e0ria on s\u2019han recitat poemes, alguns de creaci\u00f3 pr\u00f2pia.<\/p>\n\n\n\n<p>Aquest curs, hem recuperat la iniciativa de dur a terme unes sessions pr\u00e8vies on els i les joves han preparat els textos pel concurs i han aprofundit en la t\u00e8cnica de la creaci\u00f3 po\u00e8tica.<\/p>\n\n\n\n<p>Ha estat una tarda molt especial pels participants del projecte Llegim, espai on, durant el curs, infants de l\u2019Aula Oberta han practicat la lectura en catal\u00e0 acompanyats d\u2019alguns\/es joves del Centre Obert.<\/p>\n\n\n\n<p>El desenvolupament de l\u2019acte ha estat molt emotiu i ha comptat amb una actuaci\u00f3 musical mentre el jurat, format per Maite Do\u00f1\u00e1gueda, Coloma Lleal i Fatima Bohuaja, deliberava els guanyadors\/es.<\/p>\n\n\n\n<p>Una presentaci\u00f3 amena, premis amb nom d\u2019escriptora, llibres i somriures, tamb\u00e9 algunes flors. Fins i tot, un <em>micro obert<\/em>! <\/p>\n\n\n\n<p>Tamb\u00e9 hem comptat amb l&#8217;actuaci\u00f3 de la Cl\u00e0udia i en Mart\u00ed Fleta, que han interpretat dues peces musicals amb clarinet i guitarra. L\u2019acte ha esdevingut una festa de la literatura per grans i petits.<\/p>\n\n\n\n<p>Fins a l\u2019any que ve!<\/p>\n\n\n\n<figure class=\"wp-block-embed is-type-video is-provider-youtube wp-block-embed-youtube wp-embed-aspect-16-9 wp-has-aspect-ratio\"><div class=\"wp-block-embed__wrapper\">\n<iframe loading=\"lazy\" title=\"Rapsodes 2022\" width=\"500\" height=\"281\" src=\"https:\/\/www.youtube.com\/embed\/JNAV6BOvZls?feature=oembed\" frameborder=\"0\" allow=\"accelerometer; autoplay; clipboard-write; encrypted-media; gyroscope; picture-in-picture; web-share\" referrerpolicy=\"strict-origin-when-cross-origin\" allowfullscreen><\/iframe>\n<\/div><\/figure>\n","protected":false},"excerpt":{"rendered":"<p>El dimecres, 27 d\u2019abril, en el marc de la diada de Sant Jordi, hem celebrat la [&hellip;]<\/p>\n","protected":false},"author":2,"featured_media":52941,"comment_status":"open","ping_status":"open","sticky":false,"template":"","format":"standard","meta":{"footnotes":""},"categories":[1],"tags":[1609],"class_list":["post-52938","post","type-post","status-publish","format-standard","has-post-thumbnail","hentry","category-actualitat","tag-centre-obert-joves"],"_links":{"self":[{"href":"https:\/\/fundacioateneusantroc.org\/es\/wp-json\/wp\/v2\/posts\/52938","targetHints":{"allow":["GET"]}}],"collection":[{"href":"https:\/\/fundacioateneusantroc.org\/es\/wp-json\/wp\/v2\/posts"}],"about":[{"href":"https:\/\/fundacioateneusantroc.org\/es\/wp-json\/wp\/v2\/types\/post"}],"author":[{"embeddable":true,"href":"https:\/\/fundacioateneusantroc.org\/es\/wp-json\/wp\/v2\/users\/2"}],"replies":[{"embeddable":true,"href":"https:\/\/fundacioateneusantroc.org\/es\/wp-json\/wp\/v2\/comments?post=52938"}],"version-history":[{"count":1,"href":"https:\/\/fundacioateneusantroc.org\/es\/wp-json\/wp\/v2\/posts\/52938\/revisions"}],"predecessor-version":[{"id":52939,"href":"https:\/\/fundacioateneusantroc.org\/es\/wp-json\/wp\/v2\/posts\/52938\/revisions\/52939"}],"wp:featuredmedia":[{"embeddable":true,"href":"https:\/\/fundacioateneusantroc.org\/es\/wp-json\/wp\/v2\/media\/52941"}],"wp:attachment":[{"href":"https:\/\/fundacioateneusantroc.org\/es\/wp-json\/wp\/v2\/media?parent=52938"}],"wp:term":[{"taxonomy":"category","embeddable":true,"href":"https:\/\/fundacioateneusantroc.org\/es\/wp-json\/wp\/v2\/categories?post=52938"},{"taxonomy":"post_tag","embeddable":true,"href":"https:\/\/fundacioateneusantroc.org\/es\/wp-json\/wp\/v2\/tags?post=52938"}],"curies":[{"name":"wp","href":"https:\/\/api.w.org\/{rel}","templated":true}]}}