{"id":53017,"date":"2022-06-15T17:58:07","date_gmt":"2022-06-15T15:58:07","guid":{"rendered":"https:\/\/fundacioateneusantroc.org\/?p=53017"},"modified":"2024-07-15T17:24:42","modified_gmt":"2024-07-15T15:24:42","slug":"yassmine-tachrifet","status":"publish","type":"post","link":"https:\/\/fundacioateneusantroc.org\/es\/yassmine-tachrifet\/","title":{"rendered":"Yassmine Tachrifet"},"content":{"rendered":"\n<p>Coneixeu a la Yassmine? A l&#8217;Ateneu hem tingut la sort de compartir la seva inf\u00e0ncia i adolesc\u00e8ncia i viure amb ella alguns dels seus aprenentatges, el seu creixement i la seva transformaci\u00f3 en una estudiant amb molt de futur i una persona fant\u00e0stica!<\/p>\n\n\n\n<p>Va comen\u00e7ar al Centre obert infantil als cinc anys. Era una nena molt riallera i, a vegades, quan se li ficava una cosa al cap, recordem amb molta estima que era una mica tossuda. Aix\u00f2 s\u00ed, molt respectuosa i carinyosa amb les educadores!<\/p>\n\n\n\n<p>Fent mem\u00f2ria, recordem com cuidava de les germanes (totes han passat per l&#8217;Ateneu), era molt responsable amb elles, les cuidava, les defensava&#8230; Temps despr\u00e9s, vam compartir amb ella aquesta perseveran\u00e7a al Centre obert Joves, dia rere dia amb els seus llibres de Batxillerat, seient a fer esquemes, resums&#8230; sempre enfeinada.<\/p>\n\n\n\n<p>Aquests s\u00f3n uns dels seus millors talents, la mirada clara, l\u2019actitud desperta i el somriure llest. Veure-la entrar per l&#8217;Ateneu \u00e9s com sentir l&#8217;aire fresc, sempre atenta, preocupada pels altres, disposada a noves propostes! Sempre t\u00e9 idees i \u00e9s la primera a anar per feina!<\/p>\n\n\n\n<p>I \u00e9s que el seu vincle amb l&#8217;Ateneu ha estat sempre tan significatiu que, cursant el CFGM d&#8217;Integraci\u00f3 Social, va decidir fer les pr\u00e0ctiques amb nosaltres. Durant uns mesos, hem compartit amb ella de tu a tu al projecte Formaci\u00f3 de dones Laila i a l&#8217;Espai familiar Elna. I hem vist com el vincle educadores i jove s&#8217;ha transformat en una relaci\u00f3 de cooperaci\u00f3 i responsabilitat en la feina di\u00e0ria.<\/p>\n\n\n\n<p>La Yassmine sempre ha parlat amb molt carinyo de l&#8217;Ateneu, i nosaltres hem estat testimonis d&#8217;aquesta estimaci\u00f3 i comprom\u00eds durant tot el seu proc\u00e9s.<\/p>\n\n\n\n<p>Et desitgem un futur ple de noves experi\u00e8ncies i que sempre que tu vulguis, aqu\u00ed estem per compartir-les amb tu!<\/p>\n\n\n\n<p class=\"has-text-align-right\"><em>Maite Do\u00f1\u00e1gueda i Ana Triano (19 de juny de 2022)<\/em><\/p>\n","protected":false},"excerpt":{"rendered":"<p>Coneixeu a la Yassmine? A l&#8217;Ateneu hem tingut la sort de compartir la seva inf\u00e0ncia i [&hellip;]<\/p>\n","protected":false},"author":2,"featured_media":61263,"comment_status":"open","ping_status":"open","sticky":false,"template":"","format":"standard","meta":{"footnotes":""},"categories":[1089,1],"tags":[282,1609,147],"class_list":["post-53017","post","type-post","status-publish","format-standard","has-post-thumbnail","hentry","category-retrats","category-actualitat","tag-centre-obert-infantil","tag-centre-obert-joves","tag-voluntariat"],"_links":{"self":[{"href":"https:\/\/fundacioateneusantroc.org\/es\/wp-json\/wp\/v2\/posts\/53017","targetHints":{"allow":["GET"]}}],"collection":[{"href":"https:\/\/fundacioateneusantroc.org\/es\/wp-json\/wp\/v2\/posts"}],"about":[{"href":"https:\/\/fundacioateneusantroc.org\/es\/wp-json\/wp\/v2\/types\/post"}],"author":[{"embeddable":true,"href":"https:\/\/fundacioateneusantroc.org\/es\/wp-json\/wp\/v2\/users\/2"}],"replies":[{"embeddable":true,"href":"https:\/\/fundacioateneusantroc.org\/es\/wp-json\/wp\/v2\/comments?post=53017"}],"version-history":[{"count":4,"href":"https:\/\/fundacioateneusantroc.org\/es\/wp-json\/wp\/v2\/posts\/53017\/revisions"}],"predecessor-version":[{"id":65964,"href":"https:\/\/fundacioateneusantroc.org\/es\/wp-json\/wp\/v2\/posts\/53017\/revisions\/65964"}],"wp:featuredmedia":[{"embeddable":true,"href":"https:\/\/fundacioateneusantroc.org\/es\/wp-json\/wp\/v2\/media\/61263"}],"wp:attachment":[{"href":"https:\/\/fundacioateneusantroc.org\/es\/wp-json\/wp\/v2\/media?parent=53017"}],"wp:term":[{"taxonomy":"category","embeddable":true,"href":"https:\/\/fundacioateneusantroc.org\/es\/wp-json\/wp\/v2\/categories?post=53017"},{"taxonomy":"post_tag","embeddable":true,"href":"https:\/\/fundacioateneusantroc.org\/es\/wp-json\/wp\/v2\/tags?post=53017"}],"curies":[{"name":"wp","href":"https:\/\/api.w.org\/{rel}","templated":true}]}}