{"id":53661,"date":"2022-05-30T21:14:16","date_gmt":"2022-05-30T19:14:16","guid":{"rendered":"https:\/\/fundacioateneusantroc.org\/?p=53661"},"modified":"2023-07-14T12:17:48","modified_gmt":"2023-07-14T10:17:48","slug":"sol-fa-nits-de-festa-amor-pau-i-llibertat","status":"publish","type":"post","link":"https:\/\/fundacioateneusantroc.org\/es\/sol-fa-nits-de-festa-amor-pau-i-llibertat\/","title":{"rendered":"Sol, fa nits de festa: amor, pau i llibertat"},"content":{"rendered":"\n<p>\u201cVola pensament\u201d, aix\u00ed comen\u00e7ava l\u2019\u00faltima can\u00e7\u00f3 del concert del passat 27 de maig del Cor de l\u2019Ateneu Sant Roc. \u201cVa pensiero\u201d \u00e9s el t\u00edtol del cant dels esclaus de Nabucco (G. Verdi) que ens convida a sumar-nos a tots aquells que al llarg de la hist\u00f2ria han patit exili i creure que la m\u00fasica pot infondre coratge al patiment.<\/p>\n\n\n\n<p>El concert <strong><em>Sol, Fa nits de festa<\/em><\/strong> volia transmetre emocions per\u00f2 alhora reflexionar sobre temes universals de la humanitat. Per aix\u00f2, el concert va intercalar m\u00fasica i poesia i el programa es va organitzar en dos blocs.<\/p>\n\n\n\n<p>Un primer bloc dedicat a l\u2019amor, amb els Nocturns de Mozart i una selecci\u00f3 de \u201cboleros\u201d. L\u2019amor, sentiment que volem experimentar al llarg de la vida i que ens aporta tantes alegries per\u00f2 tamb\u00e9 tantes angoixes. L\u2019enyoran\u00e7a de la persona estimada, la seva p\u00e8rdua o el desengany inunden el \u201ccor\u201d al igual que la passi\u00f3 i el desig. I, aix\u00ed, la m\u00fasica va fluir i va impregnar l\u2019\u00e0nima dels assistents, per veure\u2019ns reflectits en el mirall dels records.<\/p>\n\n\n\n<p>El segon bloc del concert es va centrar en dos desitjos universals: la llibertat i la pau. La capacitat d\u2019escollir, de no estar sotm\u00e8s a cap autoritat o poder \u00e9s com diu Cervantes: <em>\u201cUno de los m\u00e1s preciosos dones que a los Hombres dieron los Cielos; con ella no pueden igualarse los tesoros que encierra la tierra, ni el mar encubre; por la libertad [\u00b7\u00b7\u00b7] se puede y se debe aventurar la vida\u201d<\/em>, per aix\u00f2 continuem cantant a la llibertat desitjada i sempre anhelada. Per acabar el concert, el cor va interpretar tres can\u00e7ons dedicades a la pau. Can\u00e7ons emblem\u00e0tiques en contra de qualsevol tipus de viol\u00e8ncia i que continuen plenament vigents. Perqu\u00e8 hem de continuar \u201cimaginant\u201d un m\u00f3n en pau, \u201cdonant-nos la pau\u201d i vivint all\u00e0 on hem decidit, sense cap tipus d\u2019imposici\u00f3.<\/p>\n\n\n\n<p>Gr\u00e0cies al Cor de l\u2019Ateneu per fer-nos somiar que la fraternitat \u00e9s possible i que un m\u00f3n millor est\u00e0 a l\u2019abast de tothom. Potser la m\u00fasica i la paraula s\u00f3n un bon cam\u00ed per afegir-nos a aquest desig.<\/p>\n\n\n\n<p>Finalment, agrair a l\u2019Ateneu Sant Roc l\u2019organitzaci\u00f3 d\u2019aquest \u00faltim acte de les festes de maig i, a tots els membres del Cor, el seu comprom\u00eds i entusiasme. <\/p>\n\n\n\n<p>Gr\u00e0cies, Marta i Maria, per la vostra implicaci\u00f3 i dedicaci\u00f3.<\/p>\n\n\n\n<figure class=\"wp-block-gallery columns-3 is-cropped wp-block-gallery-1 is-layout-flex wp-block-gallery-is-layout-flex\"><ul class=\"blocks-gallery-grid\"><li class=\"blocks-gallery-item\"><figure><img loading=\"lazy\" decoding=\"async\" width=\"1024\" height=\"683\" src=\"https:\/\/fundacioateneusantroc.org\/wp-content\/uploads\/2022solfanitsdefesta-03-1024x683.jpg\" alt=\"\" data-id=\"53667\" data-full-url=\"https:\/\/fundacioateneusantroc.org\/wp-content\/uploads\/2022solfanitsdefesta-03.jpg\" data-link=\"https:\/\/fundacioateneusantroc.org\/?attachment_id=53667\" class=\"wp-image-53667\" srcset=\"https:\/\/fundacioateneusantroc.org\/wp-content\/uploads\/2022solfanitsdefesta-03-1024x683.jpg 1024w, https:\/\/fundacioateneusantroc.org\/wp-content\/uploads\/2022solfanitsdefesta-03-300x200.jpg 300w, https:\/\/fundacioateneusantroc.org\/wp-content\/uploads\/2022solfanitsdefesta-03-768x512.jpg 768w, https:\/\/fundacioateneusantroc.org\/wp-content\/uploads\/2022solfanitsdefesta-03.jpg 1302w\" sizes=\"auto, (max-width: 1024px) 100vw, 1024px\" \/><\/figure><\/li><li class=\"blocks-gallery-item\"><figure><img loading=\"lazy\" decoding=\"async\" width=\"1024\" height=\"640\" src=\"https:\/\/fundacioateneusantroc.org\/wp-content\/uploads\/2022solfanitsdefesta-02-1024x640.jpg\" alt=\"\" data-id=\"53665\" data-full-url=\"https:\/\/fundacioateneusantroc.org\/wp-content\/uploads\/2022solfanitsdefesta-02.jpg\" data-link=\"https:\/\/fundacioateneusantroc.org\/?attachment_id=53665\" class=\"wp-image-53665\" srcset=\"https:\/\/fundacioateneusantroc.org\/wp-content\/uploads\/2022solfanitsdefesta-02-1024x640.jpg 1024w, https:\/\/fundacioateneusantroc.org\/wp-content\/uploads\/2022solfanitsdefesta-02-300x188.jpg 300w, https:\/\/fundacioateneusantroc.org\/wp-content\/uploads\/2022solfanitsdefesta-02-768x480.jpg 768w, https:\/\/fundacioateneusantroc.org\/wp-content\/uploads\/2022solfanitsdefesta-02.jpg 1280w\" sizes=\"auto, (max-width: 1024px) 100vw, 1024px\" \/><\/figure><\/li><li class=\"blocks-gallery-item\"><figure><img loading=\"lazy\" decoding=\"async\" width=\"1024\" height=\"683\" src=\"https:\/\/fundacioateneusantroc.org\/wp-content\/uploads\/2022solfanitsdefesta-04-1024x683.jpg\" alt=\"\" data-id=\"53669\" data-full-url=\"https:\/\/fundacioateneusantroc.org\/wp-content\/uploads\/2022solfanitsdefesta-04.jpg\" data-link=\"https:\/\/fundacioateneusantroc.org\/?attachment_id=53669\" class=\"wp-image-53669\" srcset=\"https:\/\/fundacioateneusantroc.org\/wp-content\/uploads\/2022solfanitsdefesta-04-1024x683.jpg 1024w, https:\/\/fundacioateneusantroc.org\/wp-content\/uploads\/2022solfanitsdefesta-04-300x200.jpg 300w, https:\/\/fundacioateneusantroc.org\/wp-content\/uploads\/2022solfanitsdefesta-04-768x512.jpg 768w, https:\/\/fundacioateneusantroc.org\/wp-content\/uploads\/2022solfanitsdefesta-04.jpg 1302w\" sizes=\"auto, (max-width: 1024px) 100vw, 1024px\" \/><\/figure><\/li><li class=\"blocks-gallery-item\"><figure><img loading=\"lazy\" decoding=\"async\" width=\"1024\" height=\"683\" src=\"https:\/\/fundacioateneusantroc.org\/wp-content\/uploads\/2022solfanitsdefesta-05-1024x683.jpg\" alt=\"\" data-id=\"53671\" data-full-url=\"https:\/\/fundacioateneusantroc.org\/wp-content\/uploads\/2022solfanitsdefesta-05.jpg\" data-link=\"https:\/\/fundacioateneusantroc.org\/?attachment_id=53671\" class=\"wp-image-53671\" srcset=\"https:\/\/fundacioateneusantroc.org\/wp-content\/uploads\/2022solfanitsdefesta-05-1024x683.jpg 1024w, https:\/\/fundacioateneusantroc.org\/wp-content\/uploads\/2022solfanitsdefesta-05-300x200.jpg 300w, https:\/\/fundacioateneusantroc.org\/wp-content\/uploads\/2022solfanitsdefesta-05-768x512.jpg 768w, https:\/\/fundacioateneusantroc.org\/wp-content\/uploads\/2022solfanitsdefesta-05.jpg 1302w\" sizes=\"auto, (max-width: 1024px) 100vw, 1024px\" \/><\/figure><\/li><li class=\"blocks-gallery-item\"><figure><img loading=\"lazy\" decoding=\"async\" width=\"1024\" height=\"683\" src=\"https:\/\/fundacioateneusantroc.org\/wp-content\/uploads\/2022solfanitsdefesta-06-1024x683.jpg\" alt=\"\" data-id=\"53673\" data-full-url=\"https:\/\/fundacioateneusantroc.org\/wp-content\/uploads\/2022solfanitsdefesta-06.jpg\" data-link=\"https:\/\/fundacioateneusantroc.org\/?attachment_id=53673\" class=\"wp-image-53673\" srcset=\"https:\/\/fundacioateneusantroc.org\/wp-content\/uploads\/2022solfanitsdefesta-06-1024x683.jpg 1024w, https:\/\/fundacioateneusantroc.org\/wp-content\/uploads\/2022solfanitsdefesta-06-300x200.jpg 300w, https:\/\/fundacioateneusantroc.org\/wp-content\/uploads\/2022solfanitsdefesta-06-768x512.jpg 768w, https:\/\/fundacioateneusantroc.org\/wp-content\/uploads\/2022solfanitsdefesta-06.jpg 1302w\" sizes=\"auto, (max-width: 1024px) 100vw, 1024px\" \/><\/figure><\/li><li class=\"blocks-gallery-item\"><figure><img loading=\"lazy\" decoding=\"async\" width=\"1024\" height=\"683\" src=\"https:\/\/fundacioateneusantroc.org\/wp-content\/uploads\/2022solfanitsdefesta-07-1024x683.jpg\" alt=\"\" data-id=\"53675\" data-full-url=\"https:\/\/fundacioateneusantroc.org\/wp-content\/uploads\/2022solfanitsdefesta-07.jpg\" data-link=\"https:\/\/fundacioateneusantroc.org\/?attachment_id=53675\" class=\"wp-image-53675\" srcset=\"https:\/\/fundacioateneusantroc.org\/wp-content\/uploads\/2022solfanitsdefesta-07-1024x683.jpg 1024w, https:\/\/fundacioateneusantroc.org\/wp-content\/uploads\/2022solfanitsdefesta-07-300x200.jpg 300w, https:\/\/fundacioateneusantroc.org\/wp-content\/uploads\/2022solfanitsdefesta-07-768x512.jpg 768w, https:\/\/fundacioateneusantroc.org\/wp-content\/uploads\/2022solfanitsdefesta-07.jpg 1302w\" sizes=\"auto, (max-width: 1024px) 100vw, 1024px\" \/><\/figure><\/li><li class=\"blocks-gallery-item\"><figure><img loading=\"lazy\" decoding=\"async\" width=\"1024\" height=\"683\" src=\"https:\/\/fundacioateneusantroc.org\/wp-content\/uploads\/2022solfanitsdefesta-08-1024x683.jpg\" alt=\"\" data-id=\"53677\" data-full-url=\"https:\/\/fundacioateneusantroc.org\/wp-content\/uploads\/2022solfanitsdefesta-08.jpg\" data-link=\"https:\/\/fundacioateneusantroc.org\/?attachment_id=53677\" class=\"wp-image-53677\" srcset=\"https:\/\/fundacioateneusantroc.org\/wp-content\/uploads\/2022solfanitsdefesta-08-1024x683.jpg 1024w, https:\/\/fundacioateneusantroc.org\/wp-content\/uploads\/2022solfanitsdefesta-08-300x200.jpg 300w, https:\/\/fundacioateneusantroc.org\/wp-content\/uploads\/2022solfanitsdefesta-08-768x512.jpg 768w, https:\/\/fundacioateneusantroc.org\/wp-content\/uploads\/2022solfanitsdefesta-08.jpg 1302w\" sizes=\"auto, (max-width: 1024px) 100vw, 1024px\" \/><\/figure><\/li><li class=\"blocks-gallery-item\"><figure><img loading=\"lazy\" decoding=\"async\" width=\"1024\" height=\"683\" src=\"https:\/\/fundacioateneusantroc.org\/wp-content\/uploads\/2022solfanitsdefesta-09-1024x683.jpg\" alt=\"\" data-id=\"53679\" data-full-url=\"https:\/\/fundacioateneusantroc.org\/wp-content\/uploads\/2022solfanitsdefesta-09.jpg\" data-link=\"https:\/\/fundacioateneusantroc.org\/?attachment_id=53679\" class=\"wp-image-53679\" srcset=\"https:\/\/fundacioateneusantroc.org\/wp-content\/uploads\/2022solfanitsdefesta-09-1024x683.jpg 1024w, https:\/\/fundacioateneusantroc.org\/wp-content\/uploads\/2022solfanitsdefesta-09-300x200.jpg 300w, https:\/\/fundacioateneusantroc.org\/wp-content\/uploads\/2022solfanitsdefesta-09-768x512.jpg 768w, https:\/\/fundacioateneusantroc.org\/wp-content\/uploads\/2022solfanitsdefesta-09.jpg 1302w\" sizes=\"auto, (max-width: 1024px) 100vw, 1024px\" \/><\/figure><\/li><li class=\"blocks-gallery-item\"><figure><img loading=\"lazy\" decoding=\"async\" width=\"1024\" height=\"683\" src=\"https:\/\/fundacioateneusantroc.org\/wp-content\/uploads\/2022solfanitsdefesta-010-1024x683.jpg\" alt=\"\" data-id=\"53681\" data-full-url=\"https:\/\/fundacioateneusantroc.org\/wp-content\/uploads\/2022solfanitsdefesta-010.jpg\" data-link=\"https:\/\/fundacioateneusantroc.org\/?attachment_id=53681\" class=\"wp-image-53681\" srcset=\"https:\/\/fundacioateneusantroc.org\/wp-content\/uploads\/2022solfanitsdefesta-010-1024x683.jpg 1024w, https:\/\/fundacioateneusantroc.org\/wp-content\/uploads\/2022solfanitsdefesta-010-300x200.jpg 300w, https:\/\/fundacioateneusantroc.org\/wp-content\/uploads\/2022solfanitsdefesta-010-768x512.jpg 768w, https:\/\/fundacioateneusantroc.org\/wp-content\/uploads\/2022solfanitsdefesta-010.jpg 1302w\" sizes=\"auto, (max-width: 1024px) 100vw, 1024px\" \/><\/figure><\/li><\/ul><\/figure>\n","protected":false},"excerpt":{"rendered":"<p>\u201cVola pensament\u201d, aix\u00ed comen\u00e7ava l\u2019\u00faltima can\u00e7\u00f3 del concert del passat 27 de maig del Cor de [&hellip;]<\/p>\n","protected":false},"author":2,"featured_media":53662,"comment_status":"open","ping_status":"open","sticky":false,"template":"","format":"standard","meta":{"footnotes":""},"categories":[1],"tags":[621,734,1366],"class_list":["post-53661","post","type-post","status-publish","format-standard","has-post-thumbnail","hentry","category-actualitat","tag-cor-de-lateneu","tag-dinamitzacio-sociocultural","tag-festes-de-primavera"],"_links":{"self":[{"href":"https:\/\/fundacioateneusantroc.org\/es\/wp-json\/wp\/v2\/posts\/53661","targetHints":{"allow":["GET"]}}],"collection":[{"href":"https:\/\/fundacioateneusantroc.org\/es\/wp-json\/wp\/v2\/posts"}],"about":[{"href":"https:\/\/fundacioateneusantroc.org\/es\/wp-json\/wp\/v2\/types\/post"}],"author":[{"embeddable":true,"href":"https:\/\/fundacioateneusantroc.org\/es\/wp-json\/wp\/v2\/users\/2"}],"replies":[{"embeddable":true,"href":"https:\/\/fundacioateneusantroc.org\/es\/wp-json\/wp\/v2\/comments?post=53661"}],"version-history":[{"count":5,"href":"https:\/\/fundacioateneusantroc.org\/es\/wp-json\/wp\/v2\/posts\/53661\/revisions"}],"predecessor-version":[{"id":53688,"href":"https:\/\/fundacioateneusantroc.org\/es\/wp-json\/wp\/v2\/posts\/53661\/revisions\/53688"}],"wp:featuredmedia":[{"embeddable":true,"href":"https:\/\/fundacioateneusantroc.org\/es\/wp-json\/wp\/v2\/media\/53662"}],"wp:attachment":[{"href":"https:\/\/fundacioateneusantroc.org\/es\/wp-json\/wp\/v2\/media?parent=53661"}],"wp:term":[{"taxonomy":"category","embeddable":true,"href":"https:\/\/fundacioateneusantroc.org\/es\/wp-json\/wp\/v2\/categories?post=53661"},{"taxonomy":"post_tag","embeddable":true,"href":"https:\/\/fundacioateneusantroc.org\/es\/wp-json\/wp\/v2\/tags?post=53661"}],"curies":[{"name":"wp","href":"https:\/\/api.w.org\/{rel}","templated":true}]}}