{"id":55841,"date":"2015-04-23T00:00:00","date_gmt":"2015-04-22T22:00:00","guid":{"rendered":"https:\/\/fundacioateneusantroc.org\/feliz-dia-de-sant-jordi-2\/"},"modified":"2023-07-14T12:27:08","modified_gmt":"2023-07-14T10:27:08","slug":"feliz-dia-de-sant-jordi-2","status":"publish","type":"post","link":"https:\/\/fundacioateneusantroc.org\/es\/feliz-dia-de-sant-jordi-2\/","title":{"rendered":"\u00a1Feliz d\u00eda de Sant Jordi!"},"content":{"rendered":"\n<p>Hoy en la plaza Sant Elias una ma\u00f1ana soleado con 1.400 libros, 2.800 ni\u00f1os y 54 voluntarios comprometidos. Ni\u00f1os con muchas ganas de mirar cuentos, leer y comprar.<\/p>\n\n<p>Adem\u00e1s de la participaci\u00f3n de las escuelas de Badalona Sur acompa\u00f1ados por sus maestros, tambi\u00e9n se han acercado las madres y ni\u00f1os del espacio familiar Elna de l&#8217;Ateneu, Cointegra, la Residencia de Personas mayores de Sant Roc, el Centro Maregassa, los Cursos de lenguna del punto de Tot arrer, UEC, el Aula de soporte del IMSP de Badalona, as\u00ed como vecinos y vecinas.<\/p>\n\n<figure class=\"wp-block-gallery columns-2 is-cropped wp-block-gallery-1 is-layout-flex wp-block-gallery-is-layout-flex\"><ul class=\"blocks-gallery-grid\"><li class=\"blocks-gallery-item\"><figure><img loading=\"lazy\" decoding=\"async\" width=\"510\" height=\"383\" src=\"https:\/\/fundacioateneusantroc.org\/wp-content\/uploads\/santjordi2.jpg\" alt=\"\" data-id=\"11423\" data-full-url=\"https:\/\/fundacioateneusantroc.org\/wp-content\/uploads\/santjordi2.jpg\" data-link=\"https:\/\/fundacioateneusantroc.org\/?attachment_id=11423\" class=\"wp-image-11425\"><\/figure><\/li><li class=\"blocks-gallery-item\"><figure><img loading=\"lazy\" decoding=\"async\" width=\"510\" height=\"383\" src=\"https:\/\/fundacioateneusantroc.org\/wp-content\/uploads\/santjordi22.jpg\" alt=\"\" data-id=\"11432\" data-full-url=\"https:\/\/fundacioateneusantroc.org\/wp-content\/uploads\/santjordi22.jpg\" data-link=\"https:\/\/fundacioateneusantroc.org\/?attachment_id=11432\" class=\"wp-image-11434\"><\/figure><\/li><\/ul><\/figure>\n<p>Moltes gr\u00e0cies a les editorials La Galera, Editorial Mediterr\u00e0nia, La Butxaca, Comanegra, Paidotribo que han col\u00b7laborat amb la donaci\u00f3 de llibres, a l&#8217;AVV del Centre de Badalona, al Consorci Badalona Sud, a tots els participant i als voluntaris perqu\u00e8 hem pogut gaudir junts d&#8217;aquest mat\u00ed.<\/p>\n\n<p><em>25 de abril de 2015<\/em><\/p>\n","protected":false},"excerpt":{"rendered":"<p>Hoy en la plaza Sant Elias una ma\u00f1ana soleado con 1.400 libros, 2.800 ni\u00f1os y 54 [&hellip;]<\/p>\n","protected":false},"author":2,"featured_media":11422,"comment_status":"open","ping_status":"open","sticky":false,"template":"","format":"standard","meta":{"footnotes":""},"categories":[30,1],"tags":[1480,1412,1366,1418,1522,1448],"class_list":["post-55841","post","type-post","status-publish","format-standard","has-post-thumbnail","hentry","category-actualidad","category-actualitat","tag-cohesion-social","tag-dinamizacion-sociocultural","tag-festes-de-primavera","tag-fiestas-de-primavera","tag-leer","tag-sant-jordi-es"],"_links":{"self":[{"href":"https:\/\/fundacioateneusantroc.org\/es\/wp-json\/wp\/v2\/posts\/55841","targetHints":{"allow":["GET"]}}],"collection":[{"href":"https:\/\/fundacioateneusantroc.org\/es\/wp-json\/wp\/v2\/posts"}],"about":[{"href":"https:\/\/fundacioateneusantroc.org\/es\/wp-json\/wp\/v2\/types\/post"}],"author":[{"embeddable":true,"href":"https:\/\/fundacioateneusantroc.org\/es\/wp-json\/wp\/v2\/users\/2"}],"replies":[{"embeddable":true,"href":"https:\/\/fundacioateneusantroc.org\/es\/wp-json\/wp\/v2\/comments?post=55841"}],"version-history":[{"count":4,"href":"https:\/\/fundacioateneusantroc.org\/es\/wp-json\/wp\/v2\/posts\/55841\/revisions"}],"predecessor-version":[{"id":61576,"href":"https:\/\/fundacioateneusantroc.org\/es\/wp-json\/wp\/v2\/posts\/55841\/revisions\/61576"}],"wp:featuredmedia":[{"embeddable":true,"href":"https:\/\/fundacioateneusantroc.org\/es\/wp-json\/wp\/v2\/media\/11422"}],"wp:attachment":[{"href":"https:\/\/fundacioateneusantroc.org\/es\/wp-json\/wp\/v2\/media?parent=55841"}],"wp:term":[{"taxonomy":"category","embeddable":true,"href":"https:\/\/fundacioateneusantroc.org\/es\/wp-json\/wp\/v2\/categories?post=55841"},{"taxonomy":"post_tag","embeddable":true,"href":"https:\/\/fundacioateneusantroc.org\/es\/wp-json\/wp\/v2\/tags?post=55841"}],"curies":[{"name":"wp","href":"https:\/\/api.w.org\/{rel}","templated":true}]}}