{"id":55847,"date":"2014-12-16T00:00:00","date_gmt":"2014-12-15T23:00:00","guid":{"rendered":"https:\/\/fundacioateneusantroc.org\/premio-de-votacion-popular-ateneos-2014-muchas-gracias-por-vuestra-participacion-2\/"},"modified":"2023-07-14T12:27:41","modified_gmt":"2023-07-14T10:27:41","slug":"premio-de-votacion-popular-ateneos-2014-muchas-gracias-por-vuestra-participacion-2","status":"publish","type":"post","link":"https:\/\/fundacioateneusantroc.org\/es\/premio-de-votacion-popular-ateneos-2014-muchas-gracias-por-vuestra-participacion-2\/","title":{"rendered":"Premio de Votaci\u00f3n Popular &#8211; Ateneos 2014: \u00a1Muchas gracias por vuestra participaci\u00f3n!"},"content":{"rendered":"\n<p>Anoche asistimos al Centro Cultural el Born para la entrega de premios &#8220;Ateneos 2014&#8221;.<\/p>\n\n<p>Los proyectos ganadores de la 25\u00aa edici\u00f3n fueron:<\/p>\n\n<ul class=\"wp-block-list\"><li><strong>Premio Jove, proposa!<\/strong> para el Grupo Scout Ermessenda de Carcasonne.<\/li><li><strong>Premio a los medios de comunicaci\u00f3n<\/strong> para &#8220;El fil imaginari&#8221; del Casal Societat La Principal de Vilafranca del Pened\u00e8s.<\/li><li><strong>Premio a la creatividad art\u00edstica<\/strong> para &#8220;Escacs vivents&#8221; del Centre Moral de Arenys de Munt.<\/li><li><strong>Premio a la capacidad de innovaci\u00f3n<\/strong> para &#8220;Jove empr\u00e8n \/ Espai Jove de Treball&#8221; del Centre de Sant Vicen\u00e7 de Sarri\u00e0.<\/li><li><strong>Premio al fomento de la participaci\u00f3n<\/strong> para &#8220;Cartografies sensibles&#8221; Plataforma d\u2019Educaci\u00f3n Social: Salesianos Sant Jordi.<\/li><\/ul>\n<p>Por primera vez y en colaboraci\u00f3n con el Diari Ara, este a\u00f1o se ha creado el <strong>Premio de Votaci\u00f3n Popular<\/strong>. Como ya sab\u00e9is, gracias a su colaboraci\u00f3n, hemos conseguido este premio y cuando hemos ido a recogerlo nos hemos encontrado con una gran sorpresa: <strong>nos han galardonado con el segundo premio en el fomento de la participaci\u00f3n,<\/strong> as\u00ed que doble premio por el proyecto &#8220;Feria de artesan\u00eda&#8221; que juntos, hacemos posible.<\/p>\n\n<p><strong>Queremos compartir la alegr\u00eda con todos vosotros y daros nuevamente las gracias por vuestro inestimable apoyo.<\/strong><\/p>\n\n<p><strong>\u00a1Muchas felicidades a todos!<\/strong><\/p>\n\n<figure class=\"wp-block-image\"><img loading=\"lazy\" decoding=\"async\" width=\"750\" height=\"340\" src=\"https:\/\/fundacioateneusantroc.org\/wp-content\/uploads\/premis.jpg\" alt=\"premios\" class=\"wp-image-9444\" srcset=\"https:\/\/fundacioateneusantroc.org\/wp-content\/uploads\/premis.jpg 750w, https:\/\/fundacioateneusantroc.org\/wp-content\/uploads\/premis-720x326.jpg 720w\" sizes=\"auto, (max-width: 750px) 100vw, 750px\" \/><\/figure>\n<div class=\"wp-block-image\"><figure class=\"aligncenter\"><img loading=\"lazy\" decoding=\"async\" width=\"673\" height=\"986\" src=\"https:\/\/fundacioateneusantroc.org\/wp-content\/uploads\/premi-popular.jpg\" alt=\"\" class=\"wp-image-38456\"><\/figure><\/div>\n\n<p>&gt;&gt;M\u00e1s informaci\u00f3n en Federaci\u00f3 d&#8217;Ateneus de Catalunya: http:\/\/www.ateneus.cat\/25a-edicio-dels-premis-ateneus-oberta-la-convocatoria\/<\/p>\n\n<p>&gt;&gt;M\u00e1s informaci\u00f3n en Diari Ara: <a href=\"http:\/\/www.ara.cat\/cultura\/Premis_Ateneus_0_1267073496.html\" target=\"_blank\" rel=\"noopener noreferrer\">http:\/\/www.ara.cat\/cultura\/Premis_Ateneus_0_1267073496.html<\/a><\/p>\n\n<p><em>16 de diciembre de 2014<\/em><\/p>\n","protected":false},"excerpt":{"rendered":"<p>Anoche asistimos al Centro Cultural el Born para la entrega de premios &#8220;Ateneos 2014&#8221;. Los proyectos [&hellip;]<\/p>\n","protected":false},"author":2,"featured_media":9429,"comment_status":"open","ping_status":"open","sticky":false,"template":"","format":"standard","meta":{"footnotes":""},"categories":[30,1],"tags":[1420,1527,1531],"class_list":["post-55847","post","type-post","status-publish","format-standard","has-post-thumbnail","hentry","category-actualidad","category-actualitat","tag-fira-de-sant-roc-es","tag-participacion","tag-premio"],"_links":{"self":[{"href":"https:\/\/fundacioateneusantroc.org\/es\/wp-json\/wp\/v2\/posts\/55847","targetHints":{"allow":["GET"]}}],"collection":[{"href":"https:\/\/fundacioateneusantroc.org\/es\/wp-json\/wp\/v2\/posts"}],"about":[{"href":"https:\/\/fundacioateneusantroc.org\/es\/wp-json\/wp\/v2\/types\/post"}],"author":[{"embeddable":true,"href":"https:\/\/fundacioateneusantroc.org\/es\/wp-json\/wp\/v2\/users\/2"}],"replies":[{"embeddable":true,"href":"https:\/\/fundacioateneusantroc.org\/es\/wp-json\/wp\/v2\/comments?post=55847"}],"version-history":[{"count":2,"href":"https:\/\/fundacioateneusantroc.org\/es\/wp-json\/wp\/v2\/posts\/55847\/revisions"}],"predecessor-version":[{"id":61599,"href":"https:\/\/fundacioateneusantroc.org\/es\/wp-json\/wp\/v2\/posts\/55847\/revisions\/61599"}],"wp:featuredmedia":[{"embeddable":true,"href":"https:\/\/fundacioateneusantroc.org\/es\/wp-json\/wp\/v2\/media\/9429"}],"wp:attachment":[{"href":"https:\/\/fundacioateneusantroc.org\/es\/wp-json\/wp\/v2\/media?parent=55847"}],"wp:term":[{"taxonomy":"category","embeddable":true,"href":"https:\/\/fundacioateneusantroc.org\/es\/wp-json\/wp\/v2\/categories?post=55847"},{"taxonomy":"post_tag","embeddable":true,"href":"https:\/\/fundacioateneusantroc.org\/es\/wp-json\/wp\/v2\/tags?post=55847"}],"curies":[{"name":"wp","href":"https:\/\/api.w.org\/{rel}","templated":true}]}}