{"id":55884,"date":"2017-03-02T00:00:00","date_gmt":"2017-03-01T23:00:00","guid":{"rendered":"https:\/\/fundacioateneusantroc.org\/despues-de-las-olas-realidad-y-denuncia\/"},"modified":"2023-07-14T12:24:51","modified_gmt":"2023-07-14T10:24:51","slug":"despues-de-las-olas-realidad-y-denuncia","status":"publish","type":"post","link":"https:\/\/fundacioateneusantroc.org\/es\/despues-de-las-olas-realidad-y-denuncia\/","title":{"rendered":"Despu\u00e9s de las olas, realidad y denuncia"},"content":{"rendered":"\n<blockquote class=\"wp-block-quote is-layout-flow wp-block-quote-is-layout-flow\"><p style=\"text-align: center;\">Retoladores, fotograf\u00edas y dos mochilas.<br\/>\nUna tienda de campa\u00f1a, hilos y una pelota.<br\/>\nDibujos, recortes de tela y una valla de alambre.<\/p><\/blockquote>\n\n<p class=\"has-text-align-left\">Diferentes elementos que parecen inconexos pero que en la sala de actos de l\u2019Ateneu nos invitan a reflexionar sobre la situaci\u00f3n de los refugiados en el mundo.<\/p>\n\n<p class=\"has-text-align-left\"><em><a href=\"https:\/\/fundacioateneusantroc.org\/es\/despres-de-les-onades\/\" target=\"_blank\" rel=\"noreferrer noopener\">Despu\u00e9s de las olas<\/a><\/em> es una exposici\u00f3n que quiere hacer VIVIR, VER y CREAR poni\u00e9ndonos en la piel de tantos ni\u00f1os, j\u00f3venes y adultos que se ven abocados a salir de sus casas huyendo de la guerra, del hambre, del miedo\u2026 para iniciar un largo camino. Un camino que acaba llev\u00e1ndolos a un campo de refugiados, a una frontera cerrada con hilados, a un pa\u00eds que los estigmatiza en lugar de acogerlos. Gente que vive inmersa en olas que nunca llegan a buen puerto.<\/p>\n\n<p class=\"has-text-align-left\">Os invitamos a pasear por la exposici\u00f3n, a dejarse llevar por la indignaci\u00f3n, el dolor, el miedo\u2026 A ser testigos de una realidad que nos llega, como las olas, hasta nuestra playa.<\/p>\n\n<h3 class=\"has-text-align-left wp-block-heading\">Interacciones individuales y de los grupos<\/h3>\n\n<p>Grupos de dentro y fuera de l&#8217;Ateneu se han indignado y solidarizado de formas diferentes, como los j\u00f3venes que han pintado cuadros y se han manifestado en Sant Adri\u00e0, los ni\u00f1os y ni\u00f1as del Centro abierto infantil que han elaborado pulseras y las enviar\u00e1n a ni\u00f1os refugiados en Grecia, las mujeres de los talleres de arpilleras y el Espacio familiar Elna que han cosido mu\u00f1ecos de ropa poni\u00e9ndose en la piel de los malogrados protagonistas o todos los grupos de secundaria de la escuela Lestonnac que han hecho sus aportaciones escritas. Tambi\u00e9n cabe destacar que en Navidad, la acogida en Lesbos, fue el tema introductorio al pesebre viviente, los j\u00f3venes hicieron un pesebre y Coloma Lleal escribi\u00f3 un emotivo poema.<\/p>\n\n<figure class=\"wp-block-gallery columns-4 is-cropped wp-block-gallery-1 is-layout-flex wp-block-gallery-is-layout-flex\"><ul class=\"blocks-gallery-grid\"><li class=\"blocks-gallery-item\"><figure><a href=\"https:\/\/fundacioateneusantroc.org\/?attachment_id=26708\"><img loading=\"lazy\" decoding=\"async\" width=\"700\" height=\"467\" src=\"https:\/\/fundacioateneusantroc.org\/wp-content\/uploads\/expoONADES1.jpg\" alt=\"\" data-id=\"26708\" data-full-url=\"https:\/\/fundacioateneusantroc.org\/wp-content\/uploads\/expoONADES1.jpg\" data-link=\"https:\/\/fundacioateneusantroc.org\/?attachment_id=26708\" class=\"wp-image-26709\" srcset=\"https:\/\/fundacioateneusantroc.org\/wp-content\/uploads\/expoONADES1.jpg 700w, https:\/\/fundacioateneusantroc.org\/wp-content\/uploads\/expoONADES1-300x200.jpg 300w\" sizes=\"auto, (max-width: 700px) 100vw, 700px\" \/><\/a><\/figure><\/li><li class=\"blocks-gallery-item\"><figure><a href=\"https:\/\/fundacioateneusantroc.org\/?attachment_id=26712\"><img loading=\"lazy\" decoding=\"async\" width=\"700\" height=\"467\" src=\"https:\/\/fundacioateneusantroc.org\/wp-content\/uploads\/expoONADES4.jpg\" alt=\"\" data-id=\"26712\" data-full-url=\"https:\/\/fundacioateneusantroc.org\/wp-content\/uploads\/expoONADES4.jpg\" data-link=\"https:\/\/fundacioateneusantroc.org\/?attachment_id=26712\" class=\"wp-image-26713\" srcset=\"https:\/\/fundacioateneusantroc.org\/wp-content\/uploads\/expoONADES4.jpg 700w, https:\/\/fundacioateneusantroc.org\/wp-content\/uploads\/expoONADES4-300x200.jpg 300w\" sizes=\"auto, (max-width: 700px) 100vw, 700px\" \/><\/a><\/figure><\/li><li class=\"blocks-gallery-item\"><figure><a href=\"https:\/\/fundacioateneusantroc.org\/?attachment_id=26714\"><img loading=\"lazy\" decoding=\"async\" width=\"700\" height=\"449\" src=\"https:\/\/fundacioateneusantroc.org\/wp-content\/uploads\/expoONADES5.jpg\" alt=\"\" data-id=\"26714\" data-full-url=\"https:\/\/fundacioateneusantroc.org\/wp-content\/uploads\/expoONADES5.jpg\" data-link=\"https:\/\/fundacioateneusantroc.org\/?attachment_id=26714\" class=\"wp-image-26715\"><\/a><\/figure><\/li><li class=\"blocks-gallery-item\"><figure><a href=\"https:\/\/fundacioateneusantroc.org\/?attachment_id=26706\"><img loading=\"lazy\" decoding=\"async\" width=\"519\" height=\"1000\" src=\"https:\/\/fundacioateneusantroc.org\/wp-content\/uploads\/COLOMA-LEIAL-2016.jpg\" alt=\"\" data-id=\"26706\" data-full-url=\"https:\/\/fundacioateneusantroc.org\/wp-content\/uploads\/COLOMA-LEIAL-2016.jpg\" data-link=\"https:\/\/fundacioateneusantroc.org\/?attachment_id=26706\" class=\"wp-image-26707\"><\/a><\/figure><\/li><\/ul><\/figure>\n<p><em>2 de marzo de 2017<\/em><\/p>\n","protected":false},"excerpt":{"rendered":"<p>Retoladores, fotograf\u00edas y dos mochilas. Una tienda de campa\u00f1a, hilos y una pelota. Dibujos, recortes de [&hellip;]<\/p>\n","protected":false},"author":4,"featured_media":26720,"comment_status":"open","ping_status":"open","sticky":false,"template":"","format":"standard","meta":{"footnotes":""},"categories":[30,1],"tags":[1473,1491,1500,1536,1451],"class_list":["post-55884","post","type-post","status-publish","format-standard","has-post-thumbnail","hentry","category-actualidad","category-actualitat","tag-arpilleras-es","tag-educacion","tag-exposicion","tag-refugiados","tag-solidaridad-y-cooperacion"],"_links":{"self":[{"href":"https:\/\/fundacioateneusantroc.org\/es\/wp-json\/wp\/v2\/posts\/55884","targetHints":{"allow":["GET"]}}],"collection":[{"href":"https:\/\/fundacioateneusantroc.org\/es\/wp-json\/wp\/v2\/posts"}],"about":[{"href":"https:\/\/fundacioateneusantroc.org\/es\/wp-json\/wp\/v2\/types\/post"}],"author":[{"embeddable":true,"href":"https:\/\/fundacioateneusantroc.org\/es\/wp-json\/wp\/v2\/users\/4"}],"replies":[{"embeddable":true,"href":"https:\/\/fundacioateneusantroc.org\/es\/wp-json\/wp\/v2\/comments?post=55884"}],"version-history":[{"count":8,"href":"https:\/\/fundacioateneusantroc.org\/es\/wp-json\/wp\/v2\/posts\/55884\/revisions"}],"predecessor-version":[{"id":61555,"href":"https:\/\/fundacioateneusantroc.org\/es\/wp-json\/wp\/v2\/posts\/55884\/revisions\/61555"}],"wp:featuredmedia":[{"embeddable":true,"href":"https:\/\/fundacioateneusantroc.org\/es\/wp-json\/wp\/v2\/media\/26720"}],"wp:attachment":[{"href":"https:\/\/fundacioateneusantroc.org\/es\/wp-json\/wp\/v2\/media?parent=55884"}],"wp:term":[{"taxonomy":"category","embeddable":true,"href":"https:\/\/fundacioateneusantroc.org\/es\/wp-json\/wp\/v2\/categories?post=55884"},{"taxonomy":"post_tag","embeddable":true,"href":"https:\/\/fundacioateneusantroc.org\/es\/wp-json\/wp\/v2\/tags?post=55884"}],"curies":[{"name":"wp","href":"https:\/\/api.w.org\/{rel}","templated":true}]}}