{"id":57291,"date":"2001-07-02T11:25:38","date_gmt":"2001-07-02T09:25:38","guid":{"rendered":"https:\/\/fundacioateneusantroc.org\/als-limits-6-un-verano-para-todos\/"},"modified":"2023-07-14T12:29:09","modified_gmt":"2023-07-14T10:29:09","slug":"als-limits-6","status":"publish","type":"post","link":"https:\/\/fundacioateneusantroc.org\/es\/als-limits-6\/","title":{"rendered":"[ALS L\u00cdMITS 6] Un verano para todos"},"content":{"rendered":"\n<p><span class=\"s1\">Durante los d\u00edas de vacaciones encontramos una serie de actividades que potencian la convivencia, pueden ser o no especializadas, tratarse de intercambios, de campos de trabajo o casales de verano donde el trabajo se realice por los dem\u00e1s (caso de los grupos j\u00f3venes) o bien disfrutar directamente (caso de los m\u00e1s peque\u00f1os).<\/span><\/p>\n\n<p><span class=\"s1\">Las actividades de verano representan un valor muy positivo para el ni\u00f1o a nivel educativo y pedag\u00f3gico. Se trabajan valores, se les hace conseguir un grado de autonom\u00eda dif\u00edcil en otras situaciones&#8230; pero tambi\u00e9n cubrimos una necesidad social. El ni\u00f1o lo pasa bien, que es lo que debe hacer, el resto viene como uno m\u00e1s.<\/span><\/p>\n\n<p><span class=\"s2\"><a href=\"https:\/\/fundacioateneusantroc.org\/wp-content\/uploads\/6estiu01b.pdf\">&gt;&gt;Descargar PDF<\/a><\/span><\/p>\n","protected":false},"excerpt":{"rendered":"<p>Durante los d\u00edas de vacaciones encontramos una serie de actividades que potencian la convivencia, pueden ser [&hellip;]<\/p>\n","protected":false},"author":2,"featured_media":5945,"comment_status":"open","ping_status":"open","sticky":false,"template":"","format":"standard","meta":{"footnotes":""},"categories":[1,646,654],"tags":[],"class_list":["post-57291","post","type-post","status-publish","format-standard","has-post-thumbnail","hentry","category-actualitat","category-articles-dinteres","category-articulos-deinteres-es"],"_links":{"self":[{"href":"https:\/\/fundacioateneusantroc.org\/es\/wp-json\/wp\/v2\/posts\/57291","targetHints":{"allow":["GET"]}}],"collection":[{"href":"https:\/\/fundacioateneusantroc.org\/es\/wp-json\/wp\/v2\/posts"}],"about":[{"href":"https:\/\/fundacioateneusantroc.org\/es\/wp-json\/wp\/v2\/types\/post"}],"author":[{"embeddable":true,"href":"https:\/\/fundacioateneusantroc.org\/es\/wp-json\/wp\/v2\/users\/2"}],"replies":[{"embeddable":true,"href":"https:\/\/fundacioateneusantroc.org\/es\/wp-json\/wp\/v2\/comments?post=57291"}],"version-history":[{"count":6,"href":"https:\/\/fundacioateneusantroc.org\/es\/wp-json\/wp\/v2\/posts\/57291\/revisions"}],"predecessor-version":[{"id":57299,"href":"https:\/\/fundacioateneusantroc.org\/es\/wp-json\/wp\/v2\/posts\/57291\/revisions\/57299"}],"wp:featuredmedia":[{"embeddable":true,"href":"https:\/\/fundacioateneusantroc.org\/es\/wp-json\/wp\/v2\/media\/5945"}],"wp:attachment":[{"href":"https:\/\/fundacioateneusantroc.org\/es\/wp-json\/wp\/v2\/media?parent=57291"}],"wp:term":[{"taxonomy":"category","embeddable":true,"href":"https:\/\/fundacioateneusantroc.org\/es\/wp-json\/wp\/v2\/categories?post=57291"},{"taxonomy":"post_tag","embeddable":true,"href":"https:\/\/fundacioateneusantroc.org\/es\/wp-json\/wp\/v2\/tags?post=57291"}],"curies":[{"name":"wp","href":"https:\/\/api.w.org\/{rel}","templated":true}]}}