{"id":58435,"date":"2022-11-07T09:07:30","date_gmt":"2022-11-07T08:07:30","guid":{"rendered":"https:\/\/fundacioateneusantroc.org\/?p=58435"},"modified":"2024-07-15T22:26:15","modified_gmt":"2024-07-15T20:26:15","slug":"antonio-serrano","status":"publish","type":"post","link":"https:\/\/fundacioateneusantroc.org\/es\/antonio-serrano\/","title":{"rendered":"Antonio Serrano"},"content":{"rendered":"\n<p>Si el veus passar a tota velocitat per un passad\u00eds, no l&#8217;aturis molta estona, segur que va carregat amb els tom\u00e0quets, la llet i el pa, perqu\u00e8 est\u00e0 acabant de preparar els berenars.<\/p>\n\n\n\n<p>Si el veus amb una samarreta tacada, segur que est\u00e0 pintant una sala, les fa\u00e7anes o un passad\u00eds.<\/p>\n\n\n\n<p>Si el veus amb el davantal, ja saps que s\u00f3n les tres de la tarda i va cap a la cuina, a fer entrepans amb tot un &#8220;equip&#8221; que l&#8217;espera.<\/p>\n\n\n\n<p>Si preguntes a les dependentes de la cadena de botigues de roba que col\u00b7labora amb l&#8217;Ateneu, et diran que sempre va&nbsp;apressat, capses amunt, capses avall, amb la furgoneta de l&#8217;Ateneu.<\/p>\n\n\n\n<p>I tamb\u00e9 te&#8217;l trobar\u00e0s com a jurat al concurs de truites del Centre obert, jugant a botxes,&nbsp;donant&nbsp;un cop de m\u00e0 a l&#8217;Ateneu al carrer o participant en alguna reuni\u00f3.<\/p>\n\n\n\n<p>Perqu\u00e8 l&#8217;Antonio \u00e9s d&#8217;aquella gent que ofereix el seu temps a qui ho necessiti.<\/p>\n\n\n\n<p>Amb la veu emocionada, recorda que va entrar a l&#8217;Ateneu de la m\u00e0 de la Nati i el&nbsp;Miguel; ells el van animar a con\u00e8ixer el que&nbsp;f\u00e8iem&nbsp;i,&nbsp;a poc a poc&nbsp;va anar descobrint un munt de possibilitats de col\u00b7laboraci\u00f3. Venia de molts anys de feina a l&#8217;associaci\u00f3 de ve\u00efns d&#8217;Artigas i necessitava un lloc on continuar aportant la seva energia.<\/p>\n\n\n\n<p>I quan es va jubilar, fa ja uns quants anys&#8230; va ser el moment d&#8217;incorporar-se de ple. Si li preguntes per qu\u00e8 est\u00e0 a l&#8217;Ateneu, t&#8217;explica que ell no pot estar sense fer res, que necessita estar actiu i sentir-se \u00fatil; diu que no sap viure sense fer alguna cosa pels altres. Comenta que ja se li apropa l&#8217;hora de jubilar-se de l&#8217;Ateneu que a la seva edat&#8230; per\u00f2 est\u00e0 clar que no!, ens&nbsp;queden encara molts anys de trobar-nos l&#8217;Antonio a cada cantonada.<\/p>\n\n\n\n<p class=\"has-text-align-right\"><em>Pilar L\u00f3pez (7 de novembre de 2022)<\/em><\/p>\n","protected":false},"excerpt":{"rendered":"<p>Si el veus passar a tota velocitat per un passad\u00eds, no l&#8217;aturis molta estona, segur que [&hellip;]<\/p>\n","protected":false},"author":2,"featured_media":61249,"comment_status":"open","ping_status":"open","sticky":false,"template":"","format":"standard","meta":{"footnotes":""},"categories":[1089,1],"tags":[147,744],"class_list":["post-58435","post","type-post","status-publish","format-standard","has-post-thumbnail","hentry","category-retrats","category-actualitat","tag-voluntariat","tag-voluntaris"],"_links":{"self":[{"href":"https:\/\/fundacioateneusantroc.org\/es\/wp-json\/wp\/v2\/posts\/58435","targetHints":{"allow":["GET"]}}],"collection":[{"href":"https:\/\/fundacioateneusantroc.org\/es\/wp-json\/wp\/v2\/posts"}],"about":[{"href":"https:\/\/fundacioateneusantroc.org\/es\/wp-json\/wp\/v2\/types\/post"}],"author":[{"embeddable":true,"href":"https:\/\/fundacioateneusantroc.org\/es\/wp-json\/wp\/v2\/users\/2"}],"replies":[{"embeddable":true,"href":"https:\/\/fundacioateneusantroc.org\/es\/wp-json\/wp\/v2\/comments?post=58435"}],"version-history":[{"count":4,"href":"https:\/\/fundacioateneusantroc.org\/es\/wp-json\/wp\/v2\/posts\/58435\/revisions"}],"predecessor-version":[{"id":59282,"href":"https:\/\/fundacioateneusantroc.org\/es\/wp-json\/wp\/v2\/posts\/58435\/revisions\/59282"}],"wp:featuredmedia":[{"embeddable":true,"href":"https:\/\/fundacioateneusantroc.org\/es\/wp-json\/wp\/v2\/media\/61249"}],"wp:attachment":[{"href":"https:\/\/fundacioateneusantroc.org\/es\/wp-json\/wp\/v2\/media?parent=58435"}],"wp:term":[{"taxonomy":"category","embeddable":true,"href":"https:\/\/fundacioateneusantroc.org\/es\/wp-json\/wp\/v2\/categories?post=58435"},{"taxonomy":"post_tag","embeddable":true,"href":"https:\/\/fundacioateneusantroc.org\/es\/wp-json\/wp\/v2\/tags?post=58435"}],"curies":[{"name":"wp","href":"https:\/\/api.w.org\/{rel}","templated":true}]}}