{"id":58588,"date":"2022-11-24T16:47:45","date_gmt":"2022-11-24T15:47:45","guid":{"rendered":"https:\/\/fundacioateneusantroc.org\/?p=58588"},"modified":"2023-07-14T12:17:33","modified_gmt":"2023-07-14T10:17:33","slug":"premi-carles-capdevila-2022-a-la-trajectoria-de-lesplai-borinot","status":"publish","type":"post","link":"https:\/\/fundacioateneusantroc.org\/es\/premi-carles-capdevila-2022-a-la-trajectoria-de-lesplai-borinot\/","title":{"rendered":"Premi Carles Capdevila 2022, a la traject\u00f2ria de l&#8217;Esplai Borinot"},"content":{"rendered":"\n<div style=\"height:32px\" aria-hidden=\"true\" class=\"wp-block-spacer\"><\/div>\n\n\n\n<p>El premi <a href=\"https:\/\/premicarlescapdevila.ara.cat\/carles\" target=\"_blank\" rel=\"noreferrer noopener\">Carles Capdevila<\/a> va ser creat pel <a href=\"https:\/\/www.ara.cat\/\" target=\"_blank\" rel=\"noreferrer noopener\">diari ARA<\/a>, per tal de mantenir viu el llegat del seu director i fundador. Un homenatge al seu doble comprom\u00eds de posar les eines period\u00edstiques al servei de l&#8217;activitat quotidiana per\u00f2 essencial d&#8217;educar les noves generacions, i a l&#8217;hora, visibilitzar projectes compromesos amb la millora de la societat.<\/p>\n\n\n\n<p>Enguany, en la celebraci\u00f3 del 50 aniversari de l&#8217;Esplai Borinot, ens omple de joia aquest reconeixement a la traject\u00f2ria per la inclusi\u00f3, l\u2019empatia, la solidaritat i la valentia, a l&#8217;hora que ens encoratja a continuar la nostra tasca per la cohesi\u00f3, l&#8217;educaci\u00f3 i el lleure.<\/p>\n\n\n\n<p>Moltes gr\u00e0cies!<\/p>\n\n\n\n<figure class=\"wp-block-image size-large\"><a href=\"https:\/\/fundacioateneusantroc.org\/wp-content\/uploads\/2022premi-ara-noti\u0301cia.jpg\"><img loading=\"lazy\" decoding=\"async\" width=\"1024\" height=\"988\" src=\"https:\/\/fundacioateneusantroc.org\/wp-content\/uploads\/2022premi-ara-noti\u0301cia-1024x988.jpg\" alt=\"\" class=\"wp-image-58603\" srcset=\"https:\/\/fundacioateneusantroc.org\/wp-content\/uploads\/2022premi-ara-noti\u0301cia-1024x988.jpg 1024w, https:\/\/fundacioateneusantroc.org\/wp-content\/uploads\/2022premi-ara-noti\u0301cia-300x290.jpg 300w, https:\/\/fundacioateneusantroc.org\/wp-content\/uploads\/2022premi-ara-noti\u0301cia-768x741.jpg 768w, https:\/\/fundacioateneusantroc.org\/wp-content\/uploads\/2022premi-ara-noti\u0301cia.jpg 1115w\" sizes=\"auto, (max-width: 1024px) 100vw, 1024px\" \/><\/a><\/figure>\n\n\n\n<p class=\"has-text-align-center\" style=\"font-size:14px\"><a href=\"https:\/\/www.ara.cat\/firmes\/marta-rodriguez-carrera\/\" target=\"_blank\" rel=\"noreferrer noopener\"><strong>Marta Rodr\u00edguez Carrera<\/strong><\/a> \u00b7 <a href=\"https:\/\/www.ara.cat\/societat\/educacio\/l-esplai-borinot-l-alegria-sant-roc_1_4550411.html\" target=\"_blank\" rel=\"noreferrer noopener\">https:\/\/www.ara.cat\/societat\/educacio\/l-esplai-borinot-l-alegria-sant-roc_1_4550411.html<\/a><\/p>\n\n\n\n<div style=\"height:32px\" aria-hidden=\"true\" class=\"wp-block-spacer\"><\/div>\n\n\n\n<figure class=\"wp-block-embed is-type-video is-provider-youtube wp-block-embed-youtube wp-embed-aspect-16-9 wp-has-aspect-ratio\"><div class=\"wp-block-embed__wrapper\">\n<iframe loading=\"lazy\" title=\"L&#039;Esplai Borinot, l&#039;alegria de Sant Roc\" width=\"500\" height=\"281\" src=\"https:\/\/www.youtube.com\/embed\/vuvM6M7JhZ8?feature=oembed\" frameborder=\"0\" allow=\"accelerometer; autoplay; clipboard-write; encrypted-media; gyroscope; picture-in-picture; web-share\" referrerpolicy=\"strict-origin-when-cross-origin\" allowfullscreen><\/iframe>\n<\/div><\/figure>\n\n\n\n<figure class=\"wp-block-gallery has-nested-images columns-2 is-cropped wp-block-gallery-1 is-layout-flex wp-block-gallery-is-layout-flex\">\n<figure class=\"wp-block-image size-large\"><img loading=\"lazy\" decoding=\"async\" width=\"900\" height=\"900\" data-id=\"58601\" src=\"https:\/\/fundacioateneusantroc.org\/wp-content\/uploads\/2022premi-ara3.jpg\" alt=\"\" class=\"wp-image-58601\" srcset=\"https:\/\/fundacioateneusantroc.org\/wp-content\/uploads\/2022premi-ara3.jpg 900w, https:\/\/fundacioateneusantroc.org\/wp-content\/uploads\/2022premi-ara3-300x300.jpg 300w, https:\/\/fundacioateneusantroc.org\/wp-content\/uploads\/2022premi-ara3-150x150.jpg 150w, https:\/\/fundacioateneusantroc.org\/wp-content\/uploads\/2022premi-ara3-768x768.jpg 768w\" sizes=\"auto, (max-width: 900px) 100vw, 900px\" \/><\/figure>\n\n\n\n<figure class=\"wp-block-image size-large\"><img loading=\"lazy\" decoding=\"async\" width=\"900\" height=\"900\" data-id=\"58614\" src=\"https:\/\/fundacioateneusantroc.org\/wp-content\/uploads\/2022premi-ara1.jpg\" alt=\"\" class=\"wp-image-58614\" srcset=\"https:\/\/fundacioateneusantroc.org\/wp-content\/uploads\/2022premi-ara1.jpg 900w, https:\/\/fundacioateneusantroc.org\/wp-content\/uploads\/2022premi-ara1-300x300.jpg 300w, https:\/\/fundacioateneusantroc.org\/wp-content\/uploads\/2022premi-ara1-150x150.jpg 150w, https:\/\/fundacioateneusantroc.org\/wp-content\/uploads\/2022premi-ara1-768x768.jpg 768w\" sizes=\"auto, (max-width: 900px) 100vw, 900px\" \/><\/figure>\n\n\n\n<figure class=\"wp-block-image size-large\"><img loading=\"lazy\" decoding=\"async\" width=\"900\" height=\"900\" data-id=\"58597\" src=\"https:\/\/fundacioateneusantroc.org\/wp-content\/uploads\/2022premi-ara2.jpg\" alt=\"\" class=\"wp-image-58597\" srcset=\"https:\/\/fundacioateneusantroc.org\/wp-content\/uploads\/2022premi-ara2.jpg 900w, https:\/\/fundacioateneusantroc.org\/wp-content\/uploads\/2022premi-ara2-300x300.jpg 300w, https:\/\/fundacioateneusantroc.org\/wp-content\/uploads\/2022premi-ara2-150x150.jpg 150w, https:\/\/fundacioateneusantroc.org\/wp-content\/uploads\/2022premi-ara2-768x768.jpg 768w\" sizes=\"auto, (max-width: 900px) 100vw, 900px\" \/><\/figure>\n\n\n\n<figure class=\"wp-block-image size-large\"><img loading=\"lazy\" decoding=\"async\" width=\"900\" height=\"900\" data-id=\"58599\" src=\"https:\/\/fundacioateneusantroc.org\/wp-content\/uploads\/2022premi-ara4.jpg\" alt=\"\" class=\"wp-image-58599\" srcset=\"https:\/\/fundacioateneusantroc.org\/wp-content\/uploads\/2022premi-ara4.jpg 900w, https:\/\/fundacioateneusantroc.org\/wp-content\/uploads\/2022premi-ara4-300x300.jpg 300w, https:\/\/fundacioateneusantroc.org\/wp-content\/uploads\/2022premi-ara4-150x150.jpg 150w, https:\/\/fundacioateneusantroc.org\/wp-content\/uploads\/2022premi-ara4-768x768.jpg 768w\" sizes=\"auto, (max-width: 900px) 100vw, 900px\" \/><\/figure>\n<\/figure>\n","protected":false},"excerpt":{"rendered":"<p>El premi Carles Capdevila va ser creat pel diari ARA, per tal de mantenir viu el [&hellip;]<\/p>\n","protected":false},"author":2,"featured_media":58607,"comment_status":"open","ping_status":"open","sticky":false,"template":"","format":"standard","meta":{"footnotes":""},"categories":[1,2],"tags":[735,146],"class_list":["post-58588","post","type-post","status-publish","format-standard","has-post-thumbnail","hentry","category-actualitat","category-premsa","tag-esplai-borinot","tag-premi"],"_links":{"self":[{"href":"https:\/\/fundacioateneusantroc.org\/es\/wp-json\/wp\/v2\/posts\/58588","targetHints":{"allow":["GET"]}}],"collection":[{"href":"https:\/\/fundacioateneusantroc.org\/es\/wp-json\/wp\/v2\/posts"}],"about":[{"href":"https:\/\/fundacioateneusantroc.org\/es\/wp-json\/wp\/v2\/types\/post"}],"author":[{"embeddable":true,"href":"https:\/\/fundacioateneusantroc.org\/es\/wp-json\/wp\/v2\/users\/2"}],"replies":[{"embeddable":true,"href":"https:\/\/fundacioateneusantroc.org\/es\/wp-json\/wp\/v2\/comments?post=58588"}],"version-history":[{"count":8,"href":"https:\/\/fundacioateneusantroc.org\/es\/wp-json\/wp\/v2\/posts\/58588\/revisions"}],"predecessor-version":[{"id":58618,"href":"https:\/\/fundacioateneusantroc.org\/es\/wp-json\/wp\/v2\/posts\/58588\/revisions\/58618"}],"wp:featuredmedia":[{"embeddable":true,"href":"https:\/\/fundacioateneusantroc.org\/es\/wp-json\/wp\/v2\/media\/58607"}],"wp:attachment":[{"href":"https:\/\/fundacioateneusantroc.org\/es\/wp-json\/wp\/v2\/media?parent=58588"}],"wp:term":[{"taxonomy":"category","embeddable":true,"href":"https:\/\/fundacioateneusantroc.org\/es\/wp-json\/wp\/v2\/categories?post=58588"},{"taxonomy":"post_tag","embeddable":true,"href":"https:\/\/fundacioateneusantroc.org\/es\/wp-json\/wp\/v2\/tags?post=58588"}],"curies":[{"name":"wp","href":"https:\/\/api.w.org\/{rel}","templated":true}]}}