{"id":58748,"date":"2022-12-19T18:29:00","date_gmt":"2022-12-19T17:29:00","guid":{"rendered":"https:\/\/fundacioateneusantroc.org\/?p=58748"},"modified":"2023-07-14T12:17:31","modified_gmt":"2023-07-14T10:17:31","slug":"36a-mostra-de-pessebres-pensaunnadalsolidari","status":"publish","type":"post","link":"https:\/\/fundacioateneusantroc.org\/es\/36a-mostra-de-pessebres-pensaunnadalsolidari\/","title":{"rendered":"36a Mostra de pessebres #pensaunNadalSolidari"},"content":{"rendered":"\n<h2 class=\"wp-block-heading\">La Mostra de pessebres<\/h2>\n\n\n\n<p>Enguany la mostra ha estat un \u00e8xit de participaci\u00f3 i compta amb pessebres del Casal C\u00edvic i Comunitari Sant Roc, Grup de solidaritat \u00c9s l&#8217;hora, Resid\u00e8ncia de Gent gran Sant Roc, Cointegra &#8211; Fundaci\u00f3 Badalona Capa\u00e7, Servei Prelaboral B\u00e8tula, Fundaci\u00f3 Secretariat Gitano, Casal dels infants, Les Bruixes, Escola Lestonnac, Companyia de Maria, Col\u00b7legi Mare de D\u00e9u de l&#8217;Assumpci\u00f3, Vida Creixent, Parr\u00f2quia Sant Roc, Esplai Borinot, Centre obert Joves, Centre obert infantil, Aula oberta, Els m\u00e9s menuts de l&#8217;Ateneu, La Ludoteca, Formaci\u00f3 de dones Laila, Club del dijous, Punt de creu, Botxes, Grup de dones, Conchi D\u00edaz, Manoli Garc\u00eda, Fabiana Garc\u00eda, N\u00faria Bonavilla, Laia i Queralt Riera. <\/p>\n\n\n\n<p><strong>Amb aquesta complicitat hem realitzat un viatge de tradici\u00f3, interculturalitat, creaci\u00f3 i solidaritat.<\/strong> <\/p>\n\n\n\n<figure class=\"wp-block-gallery has-nested-images columns-default is-cropped wp-block-gallery-1 is-layout-flex wp-block-gallery-is-layout-flex\">\n<figure class=\"wp-block-image size-large\"><img loading=\"lazy\" decoding=\"async\" width=\"768\" height=\"1024\" data-id=\"58909\" src=\"https:\/\/fundacioateneusantroc.org\/wp-content\/uploads\/2022-mostra-pessebre-24.jpg\" alt=\"\" class=\"wp-image-58909\" srcset=\"https:\/\/fundacioateneusantroc.org\/wp-content\/uploads\/2022-mostra-pessebre-24.jpg 768w, https:\/\/fundacioateneusantroc.org\/wp-content\/uploads\/2022-mostra-pessebre-24-225x300.jpg 225w\" sizes=\"auto, (max-width: 768px) 100vw, 768px\" \/><figcaption>Casal C\u00edvic i Comunitari Sant Roc<\/figcaption><\/figure>\n\n\n\n<figure class=\"wp-block-image size-large\"><img loading=\"lazy\" decoding=\"async\" width=\"768\" height=\"1024\" data-id=\"58854\" src=\"https:\/\/fundacioateneusantroc.org\/wp-content\/uploads\/2022-mostra-pessebre-19.jpg\" alt=\"\" class=\"wp-image-58854\" srcset=\"https:\/\/fundacioateneusantroc.org\/wp-content\/uploads\/2022-mostra-pessebre-19.jpg 768w, https:\/\/fundacioateneusantroc.org\/wp-content\/uploads\/2022-mostra-pessebre-19-225x300.jpg 225w\" sizes=\"auto, (max-width: 768px) 100vw, 768px\" \/><figcaption>Grup de solidaritat \u00c9s l&#8217;hora<\/figcaption><\/figure>\n\n\n\n<figure class=\"wp-block-image size-large\"><img loading=\"lazy\" decoding=\"async\" width=\"768\" height=\"1024\" data-id=\"58927\" src=\"https:\/\/fundacioateneusantroc.org\/wp-content\/uploads\/2022-mostra-pessebre-33.jpg\" alt=\"\" class=\"wp-image-58927\" srcset=\"https:\/\/fundacioateneusantroc.org\/wp-content\/uploads\/2022-mostra-pessebre-33.jpg 768w, https:\/\/fundacioateneusantroc.org\/wp-content\/uploads\/2022-mostra-pessebre-33-225x300.jpg 225w\" sizes=\"auto, (max-width: 768px) 100vw, 768px\" \/><figcaption>Resid\u00e8ncia de Gent gran Sant Roc<\/figcaption><\/figure>\n\n\n\n<figure class=\"wp-block-image size-large\"><img loading=\"lazy\" decoding=\"async\" width=\"768\" height=\"1024\" data-id=\"58921\" src=\"https:\/\/fundacioateneusantroc.org\/wp-content\/uploads\/2022-mostra-pessebre-30.jpg\" alt=\"\" class=\"wp-image-58921\" srcset=\"https:\/\/fundacioateneusantroc.org\/wp-content\/uploads\/2022-mostra-pessebre-30.jpg 768w, https:\/\/fundacioateneusantroc.org\/wp-content\/uploads\/2022-mostra-pessebre-30-225x300.jpg 225w\" sizes=\"auto, (max-width: 768px) 100vw, 768px\" \/><figcaption>Cointegra &#8211; Fundaci\u00f3 Badalona Capa\u00e7<\/figcaption><\/figure>\n\n\n\n<figure class=\"wp-block-image size-large\"><img loading=\"lazy\" decoding=\"async\" width=\"768\" height=\"1024\" data-id=\"58872\" src=\"https:\/\/fundacioateneusantroc.org\/wp-content\/uploads\/2022-mostra-pessebre-13.jpg\" alt=\"\" class=\"wp-image-58872\" srcset=\"https:\/\/fundacioateneusantroc.org\/wp-content\/uploads\/2022-mostra-pessebre-13.jpg 768w, https:\/\/fundacioateneusantroc.org\/wp-content\/uploads\/2022-mostra-pessebre-13-225x300.jpg 225w\" sizes=\"auto, (max-width: 768px) 100vw, 768px\" \/><figcaption>Servei Prelaboral B\u00e8tula<\/figcaption><\/figure>\n\n\n\n<figure class=\"wp-block-image size-large\"><img loading=\"lazy\" decoding=\"async\" width=\"768\" height=\"1024\" data-id=\"58929\" src=\"https:\/\/fundacioateneusantroc.org\/wp-content\/uploads\/2022-mostra-pessebre-20.jpg\" alt=\"\" class=\"wp-image-58929\" srcset=\"https:\/\/fundacioateneusantroc.org\/wp-content\/uploads\/2022-mostra-pessebre-20.jpg 768w, https:\/\/fundacioateneusantroc.org\/wp-content\/uploads\/2022-mostra-pessebre-20-225x300.jpg 225w\" sizes=\"auto, (max-width: 768px) 100vw, 768px\" \/><figcaption>Fundaci\u00f3 Secretariat Gitano<\/figcaption><\/figure>\n\n\n\n<figure class=\"wp-block-image size-large\"><img loading=\"lazy\" decoding=\"async\" width=\"768\" height=\"1024\" data-id=\"58913\" src=\"https:\/\/fundacioateneusantroc.org\/wp-content\/uploads\/2022-mostra-pessebre-26.jpg\" alt=\"\" class=\"wp-image-58913\" srcset=\"https:\/\/fundacioateneusantroc.org\/wp-content\/uploads\/2022-mostra-pessebre-26.jpg 768w, https:\/\/fundacioateneusantroc.org\/wp-content\/uploads\/2022-mostra-pessebre-26-225x300.jpg 225w\" sizes=\"auto, (max-width: 768px) 100vw, 768px\" \/><figcaption>Casal dels infants<\/figcaption><\/figure>\n\n\n\n<figure class=\"wp-block-image size-large\"><img loading=\"lazy\" decoding=\"async\" width=\"768\" height=\"1024\" data-id=\"58905\" src=\"https:\/\/fundacioateneusantroc.org\/wp-content\/uploads\/2022-mostra-pessebre-22.jpg\" alt=\"\" class=\"wp-image-58905\" srcset=\"https:\/\/fundacioateneusantroc.org\/wp-content\/uploads\/2022-mostra-pessebre-22.jpg 768w, https:\/\/fundacioateneusantroc.org\/wp-content\/uploads\/2022-mostra-pessebre-22-225x300.jpg 225w\" sizes=\"auto, (max-width: 768px) 100vw, 768px\" \/><figcaption>Casal dels infants<\/figcaption><\/figure>\n\n\n\n<figure class=\"wp-block-image size-large\"><img loading=\"lazy\" decoding=\"async\" width=\"768\" height=\"1024\" data-id=\"58876\" src=\"https:\/\/fundacioateneusantroc.org\/wp-content\/uploads\/2022-mostra-pessebre-15.jpg\" alt=\"\" class=\"wp-image-58876\" srcset=\"https:\/\/fundacioateneusantroc.org\/wp-content\/uploads\/2022-mostra-pessebre-15.jpg 768w, https:\/\/fundacioateneusantroc.org\/wp-content\/uploads\/2022-mostra-pessebre-15-225x300.jpg 225w\" sizes=\"auto, (max-width: 768px) 100vw, 768px\" \/><figcaption>Les Bruixes<\/figcaption><\/figure>\n\n\n\n<figure class=\"wp-block-image size-large\"><img loading=\"lazy\" decoding=\"async\" width=\"768\" height=\"1024\" data-id=\"58866\" src=\"https:\/\/fundacioateneusantroc.org\/wp-content\/uploads\/2022-mostra-pessebre-10.jpg\" alt=\"\" class=\"wp-image-58866\" srcset=\"https:\/\/fundacioateneusantroc.org\/wp-content\/uploads\/2022-mostra-pessebre-10.jpg 768w, https:\/\/fundacioateneusantroc.org\/wp-content\/uploads\/2022-mostra-pessebre-10-225x300.jpg 225w\" sizes=\"auto, (max-width: 768px) 100vw, 768px\" \/><figcaption>Escola Lestonnac<\/figcaption><\/figure>\n\n\n\n<figure class=\"wp-block-image size-large\"><img loading=\"lazy\" decoding=\"async\" width=\"768\" height=\"1024\" data-id=\"58874\" src=\"https:\/\/fundacioateneusantroc.org\/wp-content\/uploads\/2022-mostra-pessebre-14.jpg\" alt=\"\" class=\"wp-image-58874\" srcset=\"https:\/\/fundacioateneusantroc.org\/wp-content\/uploads\/2022-mostra-pessebre-14.jpg 768w, https:\/\/fundacioateneusantroc.org\/wp-content\/uploads\/2022-mostra-pessebre-14-225x300.jpg 225w\" sizes=\"auto, (max-width: 768px) 100vw, 768px\" \/><figcaption>Companyia de Maria<\/figcaption><\/figure>\n\n\n\n<figure class=\"wp-block-image size-large\"><img loading=\"lazy\" decoding=\"async\" width=\"768\" height=\"1024\" data-id=\"58923\" src=\"https:\/\/fundacioateneusantroc.org\/wp-content\/uploads\/2022-mostra-pessebre-31.jpg\" alt=\"\" class=\"wp-image-58923\" srcset=\"https:\/\/fundacioateneusantroc.org\/wp-content\/uploads\/2022-mostra-pessebre-31.jpg 768w, https:\/\/fundacioateneusantroc.org\/wp-content\/uploads\/2022-mostra-pessebre-31-225x300.jpg 225w\" sizes=\"auto, (max-width: 768px) 100vw, 768px\" \/><figcaption>Col\u00b7legi Mare de D\u00e9u de l&#8217;Assumptci\u00f3<\/figcaption><\/figure>\n\n\n\n<figure class=\"wp-block-image size-large\"><img loading=\"lazy\" decoding=\"async\" width=\"768\" height=\"1024\" data-id=\"58903\" src=\"https:\/\/fundacioateneusantroc.org\/wp-content\/uploads\/2022-mostra-pessebre-21.jpg\" alt=\"\" class=\"wp-image-58903\" srcset=\"https:\/\/fundacioateneusantroc.org\/wp-content\/uploads\/2022-mostra-pessebre-21.jpg 768w, https:\/\/fundacioateneusantroc.org\/wp-content\/uploads\/2022-mostra-pessebre-21-225x300.jpg 225w\" sizes=\"auto, (max-width: 768px) 100vw, 768px\" \/><figcaption>Parr\u00f2quia Sant Roc<\/figcaption><\/figure>\n\n\n\n<figure class=\"wp-block-image size-large\"><img loading=\"lazy\" decoding=\"async\" width=\"768\" height=\"1024\" data-id=\"58919\" src=\"https:\/\/fundacioateneusantroc.org\/wp-content\/uploads\/2022-mostra-pessebre-29.jpg\" alt=\"\" class=\"wp-image-58919\" srcset=\"https:\/\/fundacioateneusantroc.org\/wp-content\/uploads\/2022-mostra-pessebre-29.jpg 768w, https:\/\/fundacioateneusantroc.org\/wp-content\/uploads\/2022-mostra-pessebre-29-225x300.jpg 225w\" sizes=\"auto, (max-width: 768px) 100vw, 768px\" \/><figcaption>Parr\u00f2quia Sant Roc<\/figcaption><\/figure>\n\n\n\n<figure class=\"wp-block-image size-large\"><img loading=\"lazy\" decoding=\"async\" width=\"768\" height=\"1024\" data-id=\"58878\" src=\"https:\/\/fundacioateneusantroc.org\/wp-content\/uploads\/2022-mostra-pessebre-16.jpg\" alt=\"\" class=\"wp-image-58878\" srcset=\"https:\/\/fundacioateneusantroc.org\/wp-content\/uploads\/2022-mostra-pessebre-16.jpg 768w, https:\/\/fundacioateneusantroc.org\/wp-content\/uploads\/2022-mostra-pessebre-16-225x300.jpg 225w\" sizes=\"auto, (max-width: 768px) 100vw, 768px\" \/><figcaption>Esplai Borinot<\/figcaption><\/figure>\n\n\n\n<figure class=\"wp-block-image size-large\"><img loading=\"lazy\" decoding=\"async\" width=\"768\" height=\"1024\" data-id=\"58856\" src=\"https:\/\/fundacioateneusantroc.org\/wp-content\/uploads\/2022-mostra-pessebre-5.jpg\" alt=\"\" class=\"wp-image-58856\" srcset=\"https:\/\/fundacioateneusantroc.org\/wp-content\/uploads\/2022-mostra-pessebre-5.jpg 768w, https:\/\/fundacioateneusantroc.org\/wp-content\/uploads\/2022-mostra-pessebre-5-225x300.jpg 225w\" sizes=\"auto, (max-width: 768px) 100vw, 768px\" \/><figcaption>Centre obert Joves<\/figcaption><\/figure>\n\n\n\n<figure class=\"wp-block-image size-large\"><img loading=\"lazy\" decoding=\"async\" width=\"768\" height=\"1024\" data-id=\"58882\" src=\"https:\/\/fundacioateneusantroc.org\/wp-content\/uploads\/2022-mostra-pessebre-17.jpg\" alt=\"\" class=\"wp-image-58882\" srcset=\"https:\/\/fundacioateneusantroc.org\/wp-content\/uploads\/2022-mostra-pessebre-17.jpg 768w, https:\/\/fundacioateneusantroc.org\/wp-content\/uploads\/2022-mostra-pessebre-17-225x300.jpg 225w\" sizes=\"auto, (max-width: 768px) 100vw, 768px\" \/><figcaption>Centre obert infantil<\/figcaption><\/figure>\n\n\n\n<figure class=\"wp-block-image size-large\"><img loading=\"lazy\" decoding=\"async\" width=\"768\" height=\"1024\" data-id=\"58917\" src=\"https:\/\/fundacioateneusantroc.org\/wp-content\/uploads\/2022-mostra-pessebre-28.jpg\" alt=\"\" class=\"wp-image-58917\" srcset=\"https:\/\/fundacioateneusantroc.org\/wp-content\/uploads\/2022-mostra-pessebre-28.jpg 768w, https:\/\/fundacioateneusantroc.org\/wp-content\/uploads\/2022-mostra-pessebre-28-225x300.jpg 225w\" sizes=\"auto, (max-width: 768px) 100vw, 768px\" \/><figcaption>Aula oberta<\/figcaption><\/figure>\n\n\n\n<figure class=\"wp-block-image size-large\"><img loading=\"lazy\" decoding=\"async\" width=\"768\" height=\"1024\" data-id=\"58915\" src=\"https:\/\/fundacioateneusantroc.org\/wp-content\/uploads\/2022-mostra-pessebre-27.jpg\" alt=\"\" class=\"wp-image-58915\" srcset=\"https:\/\/fundacioateneusantroc.org\/wp-content\/uploads\/2022-mostra-pessebre-27.jpg 768w, https:\/\/fundacioateneusantroc.org\/wp-content\/uploads\/2022-mostra-pessebre-27-225x300.jpg 225w\" sizes=\"auto, (max-width: 768px) 100vw, 768px\" \/><figcaption>Els m\u00e9s menuts de l&#8217;Ateneu<\/figcaption><\/figure>\n\n\n\n<figure class=\"wp-block-image size-large\"><img loading=\"lazy\" decoding=\"async\" width=\"768\" height=\"1024\" data-id=\"58864\" src=\"https:\/\/fundacioateneusantroc.org\/wp-content\/uploads\/2022-mostra-pessebre-9.jpg\" alt=\"\" class=\"wp-image-58864\" srcset=\"https:\/\/fundacioateneusantroc.org\/wp-content\/uploads\/2022-mostra-pessebre-9.jpg 768w, https:\/\/fundacioateneusantroc.org\/wp-content\/uploads\/2022-mostra-pessebre-9-225x300.jpg 225w\" sizes=\"auto, (max-width: 768px) 100vw, 768px\" \/><figcaption>La Ludoteca<\/figcaption><\/figure>\n\n\n\n<figure class=\"wp-block-image size-large\"><img loading=\"lazy\" decoding=\"async\" width=\"768\" height=\"1024\" data-id=\"58925\" src=\"https:\/\/fundacioateneusantroc.org\/wp-content\/uploads\/2022-mostra-pessebre-32.jpg\" alt=\"\" class=\"wp-image-58925\" srcset=\"https:\/\/fundacioateneusantroc.org\/wp-content\/uploads\/2022-mostra-pessebre-32.jpg 768w, https:\/\/fundacioateneusantroc.org\/wp-content\/uploads\/2022-mostra-pessebre-32-225x300.jpg 225w\" sizes=\"auto, (max-width: 768px) 100vw, 768px\" \/><figcaption>Formaci\u00f3 de dones Laila<\/figcaption><\/figure>\n\n\n\n<figure class=\"wp-block-image size-large\"><img loading=\"lazy\" decoding=\"async\" width=\"1024\" height=\"768\" data-id=\"58852\" src=\"https:\/\/fundacioateneusantroc.org\/wp-content\/uploads\/2022-mostra-pessebre-3.jpg\" alt=\"\" class=\"wp-image-58852\" srcset=\"https:\/\/fundacioateneusantroc.org\/wp-content\/uploads\/2022-mostra-pessebre-3.jpg 1024w, https:\/\/fundacioateneusantroc.org\/wp-content\/uploads\/2022-mostra-pessebre-3-300x225.jpg 300w, https:\/\/fundacioateneusantroc.org\/wp-content\/uploads\/2022-mostra-pessebre-3-768x576.jpg 768w\" sizes=\"auto, (max-width: 1024px) 100vw, 1024px\" \/><figcaption>Club dels dijous<\/figcaption><\/figure>\n\n\n\n<figure class=\"wp-block-image size-large\"><img loading=\"lazy\" decoding=\"async\" width=\"768\" height=\"1024\" data-id=\"58862\" src=\"https:\/\/fundacioateneusantroc.org\/wp-content\/uploads\/2022-mostra-pessebre-8.jpg\" alt=\"\" class=\"wp-image-58862\" srcset=\"https:\/\/fundacioateneusantroc.org\/wp-content\/uploads\/2022-mostra-pessebre-8.jpg 768w, https:\/\/fundacioateneusantroc.org\/wp-content\/uploads\/2022-mostra-pessebre-8-225x300.jpg 225w\" sizes=\"auto, (max-width: 768px) 100vw, 768px\" \/><figcaption>Punt de creu<\/figcaption><\/figure>\n\n\n\n<figure class=\"wp-block-image size-large\"><img loading=\"lazy\" decoding=\"async\" width=\"768\" height=\"1024\" data-id=\"58870\" src=\"https:\/\/fundacioateneusantroc.org\/wp-content\/uploads\/2022-mostra-pessebre-12.jpg\" alt=\"\" class=\"wp-image-58870\" srcset=\"https:\/\/fundacioateneusantroc.org\/wp-content\/uploads\/2022-mostra-pessebre-12.jpg 768w, https:\/\/fundacioateneusantroc.org\/wp-content\/uploads\/2022-mostra-pessebre-12-225x300.jpg 225w\" sizes=\"auto, (max-width: 768px) 100vw, 768px\" \/><figcaption>Botxes<\/figcaption><\/figure>\n\n\n\n<figure class=\"wp-block-image size-large\"><img loading=\"lazy\" decoding=\"async\" width=\"768\" height=\"1024\" data-id=\"58868\" src=\"https:\/\/fundacioateneusantroc.org\/wp-content\/uploads\/2022-mostra-pessebre-11.jpg\" alt=\"\" class=\"wp-image-58868\" srcset=\"https:\/\/fundacioateneusantroc.org\/wp-content\/uploads\/2022-mostra-pessebre-11.jpg 768w, https:\/\/fundacioateneusantroc.org\/wp-content\/uploads\/2022-mostra-pessebre-11-225x300.jpg 225w\" sizes=\"auto, (max-width: 768px) 100vw, 768px\" \/><figcaption>Grup de dones<\/figcaption><\/figure>\n\n\n\n<figure class=\"wp-block-image size-large\"><img loading=\"lazy\" decoding=\"async\" width=\"1024\" height=\"768\" data-id=\"58858\" src=\"https:\/\/fundacioateneusantroc.org\/wp-content\/uploads\/2022-mostra-pessebre-6.jpg\" alt=\"\" class=\"wp-image-58858\" srcset=\"https:\/\/fundacioateneusantroc.org\/wp-content\/uploads\/2022-mostra-pessebre-6.jpg 1024w, https:\/\/fundacioateneusantroc.org\/wp-content\/uploads\/2022-mostra-pessebre-6-300x225.jpg 300w, https:\/\/fundacioateneusantroc.org\/wp-content\/uploads\/2022-mostra-pessebre-6-768x576.jpg 768w\" sizes=\"auto, (max-width: 1024px) 100vw, 1024px\" \/><figcaption>Conchi D\u00edaz<\/figcaption><\/figure>\n\n\n\n<figure class=\"wp-block-image size-large\"><img loading=\"lazy\" decoding=\"async\" width=\"768\" height=\"1024\" data-id=\"58860\" src=\"https:\/\/fundacioateneusantroc.org\/wp-content\/uploads\/2022-mostra-pessebre-7.jpg\" alt=\"\" class=\"wp-image-58860\" srcset=\"https:\/\/fundacioateneusantroc.org\/wp-content\/uploads\/2022-mostra-pessebre-7.jpg 768w, https:\/\/fundacioateneusantroc.org\/wp-content\/uploads\/2022-mostra-pessebre-7-225x300.jpg 225w\" sizes=\"auto, (max-width: 768px) 100vw, 768px\" \/><figcaption>Manoli Garc\u00eda<\/figcaption><\/figure>\n\n\n\n<figure class=\"wp-block-image size-large\"><img loading=\"lazy\" decoding=\"async\" width=\"768\" height=\"1024\" data-id=\"58907\" src=\"https:\/\/fundacioateneusantroc.org\/wp-content\/uploads\/2022-mostra-pessebre-23.jpg\" alt=\"\" class=\"wp-image-58907\" srcset=\"https:\/\/fundacioateneusantroc.org\/wp-content\/uploads\/2022-mostra-pessebre-23.jpg 768w, https:\/\/fundacioateneusantroc.org\/wp-content\/uploads\/2022-mostra-pessebre-23-225x300.jpg 225w\" sizes=\"auto, (max-width: 768px) 100vw, 768px\" \/><figcaption>Fabiana Garc\u00eda<\/figcaption><\/figure>\n\n\n\n<figure class=\"wp-block-image size-large\"><img loading=\"lazy\" decoding=\"async\" width=\"768\" height=\"1024\" data-id=\"58880\" src=\"https:\/\/fundacioateneusantroc.org\/wp-content\/uploads\/2022-mostra-pessebre-1.jpg\" alt=\"\" class=\"wp-image-58880\" srcset=\"https:\/\/fundacioateneusantroc.org\/wp-content\/uploads\/2022-mostra-pessebre-1.jpg 768w, https:\/\/fundacioateneusantroc.org\/wp-content\/uploads\/2022-mostra-pessebre-1-225x300.jpg 225w\" sizes=\"auto, (max-width: 768px) 100vw, 768px\" \/><figcaption>N\u00faria Bonavilla<\/figcaption><\/figure>\n\n\n\n<figure class=\"wp-block-image size-large\"><img loading=\"lazy\" decoding=\"async\" width=\"768\" height=\"1024\" data-id=\"58911\" src=\"https:\/\/fundacioateneusantroc.org\/wp-content\/uploads\/2022-mostra-pessebre-25.jpg\" alt=\"\" class=\"wp-image-58911\" srcset=\"https:\/\/fundacioateneusantroc.org\/wp-content\/uploads\/2022-mostra-pessebre-25.jpg 768w, https:\/\/fundacioateneusantroc.org\/wp-content\/uploads\/2022-mostra-pessebre-25-225x300.jpg 225w\" sizes=\"auto, (max-width: 768px) 100vw, 768px\" \/><figcaption>Laia i Queralt Riera<\/figcaption><\/figure>\n<\/figure>\n\n\n\n<h2 class=\"wp-block-heading\">El Pessebre vivent<\/h2>\n\n\n\n<p>Un any m\u00e9s la representaci\u00f3 del Pessebre vivent de Sant Roc. Un pessebre que sempre ha tingut aquest punt de reflexi\u00f3 i reivindicaci\u00f3 davant les dificultats recurrents de la hist\u00f2ria, d&#8217;ahir i d&#8217;avui:<\/p>\n\n\n\n<ul class=\"wp-block-list\"><li>Maria, com a dona lluitadora.<\/li><li>El Cam\u00ed de Betlem com a migraci\u00f3 buscant un futur millor.<\/li><li>L\u2019Arribada a Betlem com a comprom\u00eds amb un consum responsable.<\/li><li>El Naixement de Jes\u00fas en un estable com a reivindicaci\u00f3 d\u2019habitatge digne per a tothom.<\/li><li>Els Pastors com a s\u00edmbol de la lluita per la conservaci\u00f3 del medi ambient.<\/li><li>Els Mags d\u2019orient com a riquesa de la diversitat.<\/li><\/ul>\n\n\n\n<figure class=\"wp-block-gallery has-nested-images columns-default is-cropped wp-block-gallery-2 is-layout-flex wp-block-gallery-is-layout-flex\">\n<figure class=\"wp-block-image size-large\"><img loading=\"lazy\" decoding=\"async\" width=\"1024\" height=\"640\" data-id=\"58756\" src=\"https:\/\/fundacioateneusantroc.org\/wp-content\/uploads\/2022-vestidors-pessebre-vivent6.jpg\" alt=\"\" class=\"wp-image-58756\" srcset=\"https:\/\/fundacioateneusantroc.org\/wp-content\/uploads\/2022-vestidors-pessebre-vivent6.jpg 1024w, https:\/\/fundacioateneusantroc.org\/wp-content\/uploads\/2022-vestidors-pessebre-vivent6-300x188.jpg 300w, https:\/\/fundacioateneusantroc.org\/wp-content\/uploads\/2022-vestidors-pessebre-vivent6-768x480.jpg 768w\" sizes=\"auto, (max-width: 1024px) 100vw, 1024px\" \/><\/figure>\n\n\n\n<figure class=\"wp-block-image size-large\"><img loading=\"lazy\" decoding=\"async\" width=\"1024\" height=\"640\" data-id=\"58750\" src=\"https:\/\/fundacioateneusantroc.org\/wp-content\/uploads\/2022-vestidors-pessebre-vivent5.jpg\" alt=\"\" class=\"wp-image-58750\" srcset=\"https:\/\/fundacioateneusantroc.org\/wp-content\/uploads\/2022-vestidors-pessebre-vivent5.jpg 1024w, https:\/\/fundacioateneusantroc.org\/wp-content\/uploads\/2022-vestidors-pessebre-vivent5-300x188.jpg 300w, https:\/\/fundacioateneusantroc.org\/wp-content\/uploads\/2022-vestidors-pessebre-vivent5-768x480.jpg 768w\" sizes=\"auto, (max-width: 1024px) 100vw, 1024px\" \/><\/figure>\n\n\n\n<figure class=\"wp-block-image size-large\"><img loading=\"lazy\" decoding=\"async\" width=\"1024\" height=\"640\" data-id=\"58754\" src=\"https:\/\/fundacioateneusantroc.org\/wp-content\/uploads\/2022-vestidors-pessebre-vivent4.jpg\" alt=\"\" class=\"wp-image-58754\" srcset=\"https:\/\/fundacioateneusantroc.org\/wp-content\/uploads\/2022-vestidors-pessebre-vivent4.jpg 1024w, https:\/\/fundacioateneusantroc.org\/wp-content\/uploads\/2022-vestidors-pessebre-vivent4-300x188.jpg 300w, https:\/\/fundacioateneusantroc.org\/wp-content\/uploads\/2022-vestidors-pessebre-vivent4-768x480.jpg 768w\" sizes=\"auto, (max-width: 1024px) 100vw, 1024px\" \/><\/figure>\n\n\n\n<figure class=\"wp-block-image size-large\"><img loading=\"lazy\" decoding=\"async\" width=\"1024\" height=\"640\" data-id=\"58752\" src=\"https:\/\/fundacioateneusantroc.org\/wp-content\/uploads\/2022-vestidors-pessebre-vivent3.jpg\" alt=\"\" class=\"wp-image-58752\" srcset=\"https:\/\/fundacioateneusantroc.org\/wp-content\/uploads\/2022-vestidors-pessebre-vivent3.jpg 1024w, https:\/\/fundacioateneusantroc.org\/wp-content\/uploads\/2022-vestidors-pessebre-vivent3-300x188.jpg 300w, https:\/\/fundacioateneusantroc.org\/wp-content\/uploads\/2022-vestidors-pessebre-vivent3-768x480.jpg 768w\" sizes=\"auto, (max-width: 1024px) 100vw, 1024px\" \/><\/figure>\n\n\n\n<figure class=\"wp-block-image size-large\"><img loading=\"lazy\" decoding=\"async\" width=\"1024\" height=\"640\" data-id=\"58758\" src=\"https:\/\/fundacioateneusantroc.org\/wp-content\/uploads\/2022-personatges-pessebre-vivent2.jpg\" alt=\"\" class=\"wp-image-58758\" srcset=\"https:\/\/fundacioateneusantroc.org\/wp-content\/uploads\/2022-personatges-pessebre-vivent2.jpg 1024w, https:\/\/fundacioateneusantroc.org\/wp-content\/uploads\/2022-personatges-pessebre-vivent2-300x188.jpg 300w, https:\/\/fundacioateneusantroc.org\/wp-content\/uploads\/2022-personatges-pessebre-vivent2-768x480.jpg 768w\" sizes=\"auto, (max-width: 1024px) 100vw, 1024px\" \/><\/figure>\n\n\n\n<figure class=\"wp-block-image size-large\"><img loading=\"lazy\" decoding=\"async\" width=\"1024\" height=\"640\" data-id=\"58764\" src=\"https:\/\/fundacioateneusantroc.org\/wp-content\/uploads\/2022-personatges-pessebre-vivent5.jpg\" alt=\"\" class=\"wp-image-58764\" srcset=\"https:\/\/fundacioateneusantroc.org\/wp-content\/uploads\/2022-personatges-pessebre-vivent5.jpg 1024w, https:\/\/fundacioateneusantroc.org\/wp-content\/uploads\/2022-personatges-pessebre-vivent5-300x188.jpg 300w, https:\/\/fundacioateneusantroc.org\/wp-content\/uploads\/2022-personatges-pessebre-vivent5-768x480.jpg 768w\" sizes=\"auto, (max-width: 1024px) 100vw, 1024px\" \/><\/figure>\n\n\n\n<figure class=\"wp-block-image size-large\"><img loading=\"lazy\" decoding=\"async\" width=\"1024\" height=\"640\" data-id=\"58768\" src=\"https:\/\/fundacioateneusantroc.org\/wp-content\/uploads\/2022-personatges-pessebre-vivent9.jpg\" alt=\"\" class=\"wp-image-58768\" srcset=\"https:\/\/fundacioateneusantroc.org\/wp-content\/uploads\/2022-personatges-pessebre-vivent9.jpg 1024w, https:\/\/fundacioateneusantroc.org\/wp-content\/uploads\/2022-personatges-pessebre-vivent9-300x188.jpg 300w, https:\/\/fundacioateneusantroc.org\/wp-content\/uploads\/2022-personatges-pessebre-vivent9-768x480.jpg 768w\" sizes=\"auto, (max-width: 1024px) 100vw, 1024px\" \/><\/figure>\n\n\n\n<figure class=\"wp-block-image size-large\"><img loading=\"lazy\" decoding=\"async\" width=\"1024\" height=\"640\" data-id=\"58772\" src=\"https:\/\/fundacioateneusantroc.org\/wp-content\/uploads\/2022-personatges-pessebre-vivent12.jpg\" alt=\"\" class=\"wp-image-58772\" srcset=\"https:\/\/fundacioateneusantroc.org\/wp-content\/uploads\/2022-personatges-pessebre-vivent12.jpg 1024w, https:\/\/fundacioateneusantroc.org\/wp-content\/uploads\/2022-personatges-pessebre-vivent12-300x188.jpg 300w, https:\/\/fundacioateneusantroc.org\/wp-content\/uploads\/2022-personatges-pessebre-vivent12-768x480.jpg 768w\" sizes=\"auto, (max-width: 1024px) 100vw, 1024px\" \/><\/figure>\n\n\n\n<figure class=\"wp-block-image size-large\"><img loading=\"lazy\" decoding=\"async\" width=\"1024\" height=\"640\" data-id=\"58760\" src=\"https:\/\/fundacioateneusantroc.org\/wp-content\/uploads\/2022-personatges-pessebre-vivent3.jpg\" alt=\"\" class=\"wp-image-58760\" srcset=\"https:\/\/fundacioateneusantroc.org\/wp-content\/uploads\/2022-personatges-pessebre-vivent3.jpg 1024w, https:\/\/fundacioateneusantroc.org\/wp-content\/uploads\/2022-personatges-pessebre-vivent3-300x188.jpg 300w, https:\/\/fundacioateneusantroc.org\/wp-content\/uploads\/2022-personatges-pessebre-vivent3-768x480.jpg 768w\" sizes=\"auto, (max-width: 1024px) 100vw, 1024px\" \/><\/figure>\n\n\n\n<figure class=\"wp-block-image size-large\"><img loading=\"lazy\" decoding=\"async\" width=\"640\" height=\"1024\" data-id=\"58762\" src=\"https:\/\/fundacioateneusantroc.org\/wp-content\/uploads\/2022-personatges-pessebre-vivent4.jpg\" alt=\"\" class=\"wp-image-58762\" srcset=\"https:\/\/fundacioateneusantroc.org\/wp-content\/uploads\/2022-personatges-pessebre-vivent4.jpg 640w, https:\/\/fundacioateneusantroc.org\/wp-content\/uploads\/2022-personatges-pessebre-vivent4-188x300.jpg 188w\" sizes=\"auto, (max-width: 640px) 100vw, 640px\" \/><\/figure>\n\n\n\n<figure class=\"wp-block-image size-large\"><img loading=\"lazy\" decoding=\"async\" width=\"1024\" height=\"640\" data-id=\"58770\" src=\"https:\/\/fundacioateneusantroc.org\/wp-content\/uploads\/2022-personatges-pessebre-vivent10.jpg\" alt=\"\" class=\"wp-image-58770\" srcset=\"https:\/\/fundacioateneusantroc.org\/wp-content\/uploads\/2022-personatges-pessebre-vivent10.jpg 1024w, https:\/\/fundacioateneusantroc.org\/wp-content\/uploads\/2022-personatges-pessebre-vivent10-300x188.jpg 300w, https:\/\/fundacioateneusantroc.org\/wp-content\/uploads\/2022-personatges-pessebre-vivent10-768x480.jpg 768w\" sizes=\"auto, (max-width: 1024px) 100vw, 1024px\" \/><\/figure>\n\n\n\n<figure class=\"wp-block-image size-large\"><img loading=\"lazy\" decoding=\"async\" width=\"1024\" height=\"640\" data-id=\"58782\" src=\"https:\/\/fundacioateneusantroc.org\/wp-content\/uploads\/2022-general-pessebre-vivent3.jpg\" alt=\"\" class=\"wp-image-58782\" srcset=\"https:\/\/fundacioateneusantroc.org\/wp-content\/uploads\/2022-general-pessebre-vivent3.jpg 1024w, https:\/\/fundacioateneusantroc.org\/wp-content\/uploads\/2022-general-pessebre-vivent3-300x188.jpg 300w, https:\/\/fundacioateneusantroc.org\/wp-content\/uploads\/2022-general-pessebre-vivent3-768x480.jpg 768w\" sizes=\"auto, (max-width: 1024px) 100vw, 1024px\" \/><\/figure>\n\n\n\n<figure class=\"wp-block-image size-large\"><img loading=\"lazy\" decoding=\"async\" width=\"640\" height=\"1024\" data-id=\"58776\" src=\"https:\/\/fundacioateneusantroc.org\/wp-content\/uploads\/2022-pastors-pessebre-vivent3.jpg\" alt=\"\" class=\"wp-image-58776\" srcset=\"https:\/\/fundacioateneusantroc.org\/wp-content\/uploads\/2022-pastors-pessebre-vivent3.jpg 640w, https:\/\/fundacioateneusantroc.org\/wp-content\/uploads\/2022-pastors-pessebre-vivent3-188x300.jpg 188w\" sizes=\"auto, (max-width: 640px) 100vw, 640px\" \/><\/figure>\n\n\n\n<figure class=\"wp-block-image size-large\"><img loading=\"lazy\" decoding=\"async\" width=\"1024\" height=\"640\" data-id=\"58774\" src=\"https:\/\/fundacioateneusantroc.org\/wp-content\/uploads\/2022-lectores-pessebre-vivent1.jpg\" alt=\"\" class=\"wp-image-58774\" srcset=\"https:\/\/fundacioateneusantroc.org\/wp-content\/uploads\/2022-lectores-pessebre-vivent1.jpg 1024w, https:\/\/fundacioateneusantroc.org\/wp-content\/uploads\/2022-lectores-pessebre-vivent1-300x188.jpg 300w, https:\/\/fundacioateneusantroc.org\/wp-content\/uploads\/2022-lectores-pessebre-vivent1-768x480.jpg 768w\" sizes=\"auto, (max-width: 1024px) 100vw, 1024px\" \/><\/figure>\n\n\n\n<figure class=\"wp-block-image size-large\"><img loading=\"lazy\" decoding=\"async\" width=\"640\" height=\"1024\" data-id=\"58805\" src=\"https:\/\/fundacioateneusantroc.org\/wp-content\/uploads\/2022-cami-pessebre-vivent.jpg\" alt=\"\" class=\"wp-image-58805\" srcset=\"https:\/\/fundacioateneusantroc.org\/wp-content\/uploads\/2022-cami-pessebre-vivent.jpg 640w, https:\/\/fundacioateneusantroc.org\/wp-content\/uploads\/2022-cami-pessebre-vivent-188x300.jpg 188w\" sizes=\"auto, (max-width: 640px) 100vw, 640px\" \/><\/figure>\n\n\n\n<figure class=\"wp-block-image size-large\"><img loading=\"lazy\" decoding=\"async\" width=\"1024\" height=\"640\" data-id=\"58800\" src=\"https:\/\/fundacioateneusantroc.org\/wp-content\/uploads\/2022-cantaires-pessebre-vivent1.jpg\" alt=\"\" class=\"wp-image-58800\" srcset=\"https:\/\/fundacioateneusantroc.org\/wp-content\/uploads\/2022-cantaires-pessebre-vivent1.jpg 1024w, https:\/\/fundacioateneusantroc.org\/wp-content\/uploads\/2022-cantaires-pessebre-vivent1-300x188.jpg 300w, https:\/\/fundacioateneusantroc.org\/wp-content\/uploads\/2022-cantaires-pessebre-vivent1-768x480.jpg 768w\" sizes=\"auto, (max-width: 1024px) 100vw, 1024px\" \/><\/figure>\n\n\n\n<figure class=\"wp-block-image size-large\"><img loading=\"lazy\" decoding=\"async\" width=\"1024\" height=\"640\" data-id=\"58798\" src=\"https:\/\/fundacioateneusantroc.org\/wp-content\/uploads\/2022-pastors-pessebre-vivent8.jpg\" alt=\"\" class=\"wp-image-58798\" srcset=\"https:\/\/fundacioateneusantroc.org\/wp-content\/uploads\/2022-pastors-pessebre-vivent8.jpg 1024w, https:\/\/fundacioateneusantroc.org\/wp-content\/uploads\/2022-pastors-pessebre-vivent8-300x188.jpg 300w, https:\/\/fundacioateneusantroc.org\/wp-content\/uploads\/2022-pastors-pessebre-vivent8-768x480.jpg 768w\" sizes=\"auto, (max-width: 1024px) 100vw, 1024px\" \/><\/figure>\n\n\n\n<figure class=\"wp-block-image size-large\"><img loading=\"lazy\" decoding=\"async\" width=\"1024\" height=\"640\" data-id=\"58790\" src=\"https:\/\/fundacioateneusantroc.org\/wp-content\/uploads\/2022-reis-pessebre-vivent2.jpg\" alt=\"\" class=\"wp-image-58790\" srcset=\"https:\/\/fundacioateneusantroc.org\/wp-content\/uploads\/2022-reis-pessebre-vivent2.jpg 1024w, https:\/\/fundacioateneusantroc.org\/wp-content\/uploads\/2022-reis-pessebre-vivent2-300x188.jpg 300w, https:\/\/fundacioateneusantroc.org\/wp-content\/uploads\/2022-reis-pessebre-vivent2-768x480.jpg 768w\" sizes=\"auto, (max-width: 1024px) 100vw, 1024px\" \/><\/figure>\n\n\n\n<figure class=\"wp-block-image size-large\"><img loading=\"lazy\" decoding=\"async\" width=\"1024\" height=\"640\" data-id=\"58780\" src=\"https:\/\/fundacioateneusantroc.org\/wp-content\/uploads\/2022-anunciacio\u0301-pessebre-vivent1.jpg\" alt=\"\" class=\"wp-image-58780\" srcset=\"https:\/\/fundacioateneusantroc.org\/wp-content\/uploads\/2022-anunciacio\u0301-pessebre-vivent1.jpg 1024w, https:\/\/fundacioateneusantroc.org\/wp-content\/uploads\/2022-anunciacio\u0301-pessebre-vivent1-300x188.jpg 300w, https:\/\/fundacioateneusantroc.org\/wp-content\/uploads\/2022-anunciacio\u0301-pessebre-vivent1-768x480.jpg 768w\" sizes=\"auto, (max-width: 1024px) 100vw, 1024px\" \/><\/figure>\n\n\n\n<figure class=\"wp-block-image size-large\"><img loading=\"lazy\" decoding=\"async\" width=\"1024\" height=\"640\" data-id=\"58796\" src=\"https:\/\/fundacioateneusantroc.org\/wp-content\/uploads\/2022-pastors-pessebre-vivent6.jpg\" alt=\"\" class=\"wp-image-58796\" srcset=\"https:\/\/fundacioateneusantroc.org\/wp-content\/uploads\/2022-pastors-pessebre-vivent6.jpg 1024w, https:\/\/fundacioateneusantroc.org\/wp-content\/uploads\/2022-pastors-pessebre-vivent6-300x188.jpg 300w, https:\/\/fundacioateneusantroc.org\/wp-content\/uploads\/2022-pastors-pessebre-vivent6-768x480.jpg 768w\" sizes=\"auto, (max-width: 1024px) 100vw, 1024px\" \/><\/figure>\n\n\n\n<figure class=\"wp-block-image size-large\"><img loading=\"lazy\" decoding=\"async\" width=\"1024\" height=\"640\" data-id=\"58807\" src=\"https:\/\/fundacioateneusantroc.org\/wp-content\/uploads\/2022-pastors-pessebre-vivent1.jpg\" alt=\"\" class=\"wp-image-58807\" srcset=\"https:\/\/fundacioateneusantroc.org\/wp-content\/uploads\/2022-pastors-pessebre-vivent1.jpg 1024w, https:\/\/fundacioateneusantroc.org\/wp-content\/uploads\/2022-pastors-pessebre-vivent1-300x188.jpg 300w, https:\/\/fundacioateneusantroc.org\/wp-content\/uploads\/2022-pastors-pessebre-vivent1-768x480.jpg 768w\" sizes=\"auto, (max-width: 1024px) 100vw, 1024px\" \/><\/figure>\n\n\n\n<figure class=\"wp-block-image size-large\"><img loading=\"lazy\" decoding=\"async\" width=\"1021\" height=\"681\" data-id=\"58778\" src=\"https:\/\/fundacioateneusantroc.org\/wp-content\/uploads\/2022-mercat-pessebre-vivent1.jpg\" alt=\"\" class=\"wp-image-58778\" srcset=\"https:\/\/fundacioateneusantroc.org\/wp-content\/uploads\/2022-mercat-pessebre-vivent1.jpg 1021w, https:\/\/fundacioateneusantroc.org\/wp-content\/uploads\/2022-mercat-pessebre-vivent1-300x200.jpg 300w, https:\/\/fundacioateneusantroc.org\/wp-content\/uploads\/2022-mercat-pessebre-vivent1-768x512.jpg 768w\" sizes=\"auto, (max-width: 1021px) 100vw, 1021px\" \/><\/figure>\n\n\n\n<figure class=\"wp-block-image size-large\"><img loading=\"lazy\" decoding=\"async\" width=\"1024\" height=\"640\" data-id=\"58784\" src=\"https:\/\/fundacioateneusantroc.org\/wp-content\/uploads\/2022-mercat-pessebre-vivent2.jpg\" alt=\"\" class=\"wp-image-58784\" srcset=\"https:\/\/fundacioateneusantroc.org\/wp-content\/uploads\/2022-mercat-pessebre-vivent2.jpg 1024w, https:\/\/fundacioateneusantroc.org\/wp-content\/uploads\/2022-mercat-pessebre-vivent2-300x188.jpg 300w, https:\/\/fundacioateneusantroc.org\/wp-content\/uploads\/2022-mercat-pessebre-vivent2-768x480.jpg 768w\" sizes=\"auto, (max-width: 1024px) 100vw, 1024px\" \/><\/figure>\n\n\n\n<figure class=\"wp-block-image size-large\"><img loading=\"lazy\" decoding=\"async\" width=\"1024\" height=\"640\" data-id=\"58786\" src=\"https:\/\/fundacioateneusantroc.org\/wp-content\/uploads\/2022-mercat-pessebre-vivent5.jpg\" alt=\"\" class=\"wp-image-58786\" srcset=\"https:\/\/fundacioateneusantroc.org\/wp-content\/uploads\/2022-mercat-pessebre-vivent5.jpg 1024w, https:\/\/fundacioateneusantroc.org\/wp-content\/uploads\/2022-mercat-pessebre-vivent5-300x188.jpg 300w, https:\/\/fundacioateneusantroc.org\/wp-content\/uploads\/2022-mercat-pessebre-vivent5-768x480.jpg 768w\" sizes=\"auto, (max-width: 1024px) 100vw, 1024px\" \/><\/figure>\n\n\n\n<figure class=\"wp-block-image size-large\"><img loading=\"lazy\" decoding=\"async\" width=\"1024\" height=\"640\" data-id=\"58792\" src=\"https:\/\/fundacioateneusantroc.org\/wp-content\/uploads\/2022-reis-pessebre-vivent3.jpg\" alt=\"\" class=\"wp-image-58792\" srcset=\"https:\/\/fundacioateneusantroc.org\/wp-content\/uploads\/2022-reis-pessebre-vivent3.jpg 1024w, https:\/\/fundacioateneusantroc.org\/wp-content\/uploads\/2022-reis-pessebre-vivent3-300x188.jpg 300w, https:\/\/fundacioateneusantroc.org\/wp-content\/uploads\/2022-reis-pessebre-vivent3-768x480.jpg 768w\" sizes=\"auto, (max-width: 1024px) 100vw, 1024px\" \/><\/figure>\n\n\n\n<figure class=\"wp-block-image size-large\"><img loading=\"lazy\" decoding=\"async\" width=\"1024\" height=\"640\" data-id=\"58794\" src=\"https:\/\/fundacioateneusantroc.org\/wp-content\/uploads\/2022-pastors-pessebre-vivent4.jpg\" alt=\"\" class=\"wp-image-58794\" srcset=\"https:\/\/fundacioateneusantroc.org\/wp-content\/uploads\/2022-pastors-pessebre-vivent4.jpg 1024w, https:\/\/fundacioateneusantroc.org\/wp-content\/uploads\/2022-pastors-pessebre-vivent4-300x188.jpg 300w, https:\/\/fundacioateneusantroc.org\/wp-content\/uploads\/2022-pastors-pessebre-vivent4-768x480.jpg 768w\" sizes=\"auto, (max-width: 1024px) 100vw, 1024px\" \/><\/figure>\n\n\n\n<figure class=\"wp-block-image size-large\"><img loading=\"lazy\" decoding=\"async\" width=\"1024\" height=\"640\" data-id=\"58802\" src=\"https:\/\/fundacioateneusantroc.org\/wp-content\/uploads\/2022-vestidors-pessebre-vivent9.jpg\" alt=\"\" class=\"wp-image-58802\" srcset=\"https:\/\/fundacioateneusantroc.org\/wp-content\/uploads\/2022-vestidors-pessebre-vivent9.jpg 1024w, https:\/\/fundacioateneusantroc.org\/wp-content\/uploads\/2022-vestidors-pessebre-vivent9-300x188.jpg 300w, https:\/\/fundacioateneusantroc.org\/wp-content\/uploads\/2022-vestidors-pessebre-vivent9-768x480.jpg 768w\" sizes=\"auto, (max-width: 1024px) 100vw, 1024px\" \/><\/figure>\n\n\n\n<figure class=\"wp-block-image size-large\"><img loading=\"lazy\" decoding=\"async\" width=\"1024\" height=\"640\" data-id=\"58766\" src=\"https:\/\/fundacioateneusantroc.org\/wp-content\/uploads\/2022-personatges-pessebre-vivent6.jpg\" alt=\"\" class=\"wp-image-58766\" srcset=\"https:\/\/fundacioateneusantroc.org\/wp-content\/uploads\/2022-personatges-pessebre-vivent6.jpg 1024w, https:\/\/fundacioateneusantroc.org\/wp-content\/uploads\/2022-personatges-pessebre-vivent6-300x188.jpg 300w, https:\/\/fundacioateneusantroc.org\/wp-content\/uploads\/2022-personatges-pessebre-vivent6-768x480.jpg 768w\" sizes=\"auto, (max-width: 1024px) 100vw, 1024px\" \/><\/figure>\n<\/figure>\n\n\n\n<h2 class=\"wp-block-heading\">Moltes gr\u00e0cies! <\/h2>\n\n\n\n<p class=\"has-black-color has-text-color\">A totes les participants d&#8217;aquesta 36a <strong>Mostra de pessebres<\/strong>, amb la col\u00b7laboraci\u00f3 de Comunalitat BDN sud. <\/p>\n\n\n\n<p class=\"has-black-color has-text-color\">A cadascun dels actors, actrius, encarregats del so, de la m\u00fasica, de l&#8217;escenari, lectores, m\u00fasics i cantaires del <strong>Pessebre vivent<\/strong>.<\/p>\n\n\n\n<p class=\"has-black-color has-text-color\">A totes les escoles, grups i p\u00fablic que ha vingut a visitar-nos i compartir.<\/p>\n\n\n\n<h2 class=\"wp-block-heading\">I Bon Nadal a tothom! <\/h2>\n\n\n\n<p class=\"has-black-color has-text-color\">Que, com deia Pere Casald\u00e0liga<strong>:<\/strong><\/p>\n\n\n\n<h3 class=\"has-black-color has-text-color wp-block-heading\">&#8220;No oblidem que la soluci\u00f3 sempre \u00e9s l\u2019esperan\u00e7a!&#8221;<\/h3>\n\n\n\n<div style=\"height:24px\" aria-hidden=\"true\" class=\"wp-block-spacer\"><\/div>\n\n\n\n<figure class=\"wp-block-embed is-type-video is-provider-youtube wp-block-embed-youtube wp-embed-aspect-16-9 wp-has-aspect-ratio\"><div class=\"wp-block-embed__wrapper\">\n<iframe loading=\"lazy\" title=\"2022 Pessebre vivent\" width=\"500\" height=\"281\" src=\"https:\/\/www.youtube.com\/embed\/1MukH8h5NDk?feature=oembed\" frameborder=\"0\" allow=\"accelerometer; autoplay; clipboard-write; encrypted-media; gyroscope; picture-in-picture; web-share\" referrerpolicy=\"strict-origin-when-cross-origin\" allowfullscreen><\/iframe>\n<\/div><\/figure>\n","protected":false},"excerpt":{"rendered":"<p>La Mostra de pessebres Enguany la mostra ha estat un \u00e8xit de participaci\u00f3 i compta amb [&hellip;]<\/p>\n","protected":false},"author":2,"featured_media":58788,"comment_status":"open","ping_status":"open","sticky":false,"template":"","format":"standard","meta":{"footnotes":""},"categories":[1],"tags":[1161,734,109,748,1160,108],"class_list":["post-58748","post","type-post","status-publish","format-standard","has-post-thumbnail","hentry","category-actualitat","tag-pensaunnadalsolidari","tag-dinamitzacio-sociocultural","tag-mostra-de-pessebres","tag-nadal","tag-nadal-solidari","tag-pessebre-vivent"],"_links":{"self":[{"href":"https:\/\/fundacioateneusantroc.org\/es\/wp-json\/wp\/v2\/posts\/58748","targetHints":{"allow":["GET"]}}],"collection":[{"href":"https:\/\/fundacioateneusantroc.org\/es\/wp-json\/wp\/v2\/posts"}],"about":[{"href":"https:\/\/fundacioateneusantroc.org\/es\/wp-json\/wp\/v2\/types\/post"}],"author":[{"embeddable":true,"href":"https:\/\/fundacioateneusantroc.org\/es\/wp-json\/wp\/v2\/users\/2"}],"replies":[{"embeddable":true,"href":"https:\/\/fundacioateneusantroc.org\/es\/wp-json\/wp\/v2\/comments?post=58748"}],"version-history":[{"count":29,"href":"https:\/\/fundacioateneusantroc.org\/es\/wp-json\/wp\/v2\/posts\/58748\/revisions"}],"predecessor-version":[{"id":58945,"href":"https:\/\/fundacioateneusantroc.org\/es\/wp-json\/wp\/v2\/posts\/58748\/revisions\/58945"}],"wp:featuredmedia":[{"embeddable":true,"href":"https:\/\/fundacioateneusantroc.org\/es\/wp-json\/wp\/v2\/media\/58788"}],"wp:attachment":[{"href":"https:\/\/fundacioateneusantroc.org\/es\/wp-json\/wp\/v2\/media?parent=58748"}],"wp:term":[{"taxonomy":"category","embeddable":true,"href":"https:\/\/fundacioateneusantroc.org\/es\/wp-json\/wp\/v2\/categories?post=58748"},{"taxonomy":"post_tag","embeddable":true,"href":"https:\/\/fundacioateneusantroc.org\/es\/wp-json\/wp\/v2\/tags?post=58748"}],"curies":[{"name":"wp","href":"https:\/\/api.w.org\/{rel}","templated":true}]}}