{"id":59280,"date":"2023-06-21T12:21:00","date_gmt":"2023-06-21T10:21:00","guid":{"rendered":"https:\/\/fundacioateneusantroc.org\/?p=59280"},"modified":"2023-07-31T10:07:07","modified_gmt":"2023-07-31T08:07:07","slug":"lluis-font","status":"publish","type":"post","link":"https:\/\/fundacioateneusantroc.org\/es\/lluis-font\/","title":{"rendered":"Llu\u00eds Font"},"content":{"rendered":"\n<p>Un dia d\u2019estiu, ara fa uns vint anys, en Llu\u00eds ens va convocar a Sant Adri\u00e0 de Bes\u00f2s, per oferir-nos el material escolar d\u2019un centre educatiu que tancava les seves portes. I aix\u00ed, com si res, es va anant apropant a l\u2019Ateneu\u2026 i va posar un peu, i despr\u00e9s dos\u2026 i ara, una part important d&#8217;ell mateix.<\/p>\n\n\n\n<p>Va arribar com un vent fort, amb empenta, acostumat a prendre decisions r\u00e0pides i determinants, i a poc a poc va anar canviant la seva manera de fer, acompassant-se a l\u2019anar fent de l&#8217;Ateneu, sense presses, sense pauses, amb un pas darrere l&#8217;altre, afermant projectes i gesti\u00f3.<\/p>\n\n\n\n<p>Les seves conviccions l\u2019han portat al seu comprom\u00eds social, a creure que un altre m\u00f3n \u00e9s possible i que les desigualtats no s\u00f3n bones per a ning\u00fa.<\/p>\n\n\n\n<p><strong>En Llu\u00eds \u00e9s un empresari implicat en la societat,<\/strong> content d\u2019haver trobat l\u2019Ateneu al seu cam\u00ed i orgull\u00f3s de la tasca educativa que desenvolupa. Ell mateix diu: \u2014Nosaltres formem part del barri, som referents&#8230; Tenim voluntaris supercompromesos, hi ha un equip professional din\u00e0mic i amb molta il\u00b7lusi\u00f3 acompanyant a la gent\u2026 Fam\u00edlies que veuen com aquest projecte integral els ajuda en l&#8217;educaci\u00f3 dels seus fills i incl\u00fas dels seus nets\u2026 per tal d&#8217;aconseguir la plena autonomia. \u2014Amb aquesta empenta convida a d\u2019altres a involucrar-se per la transformaci\u00f3 social, en especial a Sant Roc. <\/p>\n\n\n\n<p>Per la seva experi\u00e8ncia i el seu tarann\u00e0, fa molt que <strong>forma part del Patronat de l&#8217;entitat<\/strong> i ha estat i \u00e9s clau en la cerca de recursos i noves formes d\u2019interaccionar. Plegats hem apr\u00e8s qu\u00e8 vol dir la sostenibilitat, i que incl\u00fas en moments de crisi cal ser agosarat. Sabedor que les lluites s&#8217;aconsegueixen treballant, no s&#8217;arrauleix i posa sempre la fita un xic m\u00e9s enll\u00e0. Aix\u00ed \u00e9s com dona empenta al <strong>projecte <em>Seguir Rodant<\/em> <\/strong>gr\u00e0cies a la complicitat de la seva empresa Velamen. Un projecte que consisteix a enfortir tota la part de captaci\u00f3 de fons privats de l&#8217;Ateneu. \u2014Vinga som-hi anem endavant cap a la sostenibilitat, que el barri s\u2019ho val!<\/p>\n\n\n\n<p>Sortint d&#8217;una reuni\u00f3 de patronat, amb una mica d&#8217;ensarronada fem aquesta fotografia, i espont\u00e0niament diu: \u2014Aqu\u00ed, aqu\u00ed que hi ha el cartell de fes-te soci\/a. \u2014I \u00e9s que amb somriure dol\u00e7, de vegades sorneguer, per\u00f2 amb tenacitat i convenciment contagiosos, la seva participaci\u00f3 \u00e9s la mostra que junts, podem fer molt m\u00e9s per Sant Roc, nom\u00e9s cal sumar-s&#8217;hi.<\/p>\n\n\n\n<p>Gr\u00e0cies, Llu\u00eds!<\/p>\n\n\n\n<p class=\"has-text-align-right\"><em>Anna Vicente i Roser Corbera (Juny 2023)<\/em><\/p>\n","protected":false},"excerpt":{"rendered":"<p>Un dia d\u2019estiu, ara fa uns vint anys, en Llu\u00eds ens va convocar a Sant Adri\u00e0 [&hellip;]<\/p>\n","protected":false},"author":2,"featured_media":61242,"comment_status":"open","ping_status":"open","sticky":false,"template":"","format":"standard","meta":{"footnotes":""},"categories":[1089,1],"tags":[147,744],"class_list":["post-59280","post","type-post","status-publish","format-standard","has-post-thumbnail","hentry","category-retrats","category-actualitat","tag-voluntariat","tag-voluntaris"],"_links":{"self":[{"href":"https:\/\/fundacioateneusantroc.org\/es\/wp-json\/wp\/v2\/posts\/59280","targetHints":{"allow":["GET"]}}],"collection":[{"href":"https:\/\/fundacioateneusantroc.org\/es\/wp-json\/wp\/v2\/posts"}],"about":[{"href":"https:\/\/fundacioateneusantroc.org\/es\/wp-json\/wp\/v2\/types\/post"}],"author":[{"embeddable":true,"href":"https:\/\/fundacioateneusantroc.org\/es\/wp-json\/wp\/v2\/users\/2"}],"replies":[{"embeddable":true,"href":"https:\/\/fundacioateneusantroc.org\/es\/wp-json\/wp\/v2\/comments?post=59280"}],"version-history":[{"count":10,"href":"https:\/\/fundacioateneusantroc.org\/es\/wp-json\/wp\/v2\/posts\/59280\/revisions"}],"predecessor-version":[{"id":61204,"href":"https:\/\/fundacioateneusantroc.org\/es\/wp-json\/wp\/v2\/posts\/59280\/revisions\/61204"}],"wp:featuredmedia":[{"embeddable":true,"href":"https:\/\/fundacioateneusantroc.org\/es\/wp-json\/wp\/v2\/media\/61242"}],"wp:attachment":[{"href":"https:\/\/fundacioateneusantroc.org\/es\/wp-json\/wp\/v2\/media?parent=59280"}],"wp:term":[{"taxonomy":"category","embeddable":true,"href":"https:\/\/fundacioateneusantroc.org\/es\/wp-json\/wp\/v2\/categories?post=59280"},{"taxonomy":"post_tag","embeddable":true,"href":"https:\/\/fundacioateneusantroc.org\/es\/wp-json\/wp\/v2\/tags?post=59280"}],"curies":[{"name":"wp","href":"https:\/\/api.w.org\/{rel}","templated":true}]}}