{"id":59283,"date":"2023-02-21T19:00:15","date_gmt":"2023-02-21T18:00:15","guid":{"rendered":"https:\/\/fundacioateneusantroc.org\/?p=59283"},"modified":"2024-07-15T22:24:33","modified_gmt":"2024-07-15T20:24:33","slug":"anna-vicente","status":"publish","type":"post","link":"https:\/\/fundacioateneusantroc.org\/es\/anna-vicente\/","title":{"rendered":"Anna Vicente"},"content":{"rendered":"\n<p>Ara mateix ens apropem a ella, est\u00e0 a l&#8217;entrada de l&#8217;Ateneu fent l&#8217;acollida. A les mans, hi t\u00e9 un llibre d&#8217;alguna altra proposta ecologista. Als ulls, aquella generositat atemporal caracter\u00edstica. Sembla distreta, per\u00f2 ja ens ha somrigut de re\u00fcll. I \u00e9s que retratar l&#8217;Anna \u00e9s endinsar-se en la quotidianitat amb la qual constantment descobreix i participa de la realitat que l&#8217;envolta.<\/p>\n\n\n\n<p>L&#8217;Anna \u00e9s mestra, mestra de mestres, implicada des de sempre en la igualtat, la just\u00edcia i la transformaci\u00f3 social. Un bon dia dels anys noranta, aterra a la Fira de Sant Roc amb els seus quadres de punt de creu i molt aviat s&#8217;identifica amb la missi\u00f3 de l&#8217;Ateneu, els seus valors i la seva gent. Sempre sumant, sempre atenta, sempre disposada.<\/p>\n\n\n\n<p>Des d&#8217;aleshores, fent cam\u00ed, la seva veu ressona a l&#8217;esgl\u00e9sia quan presenta el concert de la coral, la seva expertesa plana a les reunions del projecte de formaci\u00f3, recorda les tardes a l&#8217;Esplai mentre acomiada els nens i nenes que surten d&#8217;excursi\u00f3, a la reuni\u00f3 de medi ambient ensenya indignada fotografies de llocs del barri on abans hi havia arbres, inaugura l&#8217;exposici\u00f3 d&#8217;arpilleres, revisa l\u2019arxiu fotogr\u00e0fic, recita un poema de Casald\u00e0liga, escriu un article per a la p\u00e0gina web\u2026<\/p>\n\n\n\n<p>Amb l&#8217;inici d&#8217;aquest 2023 s&#8217;estrena com a presidenta de la Fundaci\u00f3 Ateneu Sant Roc i amb la seva naturalitat, el seu car\u00e0cter afable i proper, humilment continua encoratjada a reivindicar un barri per a tothom, una Badalona de totes, vetllant pels drets humans i ecosocials de les persones.<\/p>\n\n\n\n<p>L\u2019Anna, ahir i avui, es mant\u00e9 fidel a l\u2019esperan\u00e7a, ella espera\u2026 Per\u00f2 t\u00e9 clar que mentrestant, cal seguir caminant i endavant!<\/p>\n\n\n\n<p class=\"has-text-align-right\"><em>Ricard Figuerola (16 de febrer de 2023)<\/em><\/p>\n","protected":false},"excerpt":{"rendered":"<p>Ara mateix ens apropem a ella, est\u00e0 a l&#8217;entrada de l&#8217;Ateneu fent l&#8217;acollida. A les mans, [&hellip;]<\/p>\n","protected":false},"author":2,"featured_media":61247,"comment_status":"open","ping_status":"open","sticky":false,"template":"","format":"standard","meta":{"footnotes":""},"categories":[1089,1],"tags":[742,147,744],"class_list":["post-59283","post","type-post","status-publish","format-standard","has-post-thumbnail","hentry","category-retrats","category-actualitat","tag-formacio-i-voluntariat","tag-voluntariat","tag-voluntaris"],"_links":{"self":[{"href":"https:\/\/fundacioateneusantroc.org\/es\/wp-json\/wp\/v2\/posts\/59283","targetHints":{"allow":["GET"]}}],"collection":[{"href":"https:\/\/fundacioateneusantroc.org\/es\/wp-json\/wp\/v2\/posts"}],"about":[{"href":"https:\/\/fundacioateneusantroc.org\/es\/wp-json\/wp\/v2\/types\/post"}],"author":[{"embeddable":true,"href":"https:\/\/fundacioateneusantroc.org\/es\/wp-json\/wp\/v2\/users\/2"}],"replies":[{"embeddable":true,"href":"https:\/\/fundacioateneusantroc.org\/es\/wp-json\/wp\/v2\/comments?post=59283"}],"version-history":[{"count":4,"href":"https:\/\/fundacioateneusantroc.org\/es\/wp-json\/wp\/v2\/posts\/59283\/revisions"}],"predecessor-version":[{"id":59438,"href":"https:\/\/fundacioateneusantroc.org\/es\/wp-json\/wp\/v2\/posts\/59283\/revisions\/59438"}],"wp:featuredmedia":[{"embeddable":true,"href":"https:\/\/fundacioateneusantroc.org\/es\/wp-json\/wp\/v2\/media\/61247"}],"wp:attachment":[{"href":"https:\/\/fundacioateneusantroc.org\/es\/wp-json\/wp\/v2\/media?parent=59283"}],"wp:term":[{"taxonomy":"category","embeddable":true,"href":"https:\/\/fundacioateneusantroc.org\/es\/wp-json\/wp\/v2\/categories?post=59283"},{"taxonomy":"post_tag","embeddable":true,"href":"https:\/\/fundacioateneusantroc.org\/es\/wp-json\/wp\/v2\/tags?post=59283"}],"curies":[{"name":"wp","href":"https:\/\/api.w.org\/{rel}","templated":true}]}}