{"id":59488,"date":"2023-04-12T13:30:11","date_gmt":"2023-04-12T11:30:11","guid":{"rendered":"https:\/\/fundacioateneusantroc.org\/?p=59488"},"modified":"2024-07-15T22:23:16","modified_gmt":"2024-07-15T20:23:16","slug":"jordi-silvestre","status":"publish","type":"post","link":"https:\/\/fundacioateneusantroc.org\/es\/jordi-silvestre\/","title":{"rendered":"Jordi Silvestre"},"content":{"rendered":"\n<p><strong><em>Antena<\/em> busca Jordi! <\/strong>Aquest lema acompanya al Jordi Silvestre des de fa uns quants anys; \u00e9s el nom que rep l\u2019orientaci\u00f3 que fa als i les joves sobre itineraris acad\u00e8mics. Quan entra per la porta de l\u2019Ateneu, t\u00e9 una missi\u00f3 molt clara, i no \u00e9s gens dif\u00edcil treure-li el somriure.<\/p>\n\n\n\n<p>El Jordi, de vocaci\u00f3 incansable i psic\u00f2leg de professi\u00f3, transmet el realisme i el comprom\u00eds social que forma part de la seva hist\u00f2ria. Atent a l\u2019experi\u00e8ncia, els peus a terra i la mirada cap al futur, els pregunta qu\u00e8 volen fer. I escolta, i espera, amb la paci\u00e8ncia del mestre que explica sense presses, amb l\u2019esperit cr\u00edtic i una estima responsable cap a la missi\u00f3 de l\u2019Ateneu. Els i les joves se senten segurs del seu acompanyament.<\/p>\n\n\n\n<p>Fer un retrat del Jordi Silvestre s\u2019assembla a mantenir una conversa amb ell; et ve al cap l\u2019afable manera de conversar i compartir experi\u00e8ncies. Sempre \u00e9s un bon moment per xerrar, compartir i valorar.<\/p>\n\n\n\n<p>Sap que el futur \u00e9s incert, potser m\u00e9s que mai, per\u00f2 en tot moment<strong> la seva pres\u00e8ncia \u00e9s al\u00e8 i lluita. <\/strong>Tamb\u00e9 esperit cr\u00edtic en les reunions d\u2019educadors i educadores.<\/p>\n\n\n\n<p>Ben segur, que en la traject\u00f2ria dels i les joves, seran significatives les antenes del Jordi a les aules d\u2019estudi, davant d\u2019un ordinador, amb paci\u00e8ncia, amb estima, amb esperan\u00e7a!<\/p>\n\n\n\n<p class=\"has-text-align-right\"><em>Maite Do\u00f1\u00e1gueda Ayala (Mar\u00e7 2023)<\/em><\/p>\n","protected":false},"excerpt":{"rendered":"<p>Antena busca Jordi! Aquest lema acompanya al Jordi Silvestre des de fa uns quants anys; \u00e9s [&hellip;]<\/p>\n","protected":false},"author":2,"featured_media":61245,"comment_status":"open","ping_status":"open","sticky":false,"template":"","format":"standard","meta":{"footnotes":""},"categories":[1089,1],"tags":[1609,147,744],"class_list":["post-59488","post","type-post","status-publish","format-standard","has-post-thumbnail","hentry","category-retrats","category-actualitat","tag-centre-obert-joves","tag-voluntariat","tag-voluntaris"],"_links":{"self":[{"href":"https:\/\/fundacioateneusantroc.org\/es\/wp-json\/wp\/v2\/posts\/59488","targetHints":{"allow":["GET"]}}],"collection":[{"href":"https:\/\/fundacioateneusantroc.org\/es\/wp-json\/wp\/v2\/posts"}],"about":[{"href":"https:\/\/fundacioateneusantroc.org\/es\/wp-json\/wp\/v2\/types\/post"}],"author":[{"embeddable":true,"href":"https:\/\/fundacioateneusantroc.org\/es\/wp-json\/wp\/v2\/users\/2"}],"replies":[{"embeddable":true,"href":"https:\/\/fundacioateneusantroc.org\/es\/wp-json\/wp\/v2\/comments?post=59488"}],"version-history":[{"count":4,"href":"https:\/\/fundacioateneusantroc.org\/es\/wp-json\/wp\/v2\/posts\/59488\/revisions"}],"predecessor-version":[{"id":59717,"href":"https:\/\/fundacioateneusantroc.org\/es\/wp-json\/wp\/v2\/posts\/59488\/revisions\/59717"}],"wp:featuredmedia":[{"embeddable":true,"href":"https:\/\/fundacioateneusantroc.org\/es\/wp-json\/wp\/v2\/media\/61245"}],"wp:attachment":[{"href":"https:\/\/fundacioateneusantroc.org\/es\/wp-json\/wp\/v2\/media?parent=59488"}],"wp:term":[{"taxonomy":"category","embeddable":true,"href":"https:\/\/fundacioateneusantroc.org\/es\/wp-json\/wp\/v2\/categories?post=59488"},{"taxonomy":"post_tag","embeddable":true,"href":"https:\/\/fundacioateneusantroc.org\/es\/wp-json\/wp\/v2\/tags?post=59488"}],"curies":[{"name":"wp","href":"https:\/\/api.w.org\/{rel}","templated":true}]}}