{"id":59579,"date":"2023-03-27T21:01:38","date_gmt":"2023-03-27T19:01:38","guid":{"rendered":"https:\/\/fundacioateneusantroc.org\/?p=59579"},"modified":"2023-07-31T10:41:58","modified_gmt":"2023-07-31T08:41:58","slug":"dones-de-sant-roc-histories-de-vida-el-grup-darpilleres-a-la-uab","status":"publish","type":"post","link":"https:\/\/fundacioateneusantroc.org\/es\/dones-de-sant-roc-histories-de-vida-el-grup-darpilleres-a-la-uab\/","title":{"rendered":"Dones de Sant Roc, hist\u00f2ries de vida. El grup d&#8217;arpilleres a la UAB"},"content":{"rendered":"\n<p>El 9 de mar\u00e7 de 2023, amb motiu del Dia de la Dona Treballadora, la Fundaci\u00f3 va portar per primera vegada les arpilleres a la Universitat Aut\u00f2noma de Barcelona. Les arpilleres de la col\u00b7lecci\u00f3 \u201cSant Roc, un barri divers\u201d, s\u2019exposen fins a l\u201911 d\u2019abril a la sala Tarotdequinze a la <a href=\"https:\/\/www.uab.cat\/web\/detall-de-noticia\/dones-de-sant-roc-histories-de-vida-exposicio-d-arpilleres-sant-roc-un-barri-divers-1345697212743.html?noticiaid=1345882670702\" target=\"_blank\" rel=\"noreferrer noopener\">Facultat de Filosofia i Lletres<\/a>.<\/p>\n\n\n\n<p>L\u2019acte d\u2019inauguraci\u00f3 va comen\u00e7ar amb la presentaci\u00f3 de la Degana de la Facultat, Margarida Freixas, que va parlar de la import\u00e0ncia de con\u00e8ixer viv\u00e8ncies com les de les arpilleristes al context universitari. A continuaci\u00f3 l&#8217;Anna Vicente, presidenta de l&#8217;Ateneu Sant Roc va agrair l&#8217;acollida, seguida de les arpilleristes que van presentar les seves obres, explicant el que havien significat per cada una i com les obres es relacionen amb la manera en qu\u00e8 viuen el barri de Sant Roc. Per acabar, el professor Daniel Ortega i Raquel Yafari van establir un di\u00e0leg sobre la perspectiva de g\u00e8nere a l\u2019\u00e0mbit cultural i educatiu.<\/p>\n\n\n\n<p>El divendres 17 de mar\u00e7, a m\u00e9s, el grup d&#8217;arpilleres va participar en el primer festival de filosofia amb perspectiva de g\u00e8nere celebrat a la mateixa Facultat, la <a href=\"https:\/\/www.uab.cat\/web\/sala-de-premsa\/detall-noticia\/no-saps-el-que-t-espera-la-dionisiaca-1345829508832.html?detid=1345882663973\" target=\"_blank\" rel=\"noreferrer noopener\">Festa de la Dionis\u00edaca<\/a>. En aquesta ocasi\u00f3, les arpilleristes van parlar de com les arpilleres s\u00f3n una eina de mem\u00f2ria t\u00e8xtil i, aix\u00ed mateix, de den\u00fancia pol\u00edtica i reivindicaci\u00f3 dels drets fonamentals.<\/p>\n\n\n\n<figure class=\"wp-block-gallery has-nested-images columns-default is-cropped wp-block-gallery-1 is-layout-flex wp-block-gallery-is-layout-flex\">\n<figure class=\"wp-block-image size-large\"><img loading=\"lazy\" decoding=\"async\" width=\"1024\" height=\"640\" data-id=\"59589\" src=\"https:\/\/fundacioateneusantroc.org\/wp-content\/uploads\/2023sant-roc-divers-uab6.jpg\" alt=\"\" class=\"wp-image-59589\" srcset=\"https:\/\/fundacioateneusantroc.org\/wp-content\/uploads\/2023sant-roc-divers-uab6.jpg 1024w, https:\/\/fundacioateneusantroc.org\/wp-content\/uploads\/2023sant-roc-divers-uab6-300x188.jpg 300w, https:\/\/fundacioateneusantroc.org\/wp-content\/uploads\/2023sant-roc-divers-uab6-768x480.jpg 768w\" sizes=\"auto, (max-width: 1024px) 100vw, 1024px\" \/><\/figure>\n\n\n\n<figure class=\"wp-block-image size-large\"><img loading=\"lazy\" decoding=\"async\" width=\"1024\" height=\"640\" data-id=\"59591\" src=\"https:\/\/fundacioateneusantroc.org\/wp-content\/uploads\/2023sant-roc-divers-uab4.jpg\" alt=\"\" class=\"wp-image-59591\" srcset=\"https:\/\/fundacioateneusantroc.org\/wp-content\/uploads\/2023sant-roc-divers-uab4.jpg 1024w, https:\/\/fundacioateneusantroc.org\/wp-content\/uploads\/2023sant-roc-divers-uab4-300x188.jpg 300w, https:\/\/fundacioateneusantroc.org\/wp-content\/uploads\/2023sant-roc-divers-uab4-768x480.jpg 768w\" sizes=\"auto, (max-width: 1024px) 100vw, 1024px\" \/><\/figure>\n\n\n\n<figure class=\"wp-block-image size-large\"><img loading=\"lazy\" decoding=\"async\" width=\"1024\" height=\"640\" data-id=\"59583\" src=\"https:\/\/fundacioateneusantroc.org\/wp-content\/uploads\/2023sant-roc-divers-uab2.jpg\" alt=\"\" class=\"wp-image-59583\" srcset=\"https:\/\/fundacioateneusantroc.org\/wp-content\/uploads\/2023sant-roc-divers-uab2.jpg 1024w, https:\/\/fundacioateneusantroc.org\/wp-content\/uploads\/2023sant-roc-divers-uab2-300x188.jpg 300w, https:\/\/fundacioateneusantroc.org\/wp-content\/uploads\/2023sant-roc-divers-uab2-768x480.jpg 768w\" sizes=\"auto, (max-width: 1024px) 100vw, 1024px\" \/><\/figure>\n\n\n\n<figure class=\"wp-block-image size-large\"><img loading=\"lazy\" decoding=\"async\" width=\"1024\" height=\"640\" data-id=\"59581\" src=\"https:\/\/fundacioateneusantroc.org\/wp-content\/uploads\/2023sant-roc-divers-uab1.jpg\" alt=\"\" class=\"wp-image-59581\" srcset=\"https:\/\/fundacioateneusantroc.org\/wp-content\/uploads\/2023sant-roc-divers-uab1.jpg 1024w, https:\/\/fundacioateneusantroc.org\/wp-content\/uploads\/2023sant-roc-divers-uab1-300x188.jpg 300w, https:\/\/fundacioateneusantroc.org\/wp-content\/uploads\/2023sant-roc-divers-uab1-768x480.jpg 768w\" sizes=\"auto, (max-width: 1024px) 100vw, 1024px\" \/><\/figure>\n\n\n\n<figure class=\"wp-block-image size-large\"><img loading=\"lazy\" decoding=\"async\" width=\"1024\" height=\"640\" data-id=\"59585\" src=\"https:\/\/fundacioateneusantroc.org\/wp-content\/uploads\/2023sant-roc-divers-uab3.jpg\" alt=\"\" class=\"wp-image-59585\" srcset=\"https:\/\/fundacioateneusantroc.org\/wp-content\/uploads\/2023sant-roc-divers-uab3.jpg 1024w, https:\/\/fundacioateneusantroc.org\/wp-content\/uploads\/2023sant-roc-divers-uab3-300x188.jpg 300w, https:\/\/fundacioateneusantroc.org\/wp-content\/uploads\/2023sant-roc-divers-uab3-768x480.jpg 768w\" sizes=\"auto, (max-width: 1024px) 100vw, 1024px\" \/><\/figure>\n\n\n\n<figure class=\"wp-block-image size-large\"><img loading=\"lazy\" decoding=\"async\" width=\"1024\" height=\"640\" data-id=\"59587\" src=\"https:\/\/fundacioateneusantroc.org\/wp-content\/uploads\/2023sant-roc-divers-uab5.jpg\" alt=\"\" class=\"wp-image-59587\" srcset=\"https:\/\/fundacioateneusantroc.org\/wp-content\/uploads\/2023sant-roc-divers-uab5.jpg 1024w, https:\/\/fundacioateneusantroc.org\/wp-content\/uploads\/2023sant-roc-divers-uab5-300x188.jpg 300w, https:\/\/fundacioateneusantroc.org\/wp-content\/uploads\/2023sant-roc-divers-uab5-768x480.jpg 768w\" sizes=\"auto, (max-width: 1024px) 100vw, 1024px\" \/><\/figure>\n\n\n\n<figure class=\"wp-block-image size-large\"><img loading=\"lazy\" decoding=\"async\" width=\"1024\" height=\"640\" data-id=\"59597\" src=\"https:\/\/fundacioateneusantroc.org\/wp-content\/uploads\/2023sant-roc-divers-uab9.jpg\" alt=\"\" class=\"wp-image-59597\" srcset=\"https:\/\/fundacioateneusantroc.org\/wp-content\/uploads\/2023sant-roc-divers-uab9.jpg 1024w, https:\/\/fundacioateneusantroc.org\/wp-content\/uploads\/2023sant-roc-divers-uab9-300x188.jpg 300w, https:\/\/fundacioateneusantroc.org\/wp-content\/uploads\/2023sant-roc-divers-uab9-768x480.jpg 768w\" sizes=\"auto, (max-width: 1024px) 100vw, 1024px\" \/><\/figure>\n\n\n\n<figure class=\"wp-block-image size-large\"><img loading=\"lazy\" decoding=\"async\" width=\"1024\" height=\"640\" data-id=\"59595\" src=\"https:\/\/fundacioateneusantroc.org\/wp-content\/uploads\/2023sant-roc-divers-uab8.jpg\" alt=\"\" class=\"wp-image-59595\" srcset=\"https:\/\/fundacioateneusantroc.org\/wp-content\/uploads\/2023sant-roc-divers-uab8.jpg 1024w, https:\/\/fundacioateneusantroc.org\/wp-content\/uploads\/2023sant-roc-divers-uab8-300x188.jpg 300w, https:\/\/fundacioateneusantroc.org\/wp-content\/uploads\/2023sant-roc-divers-uab8-768x480.jpg 768w\" sizes=\"auto, (max-width: 1024px) 100vw, 1024px\" \/><\/figure>\n<\/figure>\n\n\n\n<figure class=\"wp-block-gallery has-nested-images columns-default is-cropped wp-block-gallery-2 is-layout-flex wp-block-gallery-is-layout-flex\">\n<figure class=\"wp-block-image size-large\"><img loading=\"lazy\" decoding=\"async\" width=\"2095\" height=\"740\" data-id=\"59648\" src=\"https:\/\/fundacioateneusantroc.org\/wp-content\/uploads\/programa-dionisiaca.jpg\" alt=\"\" class=\"wp-image-59648\" srcset=\"https:\/\/fundacioateneusantroc.org\/wp-content\/uploads\/programa-dionisiaca.jpg 2095w, https:\/\/fundacioateneusantroc.org\/wp-content\/uploads\/programa-dionisiaca-300x106.jpg 300w, https:\/\/fundacioateneusantroc.org\/wp-content\/uploads\/programa-dionisiaca-1024x362.jpg 1024w, https:\/\/fundacioateneusantroc.org\/wp-content\/uploads\/programa-dionisiaca-768x271.jpg 768w, https:\/\/fundacioateneusantroc.org\/wp-content\/uploads\/programa-dionisiaca-1536x543.jpg 1536w, https:\/\/fundacioateneusantroc.org\/wp-content\/uploads\/programa-dionisiaca-2048x723.jpg 2048w\" sizes=\"auto, (max-width: 2095px) 100vw, 2095px\" \/><\/figure>\n<\/figure>\n","protected":false},"excerpt":{"rendered":"<p>El 9 de mar\u00e7 de 2023, amb motiu del Dia de la Dona Treballadora, la Fundaci\u00f3 [&hellip;]<\/p>\n","protected":false},"author":2,"featured_media":59593,"comment_status":"open","ping_status":"open","sticky":false,"template":"","format":"standard","meta":{"footnotes":""},"categories":[787,1],"tags":[28],"class_list":["post-59579","post","type-post","status-publish","format-standard","has-post-thumbnail","hentry","category-les-arpilleres","category-actualitat","tag-arpilleras"],"_links":{"self":[{"href":"https:\/\/fundacioateneusantroc.org\/es\/wp-json\/wp\/v2\/posts\/59579","targetHints":{"allow":["GET"]}}],"collection":[{"href":"https:\/\/fundacioateneusantroc.org\/es\/wp-json\/wp\/v2\/posts"}],"about":[{"href":"https:\/\/fundacioateneusantroc.org\/es\/wp-json\/wp\/v2\/types\/post"}],"author":[{"embeddable":true,"href":"https:\/\/fundacioateneusantroc.org\/es\/wp-json\/wp\/v2\/users\/2"}],"replies":[{"embeddable":true,"href":"https:\/\/fundacioateneusantroc.org\/es\/wp-json\/wp\/v2\/comments?post=59579"}],"version-history":[{"count":6,"href":"https:\/\/fundacioateneusantroc.org\/es\/wp-json\/wp\/v2\/posts\/59579\/revisions"}],"predecessor-version":[{"id":59650,"href":"https:\/\/fundacioateneusantroc.org\/es\/wp-json\/wp\/v2\/posts\/59579\/revisions\/59650"}],"wp:featuredmedia":[{"embeddable":true,"href":"https:\/\/fundacioateneusantroc.org\/es\/wp-json\/wp\/v2\/media\/59593"}],"wp:attachment":[{"href":"https:\/\/fundacioateneusantroc.org\/es\/wp-json\/wp\/v2\/media?parent=59579"}],"wp:term":[{"taxonomy":"category","embeddable":true,"href":"https:\/\/fundacioateneusantroc.org\/es\/wp-json\/wp\/v2\/categories?post=59579"},{"taxonomy":"post_tag","embeddable":true,"href":"https:\/\/fundacioateneusantroc.org\/es\/wp-json\/wp\/v2\/tags?post=59579"}],"curies":[{"name":"wp","href":"https:\/\/api.w.org\/{rel}","templated":true}]}}