{"id":61150,"date":"2023-06-20T17:54:53","date_gmt":"2023-06-20T15:54:53","guid":{"rendered":"https:\/\/fundacioateneusantroc.org\/?p=61150"},"modified":"2023-07-14T12:17:23","modified_gmt":"2023-07-14T10:17:23","slug":"sopar-de-gala-per-celebrar-el-final-de-curs","status":"publish","type":"post","link":"https:\/\/fundacioateneusantroc.org\/es\/sopar-de-gala-per-celebrar-el-final-de-curs\/","title":{"rendered":"Sopar de Gala per celebrar el final de curs"},"content":{"rendered":"\n<p>El dijous, 15 de juny, els grups de joves de l&#8217;Ateneu vam acomiadar el curs amb el tradicional Sopar de Gala.<\/p>\n\n\n\n<p>Despr\u00e9s d&#8217;un curs intens d&#8217;estudis i activitats on hem apr\u00e8s i compartit plegats, va arribar el moment de celebrar els \u00e8xits i els prop\u00f2sits abans del descans i de les activitats de l&#8217;estiu.<\/p>\n\n\n\n<p>Aquell dia, els convidats especials van ser els i les joves i per aquest motiu les educadores van preparar un sopar amb qu\u00e8 tothom va poder gaudir: &#8220;fajitas&#8221; amb verdures i patates de luxe. <\/p>\n\n\n\n<p>A les 20:00\u202fh van comen\u00e7ar a arribar els i les convidades amb el codi de vestimenta: vestits, camises i somriures.<\/p>\n\n\n\n<p>Durant tot el vespre ens va acompanyar la m\u00fasica, l&#8217;alegria i l&#8217;amistat. Acomiadem aix\u00ed aquest curs ple d&#8217;experi\u00e8ncies.<\/p>\n\n\n\n<figure class=\"wp-block-gallery has-nested-images columns-default is-cropped wp-block-gallery-1 is-layout-flex wp-block-gallery-is-layout-flex\">\n<figure class=\"wp-block-image size-large\"><img loading=\"lazy\" decoding=\"async\" width=\"640\" height=\"1024\" data-id=\"61170\" src=\"https:\/\/fundacioateneusantroc.org\/wp-content\/uploads\/2023-sopar-gala3.jpg\" alt=\"\" class=\"wp-image-61170\" srcset=\"https:\/\/fundacioateneusantroc.org\/wp-content\/uploads\/2023-sopar-gala3.jpg 640w, https:\/\/fundacioateneusantroc.org\/wp-content\/uploads\/2023-sopar-gala3-188x300.jpg 188w\" sizes=\"auto, (max-width: 640px) 100vw, 640px\" \/><\/figure>\n\n\n\n<figure class=\"wp-block-image size-large\"><img loading=\"lazy\" decoding=\"async\" width=\"1024\" height=\"640\" data-id=\"61155\" src=\"https:\/\/fundacioateneusantroc.org\/wp-content\/uploads\/2023-sopar-gala1.jpg\" alt=\"\" class=\"wp-image-61155\" srcset=\"https:\/\/fundacioateneusantroc.org\/wp-content\/uploads\/2023-sopar-gala1.jpg 1024w, https:\/\/fundacioateneusantroc.org\/wp-content\/uploads\/2023-sopar-gala1-300x188.jpg 300w, https:\/\/fundacioateneusantroc.org\/wp-content\/uploads\/2023-sopar-gala1-768x480.jpg 768w\" sizes=\"auto, (max-width: 1024px) 100vw, 1024px\" \/><\/figure>\n\n\n\n<figure class=\"wp-block-image size-large\"><img loading=\"lazy\" decoding=\"async\" width=\"640\" height=\"1024\" data-id=\"61157\" src=\"https:\/\/fundacioateneusantroc.org\/wp-content\/uploads\/2023-sopar-gala4.jpg\" alt=\"\" class=\"wp-image-61157\" srcset=\"https:\/\/fundacioateneusantroc.org\/wp-content\/uploads\/2023-sopar-gala4.jpg 640w, https:\/\/fundacioateneusantroc.org\/wp-content\/uploads\/2023-sopar-gala4-188x300.jpg 188w\" sizes=\"auto, (max-width: 640px) 100vw, 640px\" \/><\/figure>\n\n\n\n<figure class=\"wp-block-image size-large\"><img loading=\"lazy\" decoding=\"async\" width=\"900\" height=\"900\" data-id=\"61168\" src=\"https:\/\/fundacioateneusantroc.org\/wp-content\/uploads\/2023-sopar-gala9.jpg\" alt=\"\" class=\"wp-image-61168\" srcset=\"https:\/\/fundacioateneusantroc.org\/wp-content\/uploads\/2023-sopar-gala9.jpg 900w, https:\/\/fundacioateneusantroc.org\/wp-content\/uploads\/2023-sopar-gala9-300x300.jpg 300w, https:\/\/fundacioateneusantroc.org\/wp-content\/uploads\/2023-sopar-gala9-150x150.jpg 150w, https:\/\/fundacioateneusantroc.org\/wp-content\/uploads\/2023-sopar-gala9-768x768.jpg 768w\" sizes=\"auto, (max-width: 900px) 100vw, 900px\" \/><\/figure>\n\n\n\n<figure class=\"wp-block-image size-large\"><img loading=\"lazy\" decoding=\"async\" width=\"900\" height=\"899\" data-id=\"61165\" src=\"https:\/\/fundacioateneusantroc.org\/wp-content\/uploads\/2023-sopar-gala10.jpg\" alt=\"\" class=\"wp-image-61165\" srcset=\"https:\/\/fundacioateneusantroc.org\/wp-content\/uploads\/2023-sopar-gala10.jpg 900w, https:\/\/fundacioateneusantroc.org\/wp-content\/uploads\/2023-sopar-gala10-300x300.jpg 300w, https:\/\/fundacioateneusantroc.org\/wp-content\/uploads\/2023-sopar-gala10-150x150.jpg 150w, https:\/\/fundacioateneusantroc.org\/wp-content\/uploads\/2023-sopar-gala10-768x767.jpg 768w\" sizes=\"auto, (max-width: 900px) 100vw, 900px\" \/><\/figure>\n\n\n\n<figure class=\"wp-block-image size-large\"><img loading=\"lazy\" decoding=\"async\" width=\"900\" height=\"900\" data-id=\"61161\" src=\"https:\/\/fundacioateneusantroc.org\/wp-content\/uploads\/2023-sopar-gala8.jpg\" alt=\"\" class=\"wp-image-61161\" srcset=\"https:\/\/fundacioateneusantroc.org\/wp-content\/uploads\/2023-sopar-gala8.jpg 900w, https:\/\/fundacioateneusantroc.org\/wp-content\/uploads\/2023-sopar-gala8-300x300.jpg 300w, https:\/\/fundacioateneusantroc.org\/wp-content\/uploads\/2023-sopar-gala8-150x150.jpg 150w, https:\/\/fundacioateneusantroc.org\/wp-content\/uploads\/2023-sopar-gala8-768x768.jpg 768w\" sizes=\"auto, (max-width: 900px) 100vw, 900px\" \/><\/figure>\n\n\n\n<figure class=\"wp-block-image size-large\"><img loading=\"lazy\" decoding=\"async\" width=\"1024\" height=\"640\" data-id=\"61162\" src=\"https:\/\/fundacioateneusantroc.org\/wp-content\/uploads\/2023-sopar-gala5.jpg\" alt=\"\" class=\"wp-image-61162\" srcset=\"https:\/\/fundacioateneusantroc.org\/wp-content\/uploads\/2023-sopar-gala5.jpg 1024w, https:\/\/fundacioateneusantroc.org\/wp-content\/uploads\/2023-sopar-gala5-300x188.jpg 300w, https:\/\/fundacioateneusantroc.org\/wp-content\/uploads\/2023-sopar-gala5-768x480.jpg 768w\" sizes=\"auto, (max-width: 1024px) 100vw, 1024px\" \/><\/figure>\n\n\n\n<figure class=\"wp-block-image size-large\"><img loading=\"lazy\" decoding=\"async\" width=\"1024\" height=\"640\" data-id=\"61172\" src=\"https:\/\/fundacioateneusantroc.org\/wp-content\/uploads\/2023-sopar-gala2.jpg\" alt=\"\" class=\"wp-image-61172\" srcset=\"https:\/\/fundacioateneusantroc.org\/wp-content\/uploads\/2023-sopar-gala2.jpg 1024w, https:\/\/fundacioateneusantroc.org\/wp-content\/uploads\/2023-sopar-gala2-300x188.jpg 300w, https:\/\/fundacioateneusantroc.org\/wp-content\/uploads\/2023-sopar-gala2-768x480.jpg 768w\" sizes=\"auto, (max-width: 1024px) 100vw, 1024px\" \/><\/figure>\n<\/figure>\n","protected":false},"excerpt":{"rendered":"<p>El dijous, 15 de juny, els grups de joves de l&#8217;Ateneu vam acomiadar el curs amb [&hellip;]<\/p>\n","protected":false},"author":2,"featured_media":61158,"comment_status":"open","ping_status":"open","sticky":false,"template":"","format":"standard","meta":{"footnotes":""},"categories":[1],"tags":[1609,50],"class_list":["post-61150","post","type-post","status-publish","format-standard","has-post-thumbnail","hentry","category-actualitat","tag-centre-obert-joves","tag-joves"],"_links":{"self":[{"href":"https:\/\/fundacioateneusantroc.org\/es\/wp-json\/wp\/v2\/posts\/61150","targetHints":{"allow":["GET"]}}],"collection":[{"href":"https:\/\/fundacioateneusantroc.org\/es\/wp-json\/wp\/v2\/posts"}],"about":[{"href":"https:\/\/fundacioateneusantroc.org\/es\/wp-json\/wp\/v2\/types\/post"}],"author":[{"embeddable":true,"href":"https:\/\/fundacioateneusantroc.org\/es\/wp-json\/wp\/v2\/users\/2"}],"replies":[{"embeddable":true,"href":"https:\/\/fundacioateneusantroc.org\/es\/wp-json\/wp\/v2\/comments?post=61150"}],"version-history":[{"count":5,"href":"https:\/\/fundacioateneusantroc.org\/es\/wp-json\/wp\/v2\/posts\/61150\/revisions"}],"predecessor-version":[{"id":61203,"href":"https:\/\/fundacioateneusantroc.org\/es\/wp-json\/wp\/v2\/posts\/61150\/revisions\/61203"}],"wp:featuredmedia":[{"embeddable":true,"href":"https:\/\/fundacioateneusantroc.org\/es\/wp-json\/wp\/v2\/media\/61158"}],"wp:attachment":[{"href":"https:\/\/fundacioateneusantroc.org\/es\/wp-json\/wp\/v2\/media?parent=61150"}],"wp:term":[{"taxonomy":"category","embeddable":true,"href":"https:\/\/fundacioateneusantroc.org\/es\/wp-json\/wp\/v2\/categories?post=61150"},{"taxonomy":"post_tag","embeddable":true,"href":"https:\/\/fundacioateneusantroc.org\/es\/wp-json\/wp\/v2\/tags?post=61150"}],"curies":[{"name":"wp","href":"https:\/\/api.w.org\/{rel}","templated":true}]}}