{"id":62847,"date":"2023-09-21T12:11:28","date_gmt":"2023-09-21T10:11:28","guid":{"rendered":"https:\/\/fundacioateneusantroc.org\/?p=62847"},"modified":"2024-07-15T22:20:09","modified_gmt":"2024-07-15T20:20:09","slug":"contando-historias-una-iniciativa-casal-barri-besos","status":"publish","type":"post","link":"https:\/\/fundacioateneusantroc.org\/es\/contando-historias-una-iniciativa-casal-barri-besos\/","title":{"rendered":"&#8220;Contando historias&#8221;, una iniciativa del Casal Barri Bes\u00f2s"},"content":{"rendered":"\n<p><strong>EXPOSICI\u00d3: &#8220;Contando historias&#8221;<br>Del 20 de setembre al 6 d&#8217;octubre de 2023<br>Lloc: Centre C\u00edvic del Bes\u00f2s i el Maresme<br>Organitza: Casal Barri Bes\u00f2s<\/strong><\/p>\n\n\n\n<p>El Centre C\u00edvic del Bes\u00f2s i el Maresme ha acollit l&#8217;exposici\u00f3 anomenada <em>Contando historias<\/em>.<\/p>\n\n\n\n<p>I han tingut l\u2019encert de convidar a alguns grups d\u2019arpilleristes per tal que ens conegu\u00e9ssim i pogu\u00e9ssim intercanviar experi\u00e8ncies.<\/p>\n\n\n\n<p>I ha estat un encert perqu\u00e8 la convocat\u00f2ria ha reunit a una trentena de dones procedents del Poble Sec, Congr\u00e9s-Indians, el Bes\u00f2s, Can Bar\u00f3 i Badalona, disposades a explicar i descobrir el qu\u00e8 i el com de les arpilleres.<\/p>\n\n\n\n<p>Totes tan diferents per\u00f2 en un punt on conflueixen totes: explicar hist\u00f2ries, hist\u00f2ries reivindicatives, hist\u00f2ries de barri, hist\u00f2ries de records familiars&#8230; I tamb\u00e9 hist\u00f2ries de sororitat&nbsp;d\u2019empoderament femen\u00ed, de sinergies compartides.<\/p>\n\n\n\n<p>Ha estat un acte molt interessant i felicitem a la Claudia i el seu equip del Casal Barri Bes\u00f2s per aquesta iniciativa.<\/p>\n\n\n\n<figure class=\"wp-block-gallery has-nested-images columns-2 is-cropped wp-block-gallery-1 is-layout-flex wp-block-gallery-is-layout-flex\">\n<figure class=\"wp-block-image size-large\"><img loading=\"lazy\" decoding=\"async\" width=\"1024\" height=\"640\" data-id=\"62856\" src=\"https:\/\/fundacioateneusantroc.org\/wp-content\/uploads\/2023-arpilleres-besos4.jpg\" alt=\"\" class=\"wp-image-62856\" srcset=\"https:\/\/fundacioateneusantroc.org\/wp-content\/uploads\/2023-arpilleres-besos4.jpg 1024w, https:\/\/fundacioateneusantroc.org\/wp-content\/uploads\/2023-arpilleres-besos4-300x188.jpg 300w, https:\/\/fundacioateneusantroc.org\/wp-content\/uploads\/2023-arpilleres-besos4-768x480.jpg 768w\" sizes=\"auto, (max-width: 1024px) 100vw, 1024px\" \/><\/figure>\n\n\n\n<figure class=\"wp-block-image size-large\"><img loading=\"lazy\" decoding=\"async\" width=\"1024\" height=\"640\" data-id=\"62850\" src=\"https:\/\/fundacioateneusantroc.org\/wp-content\/uploads\/2023-arpilleres-besos1.jpg\" alt=\"\" class=\"wp-image-62850\" srcset=\"https:\/\/fundacioateneusantroc.org\/wp-content\/uploads\/2023-arpilleres-besos1.jpg 1024w, https:\/\/fundacioateneusantroc.org\/wp-content\/uploads\/2023-arpilleres-besos1-300x188.jpg 300w, https:\/\/fundacioateneusantroc.org\/wp-content\/uploads\/2023-arpilleres-besos1-768x480.jpg 768w\" sizes=\"auto, (max-width: 1024px) 100vw, 1024px\" \/><\/figure>\n\n\n\n<figure class=\"wp-block-image size-large\"><img loading=\"lazy\" decoding=\"async\" width=\"1024\" height=\"640\" data-id=\"62852\" src=\"https:\/\/fundacioateneusantroc.org\/wp-content\/uploads\/2023-arpilleres-besos2.jpg\" alt=\"\" class=\"wp-image-62852\" srcset=\"https:\/\/fundacioateneusantroc.org\/wp-content\/uploads\/2023-arpilleres-besos2.jpg 1024w, https:\/\/fundacioateneusantroc.org\/wp-content\/uploads\/2023-arpilleres-besos2-300x188.jpg 300w, https:\/\/fundacioateneusantroc.org\/wp-content\/uploads\/2023-arpilleres-besos2-768x480.jpg 768w\" sizes=\"auto, (max-width: 1024px) 100vw, 1024px\" \/><\/figure>\n\n\n\n<figure class=\"wp-block-image size-large\"><img loading=\"lazy\" decoding=\"async\" width=\"1024\" height=\"640\" data-id=\"62854\" src=\"https:\/\/fundacioateneusantroc.org\/wp-content\/uploads\/2023-arpilleres-besos3.jpg\" alt=\"\" class=\"wp-image-62854\" srcset=\"https:\/\/fundacioateneusantroc.org\/wp-content\/uploads\/2023-arpilleres-besos3.jpg 1024w, https:\/\/fundacioateneusantroc.org\/wp-content\/uploads\/2023-arpilleres-besos3-300x188.jpg 300w, https:\/\/fundacioateneusantroc.org\/wp-content\/uploads\/2023-arpilleres-besos3-768x480.jpg 768w\" sizes=\"auto, (max-width: 1024px) 100vw, 1024px\" \/><\/figure>\n\n\n\n<figure class=\"wp-block-image size-large\"><img loading=\"lazy\" decoding=\"async\" width=\"1024\" height=\"640\" data-id=\"62863\" src=\"https:\/\/fundacioateneusantroc.org\/wp-content\/uploads\/2023-arpilleres-besos6.jpg\" alt=\"\" class=\"wp-image-62863\" srcset=\"https:\/\/fundacioateneusantroc.org\/wp-content\/uploads\/2023-arpilleres-besos6.jpg 1024w, https:\/\/fundacioateneusantroc.org\/wp-content\/uploads\/2023-arpilleres-besos6-300x188.jpg 300w, https:\/\/fundacioateneusantroc.org\/wp-content\/uploads\/2023-arpilleres-besos6-768x480.jpg 768w\" sizes=\"auto, (max-width: 1024px) 100vw, 1024px\" \/><\/figure>\n<\/figure>\n","protected":false},"excerpt":{"rendered":"<p>EXPOSICI\u00d3: &#8220;Contando historias&#8221;Del 20 de setembre al 6 d&#8217;octubre de 2023Lloc: Centre C\u00edvic del Bes\u00f2s i [&hellip;]<\/p>\n","protected":false},"author":2,"featured_media":62858,"comment_status":"open","ping_status":"open","sticky":false,"template":"","format":"standard","meta":{"footnotes":""},"categories":[787,1],"tags":[28,1154,734,729],"class_list":["post-62847","post","type-post","status-publish","format-standard","has-post-thumbnail","hentry","category-les-arpilleres","category-actualitat","tag-arpilleras","tag-ateneu-en-xarxa","tag-dinamitzacio-sociocultural","tag-exposicio"],"_links":{"self":[{"href":"https:\/\/fundacioateneusantroc.org\/es\/wp-json\/wp\/v2\/posts\/62847","targetHints":{"allow":["GET"]}}],"collection":[{"href":"https:\/\/fundacioateneusantroc.org\/es\/wp-json\/wp\/v2\/posts"}],"about":[{"href":"https:\/\/fundacioateneusantroc.org\/es\/wp-json\/wp\/v2\/types\/post"}],"author":[{"embeddable":true,"href":"https:\/\/fundacioateneusantroc.org\/es\/wp-json\/wp\/v2\/users\/2"}],"replies":[{"embeddable":true,"href":"https:\/\/fundacioateneusantroc.org\/es\/wp-json\/wp\/v2\/comments?post=62847"}],"version-history":[{"count":7,"href":"https:\/\/fundacioateneusantroc.org\/es\/wp-json\/wp\/v2\/posts\/62847\/revisions"}],"predecessor-version":[{"id":62934,"href":"https:\/\/fundacioateneusantroc.org\/es\/wp-json\/wp\/v2\/posts\/62847\/revisions\/62934"}],"wp:featuredmedia":[{"embeddable":true,"href":"https:\/\/fundacioateneusantroc.org\/es\/wp-json\/wp\/v2\/media\/62858"}],"wp:attachment":[{"href":"https:\/\/fundacioateneusantroc.org\/es\/wp-json\/wp\/v2\/media?parent=62847"}],"wp:term":[{"taxonomy":"category","embeddable":true,"href":"https:\/\/fundacioateneusantroc.org\/es\/wp-json\/wp\/v2\/categories?post=62847"},{"taxonomy":"post_tag","embeddable":true,"href":"https:\/\/fundacioateneusantroc.org\/es\/wp-json\/wp\/v2\/tags?post=62847"}],"curies":[{"name":"wp","href":"https:\/\/api.w.org\/{rel}","templated":true}]}}