{"id":63012,"date":"2024-05-31T16:01:37","date_gmt":"2024-05-31T14:01:37","guid":{"rendered":"https:\/\/fundacioateneusantroc.org\/?p=63012"},"modified":"2024-07-15T20:00:12","modified_gmt":"2024-07-15T18:00:12","slug":"cooperacio-solidaritat-2024","status":"publish","type":"post","link":"https:\/\/fundacioateneusantroc.org\/es\/cooperacio-solidaritat-2024\/","title":{"rendered":"Un any m\u00e9s compromesos amb projectes de cooperaci\u00f3"},"content":{"rendered":"\n<p>Sota el lema <strong>Solidaris amb el Tercer m\u00f3n, compromesos amb el Quart,<\/strong> la Fundaci\u00f3 Ateneu Sant Roc, dona suport a projectes de desenvolupament de diferents pa\u00efsos. <\/p>\n\n\n\n<p>A trav\u00e9s del projecte transversal <strong>Cooperaci\u00f3 i solidaritat<\/strong> de l&#8217;Ateneu, es treballa la sensibilitzaci\u00f3 sobre realitats dels pa\u00efsos del sud, es dona suport econ\u00f2mic i s&#8217;estableixen l\u00ednies de col\u00b7laboraci\u00f3 amb les organitzacions Grup de solidaritat \u00c9s l&#8217;hora, Iquitanz i Camina Senegal, implicades directa o indirectament en els projectes.<\/p>\n\n\n\n<h2 class=\"wp-block-heading\">Grup de solidaritat \u00c9s l\u2019Hora<\/h2>\n\n\n\n<p>\u00c9s l&#8217;Hora \u00e9s un grup de Sant Adri\u00e0 de Bes\u00f2s que dona suport a diversos projectes impulsats per <a href=\"https:\/\/www.ayne.org\/peru\/\" target=\"_blank\" rel=\"noreferrer noopener\">AYNE-Per\u00fa<\/a>. L&#8217;associaci\u00f3 peruana, vinculada a les religioses trinit\u00e0ries, actua en els departaments de Lima i Libertad, orientada a la promoci\u00f3 i desenvolupament integral de les persones m\u00e9s vulnerables. A trav\u00e9s del comprom\u00eds del grup \u00c9s l&#8217;Hora, l&#8217;Ateneu fa temps que col\u00b7labora amb:<\/p>\n\n\n\n<h4 class=\"wp-block-heading has-ateneu-2-color has-text-color\">Bibliotecas para la paz<\/h4>\n\n\n\n<p>Es tracta d&#8217;un servei gratu\u00eft per a la comunitat, especialment per als infants m\u00e9s vulnerables de Pueblo Nuevo, Santa Rosa i El Alto San Ildefonso. Es coordinen amb els centres educatius de cada zona i col\u00b7laboren en el programa d\u2019educaci\u00f3 en Valors de les Escoles per a la Pau, en campaments d\u2019estiu i en tallers formatius per a pares i mares.<\/p>\n\n\n\n<p>A trav\u00e9s d\u2019activitats educatives  basades en l&#8217;experi\u00e8ncia, la creativitat i la lectura comprensiva enforteixen les capacitats cognitives dels infants i tamb\u00e9 promouen la cultura de pau com a enfocament de la tasca educativa, per una societat m\u00e9s justa, de respecte i d&#8217;igualtat.<\/p>\n\n\n\n<figure class=\"wp-block-image size-full\"><img loading=\"lazy\" decoding=\"async\" width=\"1024\" height=\"640\" src=\"https:\/\/fundacioateneusantroc.org\/wp-content\/uploads\/2023-cooperacio-3.jpg\" alt=\"\" class=\"wp-image-63081\" srcset=\"https:\/\/fundacioateneusantroc.org\/wp-content\/uploads\/2023-cooperacio-3.jpg 1024w, https:\/\/fundacioateneusantroc.org\/wp-content\/uploads\/2023-cooperacio-3-300x188.jpg 300w, https:\/\/fundacioateneusantroc.org\/wp-content\/uploads\/2023-cooperacio-3-768x480.jpg 768w\" sizes=\"auto, (max-width: 1024px) 100vw, 1024px\" \/><\/figure>\n\n\n\n<h4 class=\"wp-block-heading has-ateneu-2-color has-text-color\">Centro del Adulto Mayor <\/h4>\n\n\n\n<p>Aquest centre, ubicat al districte de Pueblo Nuevo \u00e9s una iniciativa orientada a atendre homes i dones a partir dels 60 anys per tal de contribuir a la millora de la seva qualitat de vida. Es tracta d&#8217;un recurs social de suport a les persones grans i els seus familiar que promou l&#8217;autonomia i les relacions socials a trav\u00e9s d&#8217;activitats que afavoreixen la integraci\u00f3 en el context social i l&#8217;autoestima.<\/p>\n\n\n\n<figure class=\"wp-block-image size-full\"><img loading=\"lazy\" decoding=\"async\" width=\"1024\" height=\"640\" src=\"https:\/\/fundacioateneusantroc.org\/wp-content\/uploads\/2023-cooperacio-1.jpg\" alt=\"\" class=\"wp-image-63088\" srcset=\"https:\/\/fundacioateneusantroc.org\/wp-content\/uploads\/2023-cooperacio-1.jpg 1024w, https:\/\/fundacioateneusantroc.org\/wp-content\/uploads\/2023-cooperacio-1-300x188.jpg 300w, https:\/\/fundacioateneusantroc.org\/wp-content\/uploads\/2023-cooperacio-1-768x480.jpg 768w\" sizes=\"auto, (max-width: 1024px) 100vw, 1024px\" \/><\/figure>\n\n\n\n<h2 class=\"wp-block-heading\">Iquitanz<\/h2>\n\n\n\n<p><a href=\"https:\/\/www.colegiourdaneta.com\/colegio-bizkaia\/iquitanz\/\" target=\"_blank\" rel=\"noreferrer noopener\">Iquitanz<\/a> \u00e9s una entitat formada per persones vinculades als centres educatius de l&#8217;ordre de San Agust\u00edn, que treballen per la sensibilitzaci\u00f3 vers la realitat de pobresa de diversos llocs del m\u00f3n, en especial vinculats a les missions agustinianes del Per\u00fa, Tanzania, El Salvador, Honduras i l&#8217;\u00cdndia.<\/p>\n\n\n\n<h4 class=\"wp-block-heading has-ateneu-2-color has-text-color\">Projecte educatiu a Tanz\u00e0nia<\/h4>\n\n\n\n<p>Empoderament de dones i nenes a trav\u00e9s de l\u2019alfabetitzaci\u00f3 i&nbsp;l\u2019educaci\u00f3.<\/p>\n\n\n\n<p>Projecte adre\u00e7at a mares joves entre 15 i 25 anys, d\u2019\u00e8tnia massai en Arusha (Tanz\u00e0nia).<\/p>\n\n\n\n<p>L\u2019objectiu \u00e9s facilitar l\u2019aprentatge de la lectura i l\u2019escriptura i oferir formaci\u00f3 per a poder desenvolupar un treball artesanal que ajudi a millorar l\u2019economia familiar.<\/p>\n\n\n\n<figure class=\"wp-block-image size-full\"><img loading=\"lazy\" decoding=\"async\" width=\"1024\" height=\"640\" src=\"https:\/\/fundacioateneusantroc.org\/wp-content\/uploads\/2024-cooperacio-6.jpg\" alt=\"\" class=\"wp-image-65182\" srcset=\"https:\/\/fundacioateneusantroc.org\/wp-content\/uploads\/2024-cooperacio-6.jpg 1024w, https:\/\/fundacioateneusantroc.org\/wp-content\/uploads\/2024-cooperacio-6-300x188.jpg 300w, https:\/\/fundacioateneusantroc.org\/wp-content\/uploads\/2024-cooperacio-6-768x480.jpg 768w\" sizes=\"auto, (max-width: 1024px) 100vw, 1024px\" \/><\/figure>\n\n\n\n<h2 class=\"wp-block-heading\">Camina Senegal<\/h2>\n\n\n\n<p><a href=\"https:\/\/caminasenegal.org\/\" target=\"_blank\" rel=\"noreferrer noopener\">Camina Senegal<\/a> \u00e9s una associaci\u00f3 que promou el benestar en les comunitats africanes a partir de la millora dels \u00e0mbits de la salut, l&#8217;educaci\u00f3 i l&#8217;empoderament femen\u00ed. <\/p>\n\n\n\n<p>Els espais de col\u00b7laboraci\u00f3 i acompanyament s\u00f3n petits centres de salut, un hospital, dues escoles rurals i l&#8217;acompanyament de dones d&#8217;Ibel i de l&#8217;illa d&#8217;Ehidj.<\/p>\n\n\n\n<h4 class=\"wp-block-heading has-ateneu-2-color has-text-color\">Enfila!<\/h4>\n\n\n\n<p><a href=\"https:\/\/caminasenegal.org\/enhebra-nass-gara\/\" target=\"_blank\" rel=\"noreferrer noopener\">Enfila<\/a><a href=\"https:\/\/caminasenegal.org\/enhebra-nass-gara\/\" target=\"_blank\" rel=\"noopener\">!<\/a> \u00e9s un projecte d&#8217;apoderament i sororitat femenina adre\u00e7at a dones del sud del Senegal (Pa\u00eds Bassari i Casamance), per tal de fomentar el cooperativisme i la seva autogesti\u00f3 econ\u00f2mica, utilitzant el llenguatge t\u00e8xtil de les arpilleres com a eina d&#8217;expressi\u00f3 i cohesi\u00f3.<\/p>\n\n\n\n<p>La col\u00b7laboraci\u00f3 amb aquest projecte \u00e9s econ\u00f2mica, per\u00f2 tamb\u00e9 s&#8217;han creat vincles amb el grup d&#8217;arpilleres de l&#8217;Ateneu.<\/p>\n\n\n\n<figure class=\"wp-block-image size-full\"><img loading=\"lazy\" decoding=\"async\" width=\"1024\" height=\"640\" src=\"https:\/\/fundacioateneusantroc.org\/wp-content\/uploads\/2023-cooperacio-5.jpg\" alt=\"\" class=\"wp-image-63083\" srcset=\"https:\/\/fundacioateneusantroc.org\/wp-content\/uploads\/2023-cooperacio-5.jpg 1024w, https:\/\/fundacioateneusantroc.org\/wp-content\/uploads\/2023-cooperacio-5-300x188.jpg 300w, https:\/\/fundacioateneusantroc.org\/wp-content\/uploads\/2023-cooperacio-5-768x480.jpg 768w\" sizes=\"auto, (max-width: 1024px) 100vw, 1024px\" \/><\/figure>\n","protected":false},"excerpt":{"rendered":"<p>Sota el lema Solidaris amb el Tercer m\u00f3n, compromesos amb el Quart, la Fundaci\u00f3 Ateneu Sant [&hellip;]<\/p>\n","protected":false},"author":2,"featured_media":63085,"comment_status":"open","ping_status":"open","sticky":false,"template":"","format":"standard","meta":{"footnotes":""},"categories":[1],"tags":[736],"class_list":["post-63012","post","type-post","status-publish","format-standard","has-post-thumbnail","hentry","category-actualitat","tag-cooperacio-i-solidaritat"],"_links":{"self":[{"href":"https:\/\/fundacioateneusantroc.org\/es\/wp-json\/wp\/v2\/posts\/63012","targetHints":{"allow":["GET"]}}],"collection":[{"href":"https:\/\/fundacioateneusantroc.org\/es\/wp-json\/wp\/v2\/posts"}],"about":[{"href":"https:\/\/fundacioateneusantroc.org\/es\/wp-json\/wp\/v2\/types\/post"}],"author":[{"embeddable":true,"href":"https:\/\/fundacioateneusantroc.org\/es\/wp-json\/wp\/v2\/users\/2"}],"replies":[{"embeddable":true,"href":"https:\/\/fundacioateneusantroc.org\/es\/wp-json\/wp\/v2\/comments?post=63012"}],"version-history":[{"count":27,"href":"https:\/\/fundacioateneusantroc.org\/es\/wp-json\/wp\/v2\/posts\/63012\/revisions"}],"predecessor-version":[{"id":65998,"href":"https:\/\/fundacioateneusantroc.org\/es\/wp-json\/wp\/v2\/posts\/63012\/revisions\/65998"}],"wp:featuredmedia":[{"embeddable":true,"href":"https:\/\/fundacioateneusantroc.org\/es\/wp-json\/wp\/v2\/media\/63085"}],"wp:attachment":[{"href":"https:\/\/fundacioateneusantroc.org\/es\/wp-json\/wp\/v2\/media?parent=63012"}],"wp:term":[{"taxonomy":"category","embeddable":true,"href":"https:\/\/fundacioateneusantroc.org\/es\/wp-json\/wp\/v2\/categories?post=63012"},{"taxonomy":"post_tag","embeddable":true,"href":"https:\/\/fundacioateneusantroc.org\/es\/wp-json\/wp\/v2\/tags?post=63012"}],"curies":[{"name":"wp","href":"https:\/\/api.w.org\/{rel}","templated":true}]}}