{"id":63023,"date":"2023-10-16T12:46:44","date_gmt":"2023-10-16T10:46:44","guid":{"rendered":"https:\/\/fundacioateneusantroc.org\/?p=63023"},"modified":"2024-02-07T11:18:40","modified_gmt":"2024-02-07T10:18:40","slug":"carmen-montero","status":"publish","type":"post","link":"https:\/\/fundacioateneusantroc.org\/es\/carmen-montero\/","title":{"rendered":"Carmen Montero"},"content":{"rendered":"\n<p>Cada dimarts al mat\u00ed a l&#8217;<a href=\"https:\/\/fundacioateneusantroc.org\/grups\/\" target=\"_blank\" rel=\"noreferrer noopener\">Espai Trobada de l\u2019Ateneu<\/a>, entre fils i robes de colors, la valuosa companyia de les dones que s\u2019hi apleguen comencen a fer ballar agulles, tisores i didals. La primera que arriba, en\u00e8rgica i decidida, \u00e9s la Carmen Montero, la nostra capitana fidel des de fa tants anys. I que b\u00e9 s\u2019hi troba en aquest espai i com de b\u00e9 hi fa trobar a la resta de companyes. Cada dia del m\u00f3n l\u2019he sentit a dir que l\u2019estona de costura la relaxa i la distreu de les seves cab\u00f2ries i sempre espera els dimarts per gaudir d\u2019aquest moment.<\/p>\n\n\n\n<p>El recorregut vital de la Carmen \u00e9s com obrir una calaixera antiga i sentir en cadascun dels seus calaixos l&#8217;olor de net del passat. Un passat en qu\u00e8, enfilada ella i els seus germans grans al carro del seu pare, li tornen a passar pel cor els dies en els quals anaven d\u2019un lloc a l\u2019altre arreglant paraig\u00fces i apanyant olles, cassoles, palanganes o el que fes falta per guanyar-se la vida. Ni un bri de recan\u00e7a, nom\u00e9s li brillen els ulls recordant aquella itiner\u00e0ncia ancestral entre camins de terra i fonoll, nom\u00e9s una dol\u00e7a nost\u00e0lgia d\u2019un temps en el qual tamb\u00e9 va ser feli\u00e7.<\/p>\n\n\n\n<p>I m\u00e9s tard, quan van canviar el carro per sostre, la va acollir la Barceloneta del Somorrostro, aquella ombra oblidada de Barcelona i que ella tamb\u00e9 il\u00b7lumina amb la seva capacitat de transformar el passat en bonics records. La Carmen sap quin \u00e9s el seu lloc a la vida, ha recorregut moltes sendes i totes, les m\u00e9s dolces o les m\u00e9s costerudes la fan ser agra\u00efda amb el que t\u00e9.<\/p>\n\n\n\n<p>Badalona va ser el seg\u00fcent dest\u00ed, all\u00e0 va treballar a diferents f\u00e0briques, a la Lej\u00eda Guerrero i a la Cruz Verde, i ben orgullosa diu que era una bona treballadora i que se l\u2019estimaven molt. Diu que feia molt de goig i que li agradava molt arreglar-se i vestir b\u00e9, sempre portava un collaret diferent a conjunt amb els vestits i les companyes li deien carinyosament la \u201cCarmen collares\u201d.<\/p>\n\n\n\n<p>El seu Sant Roc on va formar la seva fam\u00edlia ha estat el final del nomadisme cultural de la seva infantesa, per\u00f2 dins seu hi continua havent aquell sentit identitari, de llibertat i de descobrir nous territoris, la prova est\u00e0 en com s\u2019emociona quan ens explica els documentals de viatges que mira per la TV, no se\u2019n perd cap, \u00e9s la manera de continuar enfilada al carro del seu pare per explorar nous paisatges i sentir la tendra nost\u00e0lgia del passat.<\/p>\n\n\n\n<p>La meva admiraci\u00f3 per la Carmen i l\u2019estima infinita que li tinc.<\/p>\n\n\n\n<p class=\"has-text-align-right\"><em>Montse Massana (15 d&#8217;octubre de 2023)<\/em><\/p>\n","protected":false},"excerpt":{"rendered":"<p>Cada dimarts al mat\u00ed a l&#8217;Espai Trobada de l\u2019Ateneu, entre fils i robes de colors, la [&hellip;]<\/p>\n","protected":false},"author":2,"featured_media":64128,"comment_status":"open","ping_status":"open","sticky":false,"template":"","format":"standard","meta":{"footnotes":""},"categories":[1089,1],"tags":[],"class_list":["post-63023","post","type-post","status-publish","format-standard","has-post-thumbnail","hentry","category-retrats","category-actualitat"],"_links":{"self":[{"href":"https:\/\/fundacioateneusantroc.org\/es\/wp-json\/wp\/v2\/posts\/63023","targetHints":{"allow":["GET"]}}],"collection":[{"href":"https:\/\/fundacioateneusantroc.org\/es\/wp-json\/wp\/v2\/posts"}],"about":[{"href":"https:\/\/fundacioateneusantroc.org\/es\/wp-json\/wp\/v2\/types\/post"}],"author":[{"embeddable":true,"href":"https:\/\/fundacioateneusantroc.org\/es\/wp-json\/wp\/v2\/users\/2"}],"replies":[{"embeddable":true,"href":"https:\/\/fundacioateneusantroc.org\/es\/wp-json\/wp\/v2\/comments?post=63023"}],"version-history":[{"count":6,"href":"https:\/\/fundacioateneusantroc.org\/es\/wp-json\/wp\/v2\/posts\/63023\/revisions"}],"predecessor-version":[{"id":63041,"href":"https:\/\/fundacioateneusantroc.org\/es\/wp-json\/wp\/v2\/posts\/63023\/revisions\/63041"}],"wp:featuredmedia":[{"embeddable":true,"href":"https:\/\/fundacioateneusantroc.org\/es\/wp-json\/wp\/v2\/media\/64128"}],"wp:attachment":[{"href":"https:\/\/fundacioateneusantroc.org\/es\/wp-json\/wp\/v2\/media?parent=63023"}],"wp:term":[{"taxonomy":"category","embeddable":true,"href":"https:\/\/fundacioateneusantroc.org\/es\/wp-json\/wp\/v2\/categories?post=63023"},{"taxonomy":"post_tag","embeddable":true,"href":"https:\/\/fundacioateneusantroc.org\/es\/wp-json\/wp\/v2\/tags?post=63023"}],"curies":[{"name":"wp","href":"https:\/\/api.w.org\/{rel}","templated":true}]}}