{"id":63437,"date":"2023-11-10T10:41:56","date_gmt":"2023-11-10T09:41:56","guid":{"rendered":"https:\/\/fundacioateneusantroc.org\/?p=63437"},"modified":"2023-11-10T10:43:57","modified_gmt":"2023-11-10T09:43:57","slug":"linia-barris-amb-futur","status":"publish","type":"post","link":"https:\/\/fundacioateneusantroc.org\/es\/linia-barris-amb-futur\/","title":{"rendered":"L\u00ednia \u2022 Barris amb Futur"},"content":{"rendered":"\n<p><a href=\"https:\/\/liniaxarxa.cat\/author\/xaviergodas\/\" target=\"_blank\" rel=\"noopener\"><strong>Xavier God\u00e0s <\/strong><\/a><strong>| 9 novembre 2023 | <\/strong><strong>L\u00ednia<\/strong><\/p>\n\n\n\n<p>El proppassat 24 d\u2019octubre, el Govern de la Generalitat acordava tirar endavant el projecte demostratiu Barris amb Futur, un projecte pensat per desenvolupar metodologies comunit\u00e0ries en la intervenci\u00f3 social i urbana als barris i municipis catalans. La gesti\u00f3 del projecte recau en el Departament de Drets Socials, liderat pel conseller Carles Campuzano. Suposa una aportaci\u00f3 estrat\u00e8gica del camp d\u2019intervenci\u00f3 social en el desenvolupament de la Llei de Barris i Viles, del 29 de desembre de 2022.<\/p>\n\n\n\n<p>Correm el risc que Catalunya es fracturi entre zones urbanes pr\u00f2speres i altres empobrides. Ja ho he explicat en alguna altra ocasi\u00f3 en diferents articles que he publicat al&nbsp;<em>L\u00ednia&nbsp;<\/em>i, per tant, no em repetir\u00e9 ara: nom\u00e9s deixo dit que la segregaci\u00f3 urbana actual fa que alguns territoris semblin condemnats a la concentraci\u00f3 de necessitats socials. Tant, que a difer\u00e8ncia d\u2019anys enrere, per regla general qui viu en aquests llocs i progressa en vol marxar, i hi entra qui est\u00e0 en pitjors condicions. Un moviment de poblaci\u00f3 que estronca la possibilitat de millora col\u00b7lectiva de les zones urbanes m\u00e9s necessitades. El projecte Barris amb Futur se centra en aquesta problem\u00e0tica i para atenci\u00f3 a la poblaci\u00f3, al capital social de la zona, m\u00e9s que a les intervencions espec\u00edficament urbanes, que han estat la norma de les diferents pol\u00edtiques p\u00fabliques que en el nostre pa\u00eds s\u2019han anat produint des de fa quatre d\u00e8cades ben bones a l\u2019hora d\u2019abordar les necessitats dels barris i municipis.<\/p>\n\n\n\n<p>L\u2019acci\u00f3 comunit\u00e0ria t\u00e9 la finalitat d\u2019organitzar persones. Organitzar-les significa que es provoca que s\u2019apleguin i que reunides comparteixin prop\u00f2sits que les facin actuar plegades vers objectius col\u00b7lectius. Quins? En els barris i municipis dels quals parlem, els de millora de les condicions de vida dels seus residents. Una finalitat estrat\u00e8gica del projecte Barris amb Futur \u00e9s enfortir i impulsar el capital social de les \u00e0rees urbanes que requereixen una atenci\u00f3 p\u00fablica m\u00e9s intensa. Per qu\u00e8? Perqu\u00e8 hi ha una pauta sociol\u00f2gica elemental que diu que a m\u00e9s capital social, m\u00e9s possibilitats de prosperar. Les comunitats tenen per m\u00ednim com\u00fa denominador que s\u00f3n escuts d\u2019autoprotecci\u00f3 social del com\u00fa de la gent. Si no s\u2019ent\u00e9n aix\u00f2, no es compr\u00e8n qu\u00e8 s\u00f3n les comunitats.<\/p>\n\n\n\n<p>Correm el risc que Catalunya es fracturi entre zones urbanes pr\u00f2speres i altres empobrides<\/p>\n\n\n\n<p>Ara b\u00e9, enfortir i impulsar el capital social no \u00e9s suficient. Hi ha d\u2019haver un projecte d\u2019intervenci\u00f3 p\u00fablica que encarrili les comunitats vers un objectiu de millora objectiva de les condicions de vida. Aquesta \u00e9s la segona finalitat estrat\u00e8gica de Barris amb Futur: que a cada zona urbana en qu\u00e8 calgui intervenir es defineixi un eix d\u2019actuaci\u00f3 amb capacitat de generar canvi social. Els temes poden ser diversos: educaci\u00f3, treball, salut i habitatge, entre altres que podr\u00edem llistar. La q\u00fcesti\u00f3 fonamental \u00e9s que es justifiqui quin \u00e9s el prioritari d\u2019acord amb el context de refer\u00e8ncia, es planifiqui i se\u2019n programin les actuacions. Evidentment, justificar qu\u00e8 cal fer priorit\u00e0riament \u00e9s un treball que s\u2019ha de realitzar a cada lloc en particular, d\u2019acord amb el coneixement de la situaci\u00f3 dels poders locals i dels referents associatius, comunitaris i privats vinculats al territori.<\/p>\n\n\n\n<p>Tenim, doncs, que Barris amb Futur pret\u00e9n enfortir el capital social als territoris i alhora planificar i desenvolupar una pol\u00edtica p\u00fablica estrat\u00e8gica de millora de les condicions de vida, per\u00f2, quin \u00e9s l\u2019encaix entre ambd\u00f3s objectius? El sistema de governan\u00e7a.<strong> Els projectes d\u2019intervenci\u00f3 s\u2019han de treballar en un espai de col\u00b7laboraci\u00f3 i actuaci\u00f3 conjunta entre la Generalitat, els ajuntaments i altres poders locals que es requereixin i els referents de la societat civil present a les \u00e0rees objecte d\u2019intervenci\u00f3.<\/strong><\/p>\n\n\n\n<p><strong>Aix\u00f2 darrer comporta un treball de coproducci\u00f3 de pol\u00edtica p\u00fablica entre les administracions responsables, la iniciativa social i les din\u00e0miques comunit\u00e0ries a cada lloc. <\/strong>El sentit \u00faltim de Barris amb Futur \u00e9s que abordant d\u2019aquesta manera les problem\u00e0tiques sociourbanes que es concentren en determinats espais del nostre pa\u00eds, aix\u00f2 \u00e9s, partint d\u2019un consens ampli sobre qu\u00e8 cal fer i amb qui, s\u2019obrir\u00e0 la possibilitat perqu\u00e8 es donin din\u00e0miques de millora per al com\u00fa de la gent, essent aquestes mateixes persones agents actius en el desenvolupament dels projectes d\u2019intervenci\u00f3 ideats, la qual cosa facilitar\u00e0 que qui millori i hagi contribu\u00eft amb altres a millorar el conjunt de la col\u00b7lectivitat tindr\u00e0 prou incentius per mantenir la seva resid\u00e8ncia al lloc on s\u2019han produ\u00eft aquestes millores, fent possible, d\u2019aquesta manera, que amb temps el conjunt del barri o municipi progressi globalment en el seu posicionament social i, per tant, en la seva capacitat de generar prosperitat.<\/p>\n\n\n\n<p><strong><em>Xavier God\u00e0s<\/em><\/strong><em>, director general d\u2019Acci\u00f3 C\u00edvica i Comunit\u00e0ria del Departament de Drets Socials de la Generalitat de Catalunya<\/em><\/p>\n\n\n\n<p><a href=\"https:\/\/liniaxarxa.cat\/opinio\/barris-amb-futur-xavier-godas\/\" target=\"_blank\" rel=\"noopener\">https:\/\/liniaxarxa.cat\/opinio\/barris-amb-futur-xavier-godas\/<\/a><\/p>\n\n\n\n<p><\/p>\n","protected":false},"excerpt":{"rendered":"<p>Xavier God\u00e0s | 9 novembre 2023 | L\u00ednia El proppassat 24 d\u2019octubre, el Govern de la [&hellip;]<\/p>\n","protected":false},"author":2,"featured_media":63442,"comment_status":"open","ping_status":"open","sticky":false,"template":"","format":"standard","meta":{"footnotes":""},"categories":[646,1],"tags":[],"class_list":["post-63437","post","type-post","status-publish","format-standard","has-post-thumbnail","hentry","category-articles-dinteres","category-actualitat"],"_links":{"self":[{"href":"https:\/\/fundacioateneusantroc.org\/es\/wp-json\/wp\/v2\/posts\/63437","targetHints":{"allow":["GET"]}}],"collection":[{"href":"https:\/\/fundacioateneusantroc.org\/es\/wp-json\/wp\/v2\/posts"}],"about":[{"href":"https:\/\/fundacioateneusantroc.org\/es\/wp-json\/wp\/v2\/types\/post"}],"author":[{"embeddable":true,"href":"https:\/\/fundacioateneusantroc.org\/es\/wp-json\/wp\/v2\/users\/2"}],"replies":[{"embeddable":true,"href":"https:\/\/fundacioateneusantroc.org\/es\/wp-json\/wp\/v2\/comments?post=63437"}],"version-history":[{"count":3,"href":"https:\/\/fundacioateneusantroc.org\/es\/wp-json\/wp\/v2\/posts\/63437\/revisions"}],"predecessor-version":[{"id":63444,"href":"https:\/\/fundacioateneusantroc.org\/es\/wp-json\/wp\/v2\/posts\/63437\/revisions\/63444"}],"wp:featuredmedia":[{"embeddable":true,"href":"https:\/\/fundacioateneusantroc.org\/es\/wp-json\/wp\/v2\/media\/63442"}],"wp:attachment":[{"href":"https:\/\/fundacioateneusantroc.org\/es\/wp-json\/wp\/v2\/media?parent=63437"}],"wp:term":[{"taxonomy":"category","embeddable":true,"href":"https:\/\/fundacioateneusantroc.org\/es\/wp-json\/wp\/v2\/categories?post=63437"},{"taxonomy":"post_tag","embeddable":true,"href":"https:\/\/fundacioateneusantroc.org\/es\/wp-json\/wp\/v2\/tags?post=63437"}],"curies":[{"name":"wp","href":"https:\/\/api.w.org\/{rel}","templated":true}]}}