{"id":63517,"date":"2023-11-27T11:38:00","date_gmt":"2023-11-27T10:38:00","guid":{"rendered":"https:\/\/fundacioateneusantroc.org\/?p=63517"},"modified":"2024-06-19T08:27:03","modified_gmt":"2024-06-19T06:27:03","slug":"inauguracio-dels-compromisos-per-a-recosir-el-mon","status":"publish","type":"post","link":"https:\/\/fundacioateneusantroc.org\/es\/inauguracio-dels-compromisos-per-a-recosir-el-mon\/","title":{"rendered":"Inauguraci\u00f3 dels Compromisos per a (re)cosir el m\u00f3n"},"content":{"rendered":"\n<p>Avui ha estat un magn\u00edfic dia per les&nbsp;arpilleristes. Era el dia en qu\u00e8 expos\u00e0vem el nostre treball i pod\u00edem explicar-lo.<\/p>\n\n\n\n<p>La sala de l&#8217;Ateneu estava plena de gom a gom: familiars, amics i coneguts i altres interessats en veure el resultat de la nova exposici\u00f3 d&#8217;arpilleres: <a href=\"https:\/\/fundacioateneusantroc.org\/ateneu-arpilleres\/compromisos-per-recosir-el-mon\/\" target=\"_blank\" rel=\"noreferrer noopener\">Compromisos per a (re)cosir el m\u00f3n.<\/a><\/p>\n\n\n\n<p>L&#8217;acte s&#8217;ha iniciat amb una lectura de la M\u00f2nica en record de la nostra bona companya&nbsp;Anita, tan participativa, tan alegre i acollidora que ens va deixar el proppassat mes de mar\u00e7.<\/p>\n\n\n\n<p>Despr\u00e9s la Pilar ens ha introdu\u00eft en el m\u00f3n dels Objectius del Desenvolupament Sostenible Agenda 2030 (ODS) i la Cynthia, educadora de l&#8217;Aula Oberta, ha explicat com i per qu\u00e8 han treballat amb els nois i noies alguns d&#8217;aquests objectius.<\/p>\n\n\n\n<p>En acabat ha intervingut la Fina que ha explicat el proc\u00e9s de les arpilleres i com hem arribat fins aquests resultats. Recalcant, aix\u00f2 s\u00ed, que encara que cada arpillera t\u00e9 un toc personal\u2013com diu l&#8217;Antonia- \u00e9s, eminentment un treball de reflexi\u00f3, de recerca de recursos i d&#8217;ajuda m\u00fatua, col\u00b7lectiu.<\/p>\n\n\n\n<p>Posteriorment, cada arpillerista&nbsp;ha presentat la seva obra t\u00e8xtil destacant-ne el perqu\u00e8 i el com del seu resultat. Cal destacar l&#8217;inter\u00e8s que han despertat les arpilleres dels nens i nenes de l&#8217;Aula oberta que han ressaltat la companyonia amb qu\u00e8 han viscut aquesta experi\u00e8ncia.<\/p>\n\n\n\n<p>L&#8217;acte s&#8217;ha tancat amb el brindis de rigor tant se val si era llimonada o cava.&nbsp;Mentre, entre salutacions i converses hi ha algunes persones que s&#8217;han interessat per formar part del grup. I \u00e9s que aix\u00f2 de les arpilleres va estenent-se com una taca d&#8217;oli.<\/p>\n\n\n\n<p>Ho celebrem!<\/p>\n\n\n\n<figure class=\"wp-block-embed is-type-video is-provider-youtube wp-block-embed-youtube wp-embed-aspect-16-9 wp-has-aspect-ratio\"><div class=\"wp-block-embed__wrapper\">\n<iframe loading=\"lazy\" title=\"2023 Exposicio\u0301 ODS\" width=\"500\" height=\"281\" src=\"https:\/\/www.youtube.com\/embed\/4_Ea6l-OCPs?feature=oembed\" frameborder=\"0\" allow=\"accelerometer; autoplay; clipboard-write; encrypted-media; gyroscope; picture-in-picture; web-share\" referrerpolicy=\"strict-origin-when-cross-origin\" allowfullscreen><\/iframe>\n<\/div><figcaption class=\"wp-element-caption\">Badalona Comunicaci\u00f3 \u2022 BDN Not\u00edcies Migdia \u2022 28\/11\/2023<\/figcaption><\/figure>\n","protected":false},"excerpt":{"rendered":"<p>Avui ha estat un magn\u00edfic dia per les&nbsp;arpilleristes. Era el dia en qu\u00e8 expos\u00e0vem el nostre [&hellip;]<\/p>\n","protected":false},"author":2,"featured_media":63519,"comment_status":"open","ping_status":"open","sticky":false,"template":"","format":"standard","meta":{"footnotes":""},"categories":[787,1],"tags":[28],"class_list":["post-63517","post","type-post","status-publish","format-standard","has-post-thumbnail","hentry","category-les-arpilleres","category-actualitat","tag-arpilleras"],"_links":{"self":[{"href":"https:\/\/fundacioateneusantroc.org\/es\/wp-json\/wp\/v2\/posts\/63517","targetHints":{"allow":["GET"]}}],"collection":[{"href":"https:\/\/fundacioateneusantroc.org\/es\/wp-json\/wp\/v2\/posts"}],"about":[{"href":"https:\/\/fundacioateneusantroc.org\/es\/wp-json\/wp\/v2\/types\/post"}],"author":[{"embeddable":true,"href":"https:\/\/fundacioateneusantroc.org\/es\/wp-json\/wp\/v2\/users\/2"}],"replies":[{"embeddable":true,"href":"https:\/\/fundacioateneusantroc.org\/es\/wp-json\/wp\/v2\/comments?post=63517"}],"version-history":[{"count":6,"href":"https:\/\/fundacioateneusantroc.org\/es\/wp-json\/wp\/v2\/posts\/63517\/revisions"}],"predecessor-version":[{"id":65470,"href":"https:\/\/fundacioateneusantroc.org\/es\/wp-json\/wp\/v2\/posts\/63517\/revisions\/65470"}],"wp:featuredmedia":[{"embeddable":true,"href":"https:\/\/fundacioateneusantroc.org\/es\/wp-json\/wp\/v2\/media\/63519"}],"wp:attachment":[{"href":"https:\/\/fundacioateneusantroc.org\/es\/wp-json\/wp\/v2\/media?parent=63517"}],"wp:term":[{"taxonomy":"category","embeddable":true,"href":"https:\/\/fundacioateneusantroc.org\/es\/wp-json\/wp\/v2\/categories?post=63517"},{"taxonomy":"post_tag","embeddable":true,"href":"https:\/\/fundacioateneusantroc.org\/es\/wp-json\/wp\/v2\/tags?post=63517"}],"curies":[{"name":"wp","href":"https:\/\/api.w.org\/{rel}","templated":true}]}}