{"id":63646,"date":"2023-12-05T13:26:55","date_gmt":"2023-12-05T12:26:55","guid":{"rendered":"https:\/\/fundacioateneusantroc.org\/?p=63646"},"modified":"2024-07-15T17:57:54","modified_gmt":"2024-07-15T15:57:54","slug":"30-premi-voluntariat","status":"publish","type":"post","link":"https:\/\/fundacioateneusantroc.org\/es\/30-premi-voluntariat\/","title":{"rendered":"30\u00e8 Premi Voluntariat a la tasca de dinamitzaci\u00f3 comunit\u00e0ria"},"content":{"rendered":"\n<div style=\"height:40px\" aria-hidden=\"true\" class=\"wp-block-spacer\"><\/div>\n\n\n\n<h4 class=\"wp-block-heading has-text-align-center has-black-color has-text-color\">Contents i contentes de rebre aquest reconeixement <br>social i institucional al voluntariat de l&#8217;Ateneu, <br>per la implicaci\u00f3 en el treball comunitari. <\/h4>\n\n\n\n<h4 class=\"wp-block-heading has-text-align-center\">Felicitats companys i companyes!<\/h4>\n\n\n\n<div style=\"height:40px\" aria-hidden=\"true\" class=\"wp-block-spacer\"><\/div>\n\n\n\n<figure class=\"wp-block-embed is-type-video is-provider-youtube wp-block-embed-youtube wp-embed-aspect-16-9 wp-has-aspect-ratio\"><div class=\"wp-block-embed__wrapper\">\n<iframe loading=\"lazy\" title=\"2023 Premi Voluntariat\" width=\"500\" height=\"281\" src=\"https:\/\/www.youtube.com\/embed\/VqPKQTjoO0E?feature=oembed\" frameborder=\"0\" allow=\"accelerometer; autoplay; clipboard-write; encrypted-media; gyroscope; picture-in-picture; web-share\" referrerpolicy=\"strict-origin-when-cross-origin\" allowfullscreen><\/iframe>\n<\/div><\/figure>\n\n\n\n<div style=\"height:40px\" aria-hidden=\"true\" class=\"wp-block-spacer\"><\/div>\n\n\n\n<p><a href=\"https:\/\/xarxanet.org\/comunitari\/noticies\/anna-vicente-el-treball-en-xarxa-es-essencial-si-volem-fer-realitat-un-canvi-de\" target=\"_blank\" rel=\"noreferrer noopener\">04\/12\/2023   Xarxanet \u00b7 LaviniaNext \u00b7&nbsp;Dani Sorolla<\/a><\/p>\n\n\n\n<h2 class=\"wp-block-heading\">Anna Vicente: &#8220;El treball en xarxa \u00e9s essencial si volem fer realitat un canvi de mirada a Sant Roc&#8221;<\/h2>\n\n\n\n<p>El\u00a0<strong>treball comunitari<\/strong>\u00a0promou accions i relacions destinades a enfortir les capacitats de les persones i col\u00b7lectius d\u2019una comunitat per empoderar-les i convertir-les en\u00a0<strong>motor de canvi<\/strong>\u00a0per construir un futur millor. Aquest\u00a0<strong>poder transformador<\/strong>\u00a0\u00e9s el que desplega al barri badalon\u00ed de Sant Roc des de fa d\u00e8cades la\u00a0<strong>Fundaci\u00f3 Ateneu Sant Roc<\/strong>.<\/p>\n\n\n\n<p>Enguany, aquesta tasca de&nbsp;<strong>dinamitzaci\u00f3 comunit\u00e0ria<\/strong>&nbsp;per refor\u00e7ar la&nbsp;<strong>cohesi\u00f3 social<\/strong>&nbsp;a trav\u00e9s dels seus projectes ha estat reconeguda amb el&nbsp;<a href=\"https:\/\/voluntariat.gencat.cat\/entitats\/premi-voluntariat\/\" target=\"_blank\" rel=\"noopener\"><strong>primer Premi Voluntariat<\/strong><\/a>, que vol visibilitzar la contribuci\u00f3 del voluntariat a la feinada que l\u2019entitat duu a terme a&nbsp;<strong>Sant Roc<\/strong>. Parlem de tot plegat amb l\u2019<strong>Anna Vicente<\/strong>, presidenta de la Fundaci\u00f3 Ateneu Sant Roc.<\/p>\n\n\n\n<h4 class=\"wp-block-heading\">Qu\u00e8 significa aquest primer premi Voluntariat per a la Fundaci\u00f3 Ateneu Sant Roc?<\/h4>\n\n\n\n<p>Per a nosaltres suposa molt\u00edssim, perqu\u00e8 \u00e9s un reconeixement als m\u00e9s de quaranta anys de feina al barri. Per tant, aix\u00f2 vol dir que molta gent ha invertit molt de temps, il\u00b7lusi\u00f3 i ganes de canvi.<\/p>\n\n\n\n<h4 class=\"wp-block-heading\">Quin \u00e9s el pilar que ha guiat aquestes quatre d\u00e8cades de feina de l\u2019entitat?<\/h4>\n\n\n\n<p>De fet, vam comen\u00e7ar el 1987 com a Ateneu,&nbsp;<a href=\"https:\/\/fundacioateneusantroc.org\/historia\/\">per\u00f2 ja ten\u00edem una llarga traject\u00f2ria com a Centre Social<\/a>. Nosaltres sempre diem que el pilar fonamental de la nostra acci\u00f3 \u00e9s l\u2019educaci\u00f3. Hi creiem molt perqu\u00e8 pensem que \u00e9s una eina magn\u00edfica de transformaci\u00f3 de les persones i de l\u2019entorn.<\/p>\n\n\n\n<h4 class=\"wp-block-heading\">Educaci\u00f3 per transmetre els valors que compartiu a la fundaci\u00f3.<\/h4>\n\n\n\n<p>Exacte, perqu\u00e8 tot el tema dels valors \u00e9s el que ens dona pes com a entitat. Un d\u2019ells \u00e9s la responsabilitat, per donar resposta a les necessitats de les persones que viuen al barri i a aquest comprom\u00eds per canviar la marginalitat. L\u2019acollida \u00e9s un altre valor que ens caracteritza, assumit com un posicionament com a persones, atenent tothom que arriba al barri sense discriminar ning\u00fa, amb una actitud totalment oberta.<\/p>\n\n\n\n<p>I hi ha altres valors que podem destacar, com la just\u00edcia, la solidaritat i tamb\u00e9 la gratu\u00eftat, que entre el voluntariat t\u00e9 un pes cabdal pel que fa a temps, dedicaci\u00f3 i il\u00b7lusi\u00f3. Finalment, destacaria la creativitat, at\u00e8s que ens estem reinventant cont\u00ednuament per adaptar-nos als canvis socials, adequar els nostres projectes i oferir sempre respostes noves.<\/p>\n\n\n\n<h4 class=\"wp-block-heading\">Coneixeu molt b\u00e9 la realitat del barri de Sant Roc. Ha canviat molt al llarg dels anys?<\/h4>\n\n\n\n<p>Molt\u00edssim, des que es van fer els primers pisos a mitjan de la d\u00e8cada del 1960 per a gent que provenia b\u00e0sicament del barraquisme, del Somorrostro i de Montju\u00efc, entre altres. Despr\u00e9s van venir les persones desallotjades per la construcci\u00f3 de l\u2019autopista. Aleshores, la composici\u00f3 del barri la formaven aquestes persones i una part important de poblaci\u00f3 gitana. I, al voltant dels anys 2000, tornem a tenir un canvi rellevant de poblaci\u00f3, amb l\u2019arribada de persones d&#8217;or\u00edgens molt diversos, com pakistaneses, xineses i marroquines. Tot plegat fa que al barri hi hagi una barreja important.<\/p>\n\n\n\n<h4 class=\"wp-block-heading\">Quins reptes cal abordar de manera priorit\u00e0ria al barri?<\/h4>\n\n\n\n<p>La cohesi\u00f3 social n\u2019\u00e9s un, i tot el treball a favor de la gent per ajudar-la a sortir d\u2019aquesta marginalitat que hi ha. Un altre tema molt punyent \u00e9s el de l\u2019educaci\u00f3, per descomptat, perqu\u00e8 tenim una taxa d\u2019absentisme escolar molt elevada. I no em puc oblidar de l\u2019acc\u00e9s a l\u2019habitatge, que avui \u00e9s una problem\u00e0tica central a Sant Roc, un barri on hi ha desnonaments cada dia. S\u00f3n temes que ens preocupen molt, per aix\u00f2 tenim molt present el comprom\u00eds de treballar en xarxa amb altres entitats per deixar enrere aquestes situacions.<\/p>\n\n\n\n<h4 class=\"wp-block-heading\">Manca per part dels mitjans de comunicaci\u00f3 una visi\u00f3 en positiu del barri que ajudi a enterrar estigmes i estereotips?<\/h4>\n\n\n\n<p>Aix\u00f2 \u00e9s clar\u00edssim. Fa molt m\u00e9s soroll un arbre que cau que molts que estan creixent, aix\u00f2, lamentablement, \u00e9s aix\u00ed. La realitat \u00e9s que el barri de Sant Roc est\u00e0 estigmatitzat i qualsevol cosa positiva que hi passi no acostuma a sortir als mitjans. Nosaltres, per exemple, organitzem la&nbsp;<a href=\"https:\/\/fundacioateneusantroc.org\/projecte\/fira-de-sant-roc\/\">Fira de Sant Roc<\/a>, on participen m\u00e9s de tres mil persones, que serien un orgull per a qualsevol ciutat, i, en canvi, no apareix enlloc. O el Sant Jordi, en qu\u00e8 oferim llibres a m\u00e9s de 2.500 infants a preus molt assequibles, i tampoc acostumen a sortir a cap mitj\u00e0.<\/p>\n\n\n\n<p>Per contra, quan hi ha alguna not\u00edcia negativa, que de vegades ni tan sols ha passat a Sant Roc, immediatament surt a tot arreu perpetuant aquest estigma.<\/p>\n\n\n\n<figure class=\"wp-block-embed is-type-video is-provider-youtube wp-block-embed-youtube wp-embed-aspect-16-9 wp-has-aspect-ratio\"><div class=\"wp-block-embed__wrapper\">\n<iframe loading=\"lazy\" title=\"FESTES 2022 \u2022 Fira de Sant Roc\" width=\"500\" height=\"281\" src=\"https:\/\/www.youtube.com\/embed\/GrEaoKNCUsE?start=4&#038;feature=oembed\" frameborder=\"0\" allow=\"accelerometer; autoplay; clipboard-write; encrypted-media; gyroscope; picture-in-picture; web-share\" referrerpolicy=\"strict-origin-when-cross-origin\" allowfullscreen><\/iframe>\n<\/div><\/figure>\n\n\n\n<h4 class=\"wp-block-heading\">Parlem del projecte de dinamitzaci\u00f3 comunit\u00e0ria que s\u2019ha endut el Premi Voluntariat.<\/h4>\n\n\n\n<p>Es tracta d\u2019un projecte que tenim molt clar, amb el qual volem enfortir la xarxa social del barri i aquesta dinamitzaci\u00f3 comunit\u00e0ria per tal d\u2019afavorir especialment els col\u00b7lectius m\u00e9s exclosos socialment i m\u00e9s vulnerables. Ho fem a trav\u00e9s de diferents activitats i projectes, com l\u2019<a href=\"https:\/\/fundacioateneusantroc.org\/projecte\/ateneu-al-carrer\/\">Ateneu al carrer<\/a>, que consisteix a obrir les portes de l\u2019ateneu i treure la nostra manera de fer al carrer, a diferents espais, i a trav\u00e9s del joc generar moviment i intercanvi intercultural.<\/p>\n\n\n\n<p>Tamb\u00e9 tenim espais comunitaris, com la Fira de Sant Roc o el&nbsp;<a href=\"https:\/\/fundacioateneusantroc.org\/es\/etiqueta\/sant-jordi-es\/\">Sant Jordi<\/a>, que sovint s\u00f3n una forma magn\u00edfica de posar la primera pedra per entendre i transmetre la nostra cultura. A banda, fem moltes altres coses com xerrades, exposicions,&nbsp;<a href=\"https:\/\/fundacioateneusantroc.org\/ateneu-arpilleres\/les-arpilleristes\/\">el grup d&#8217;arpilleres<\/a>, el&nbsp;<a href=\"https:\/\/fundacioateneusantroc-muntanya.blogspot.com\/\" target=\"_blank\" rel=\"noopener\">grup de muntanya<\/a>, una mostra de pessebres. Vull destacar que moltes de les nostres activitats estan pensades des del joc, que t\u00e9 molt de pes per a nosaltres perqu\u00e8 \u00e9s una eina de treball molt important pel que fa a la comunicaci\u00f3, per trencar barreres i prejudicis.<\/p>\n\n\n\n<blockquote class=\"wp-block-quote is-layout-flow wp-block-quote-is-layout-flow\">\n<p><em>&#8220;Aquest Premi Voluntariat suposa molt\u00edssim, \u00e9s un reconeixement als m\u00e9s de quaranta anys de feina al barri&#8221;.<\/em><\/p>\n<\/blockquote>\n\n\n\n<h4 class=\"wp-block-heading\">I \u00e9s molt adient de cara al jovent, qui ha de ser motor de canvi per construir un futur millor per al barri.<\/h4>\n\n\n\n<p>Exacte, al cap i a la fi, la inf\u00e0ncia i el jovent s\u00f3n una poblaci\u00f3 b\u00e0sica per a nosaltres a l\u2019hora de pensar tot el que fem. Malgrat que no \u00e9s f\u00e0cil per l\u2019estigma que arrosseguem a Sant Roc. Enfocar-nos a infants i joves ha de ser una tasca de totes, de les entitats, per\u00f2 tamb\u00e9 de l\u2019administraci\u00f3, amb qui sovint costa teixir complicitats i fer passos endavant per albirar un futur millor.<\/p>\n\n\n\n<h4 class=\"wp-block-heading\">Amb quines altres dificultats us topeu a l\u2019hora de fer la vostra tasca?<\/h4>\n\n\n\n<p>S\u00f3n moltes, evidentment. Per exemple, l\u2019\u00e0mbit de l\u2019educaci\u00f3 \u00e9s clau i al barri tenim una problem\u00e0tica greu en aquest sentit. El tema de la conviv\u00e8ncia tampoc \u00e9s f\u00e0cil d\u2019abordar. Ens esforcem molt a construir xarxa amb entitats i ciutadania per afrontar aquestes q\u00fcestions, per\u00f2, insisteixo, cal que les administracions tamb\u00e9 remin en aquesta direcci\u00f3 i entenguin que el treball en xarxa \u00e9s essencial si volem fer realitat un canvi de mirada a Sant Roc.<\/p>\n\n\n\n<h4 class=\"wp-block-heading\">Quina import\u00e0ncia t\u00e9 el voluntariat en tota aquesta tasca que dueu a terme?<\/h4>\n\n\n\n<p>La feina del voluntariat \u00e9s b\u00e0sica. Seria impossible fer tot el que fem sense aquest gruix de persones. Actualment, tenim m\u00e9s de quatre-centes persones volunt\u00e0ries que participen i ens ajuden a fer realitat els nostres projectes i activitats. La participaci\u00f3 de les volunt\u00e0ries \u00e9s constant i va des de la persona que est\u00e0 a la porta de l\u2019entitat per canalitzar les demandes que arriben, fins al suport en l\u2019\u00e0mbit de l\u2019educaci\u00f3 infantil o les formacions de dones Laila, i tantes altres tasques. En resum, el voluntariat \u00e9s l\u2019emblema de l\u2019entitat des de fa molt\u00edssims anys.<\/p>\n\n\n\n<h4 class=\"wp-block-heading\">Est\u00e0 prou reconeguda socialment la tasca del voluntariat?<\/h4>\n\n\n\n<p>Crec que a Catalunya podem presumir de ser un bon exemple en l\u2019\u00e0mbit del voluntariat. Ara b\u00e9, sovint passa aix\u00f2 que et deia, que les coses negatives i l\u2019estigma es veuen molt m\u00e9s que tota la feina en positiu que fan molt\u00edssimes persones i entitats. Penso que, per part de la ciutadania, hi ha consci\u00e8ncia de la import\u00e0ncia del voluntariat, per\u00f2 potser manca fer m\u00e9s visible la seva tasca.<\/p>\n\n\n\n<h4 class=\"wp-block-heading\">Quins reptes de futur teniu al davant a la Fundaci\u00f3 Ateneu Sant Roc?<\/h4>\n\n\n\n<p>All\u00f2 que hem parlat, enfortir les relacions socials amb el ve\u00efnat, continuar amb la participaci\u00f3 activa i inclusiva, aix\u00ed com treballar per empoderar tota la gent que viu al barri i implicar-la al dia a dia de Sant Roc. Tenim molta feina per fer, com abordar el tema de la comunicaci\u00f3 positiva, trencar la inequitat de g\u00e8nere i molts altres. I, evidentment, continuarem treballant bra\u00e7 a bra\u00e7 amb el voluntariat i implicant-lo per assolir aquests objectius.<\/p>\n\n\n\n<h2 class=\"wp-block-heading\">Altres articles relacionats<\/h2>\n\n\n\n<p>Departament de Drets Socials \u00b7 Gencat: <a href=\"https:\/\/dretssocials.gencat.cat\/ca\/inici\/nota-premsa\/?id=576762\" target=\"_blank\" rel=\"noreferrer noopener\">La Fundaci\u00f3 Ateneu Sant Roc guanya el 30\u00e8 Premi Voluntariat per la seva tasca de dinamitzaci\u00f3 comunit\u00e0ria<\/a><\/p>\n\n\n\n<div style=\"height:75px\" aria-hidden=\"true\" class=\"wp-block-spacer\"><\/div>\n","protected":false},"excerpt":{"rendered":"<p>Contents i contentes de rebre aquest reconeixement social i institucional al voluntariat de l&#8217;Ateneu, per la [&hellip;]<\/p>\n","protected":false},"author":2,"featured_media":63664,"comment_status":"open","ping_status":"open","sticky":false,"template":"","format":"standard","meta":{"footnotes":""},"categories":[1,2],"tags":[742],"class_list":["post-63646","post","type-post","status-publish","format-standard","has-post-thumbnail","hentry","category-actualitat","category-premsa","tag-formacio-i-voluntariat"],"_links":{"self":[{"href":"https:\/\/fundacioateneusantroc.org\/es\/wp-json\/wp\/v2\/posts\/63646","targetHints":{"allow":["GET"]}}],"collection":[{"href":"https:\/\/fundacioateneusantroc.org\/es\/wp-json\/wp\/v2\/posts"}],"about":[{"href":"https:\/\/fundacioateneusantroc.org\/es\/wp-json\/wp\/v2\/types\/post"}],"author":[{"embeddable":true,"href":"https:\/\/fundacioateneusantroc.org\/es\/wp-json\/wp\/v2\/users\/2"}],"replies":[{"embeddable":true,"href":"https:\/\/fundacioateneusantroc.org\/es\/wp-json\/wp\/v2\/comments?post=63646"}],"version-history":[{"count":32,"href":"https:\/\/fundacioateneusantroc.org\/es\/wp-json\/wp\/v2\/posts\/63646\/revisions"}],"predecessor-version":[{"id":63893,"href":"https:\/\/fundacioateneusantroc.org\/es\/wp-json\/wp\/v2\/posts\/63646\/revisions\/63893"}],"wp:featuredmedia":[{"embeddable":true,"href":"https:\/\/fundacioateneusantroc.org\/es\/wp-json\/wp\/v2\/media\/63664"}],"wp:attachment":[{"href":"https:\/\/fundacioateneusantroc.org\/es\/wp-json\/wp\/v2\/media?parent=63646"}],"wp:term":[{"taxonomy":"category","embeddable":true,"href":"https:\/\/fundacioateneusantroc.org\/es\/wp-json\/wp\/v2\/categories?post=63646"},{"taxonomy":"post_tag","embeddable":true,"href":"https:\/\/fundacioateneusantroc.org\/es\/wp-json\/wp\/v2\/tags?post=63646"}],"curies":[{"name":"wp","href":"https:\/\/api.w.org\/{rel}","templated":true}]}}