{"id":63773,"date":"2023-12-20T23:12:59","date_gmt":"2023-12-20T22:12:59","guid":{"rendered":"https:\/\/fundacioateneusantroc.org\/?p=63773"},"modified":"2024-08-07T09:24:00","modified_gmt":"2024-08-07T07:24:00","slug":"xix-trobada-de-corals","status":"publish","type":"post","link":"https:\/\/fundacioateneusantroc.org\/es\/xix-trobada-de-corals\/","title":{"rendered":"XIX Trobada de corals"},"content":{"rendered":"\n<p>El passat diumenge 17 de desembre va tenir lloc la XIX trobada de corals organitzada per la Fundaci\u00f3 Ateneu Sant Roc. Com altres vegades tres cors van agermanar les seves veus per gaudir del cant coral. Amb aquest acte van voler anunciar un Nadal m\u00e9s solidari, compartint el seu entusiasme per cantar.<\/p>\n\n\n\n<p>Per iniciar les activitats de la celebraci\u00f3 de Nadal d\u2019enguany, el cor Aurica, el cor Scandicus i el cor de l\u2019Ateneu Sant Roc van cantar un repertori variat i de gran qualitat. Els membres dels tres cors han afinat les seves veus per interpretar davant del p\u00fablic assistent un conjunt de temes que han anat treballant al llarg d\u2019aquest \u00faltim trimestre. Les veus del cor de l\u2019Ateneu Sant Roc es van unir a la qualitat vocal del cor Aurica i a l\u2019energia i ritme del cor Scandicus.\u00a0L\u2019esgl\u00e9sia de Sant Roc es va omplir de familiars, amics i coneguts que van seguir el concert amb molt d\u2019inter\u00e8s i van omplir l\u2019ambient d\u2019escalfor.<\/p>\n\n\n\n<p>Com sempre, el concert no podia acabar sense un cant com\u00fa, expressi\u00f3 de la uni\u00f3 musical de les tres formacions. Per aquesta ocasi\u00f3 la pe\u00e7a triada va ser, com no, una nadala: <em>El noi de la mare.<\/em><\/p>\n\n\n\n<p>Perqu\u00e8 on les paraules faltin, la m\u00fasica parla.<\/p>\n\n\n\n<figure class=\"wp-block-gallery has-nested-images columns-default is-cropped wp-block-gallery-1 is-layout-flex wp-block-gallery-is-layout-flex\">\n<figure class=\"wp-block-image size-large\"><img loading=\"lazy\" decoding=\"async\" width=\"1024\" height=\"640\" data-id=\"66369\" src=\"https:\/\/fundacioateneusantroc.org\/wp-content\/uploads\/2024-trobada-corals-02.jpg\" alt=\"\" class=\"wp-image-66369\" srcset=\"https:\/\/fundacioateneusantroc.org\/wp-content\/uploads\/2024-trobada-corals-02.jpg 1024w, https:\/\/fundacioateneusantroc.org\/wp-content\/uploads\/2024-trobada-corals-02-300x188.jpg 300w, https:\/\/fundacioateneusantroc.org\/wp-content\/uploads\/2024-trobada-corals-02-768x480.jpg 768w\" sizes=\"auto, (max-width: 1024px) 100vw, 1024px\" \/><\/figure>\n\n\n\n<figure class=\"wp-block-image size-large\"><img loading=\"lazy\" decoding=\"async\" width=\"1024\" height=\"640\" data-id=\"66371\" src=\"https:\/\/fundacioateneusantroc.org\/wp-content\/uploads\/2024-trobada-corals-03.jpg\" alt=\"\" class=\"wp-image-66371\" srcset=\"https:\/\/fundacioateneusantroc.org\/wp-content\/uploads\/2024-trobada-corals-03.jpg 1024w, https:\/\/fundacioateneusantroc.org\/wp-content\/uploads\/2024-trobada-corals-03-300x188.jpg 300w, https:\/\/fundacioateneusantroc.org\/wp-content\/uploads\/2024-trobada-corals-03-768x480.jpg 768w\" sizes=\"auto, (max-width: 1024px) 100vw, 1024px\" \/><\/figure>\n<\/figure>\n","protected":false},"excerpt":{"rendered":"<p>El passat diumenge 17 de desembre va tenir lloc la XIX trobada de corals organitzada per [&hellip;]<\/p>\n","protected":false},"author":2,"featured_media":66367,"comment_status":"open","ping_status":"open","sticky":false,"template":"","format":"standard","meta":{"footnotes":""},"categories":[1],"tags":[621,734],"class_list":["post-63773","post","type-post","status-publish","format-standard","has-post-thumbnail","hentry","category-actualitat","tag-cor-de-lateneu","tag-dinamitzacio-sociocultural"],"_links":{"self":[{"href":"https:\/\/fundacioateneusantroc.org\/es\/wp-json\/wp\/v2\/posts\/63773","targetHints":{"allow":["GET"]}}],"collection":[{"href":"https:\/\/fundacioateneusantroc.org\/es\/wp-json\/wp\/v2\/posts"}],"about":[{"href":"https:\/\/fundacioateneusantroc.org\/es\/wp-json\/wp\/v2\/types\/post"}],"author":[{"embeddable":true,"href":"https:\/\/fundacioateneusantroc.org\/es\/wp-json\/wp\/v2\/users\/2"}],"replies":[{"embeddable":true,"href":"https:\/\/fundacioateneusantroc.org\/es\/wp-json\/wp\/v2\/comments?post=63773"}],"version-history":[{"count":3,"href":"https:\/\/fundacioateneusantroc.org\/es\/wp-json\/wp\/v2\/posts\/63773\/revisions"}],"predecessor-version":[{"id":66373,"href":"https:\/\/fundacioateneusantroc.org\/es\/wp-json\/wp\/v2\/posts\/63773\/revisions\/66373"}],"wp:featuredmedia":[{"embeddable":true,"href":"https:\/\/fundacioateneusantroc.org\/es\/wp-json\/wp\/v2\/media\/66367"}],"wp:attachment":[{"href":"https:\/\/fundacioateneusantroc.org\/es\/wp-json\/wp\/v2\/media?parent=63773"}],"wp:term":[{"taxonomy":"category","embeddable":true,"href":"https:\/\/fundacioateneusantroc.org\/es\/wp-json\/wp\/v2\/categories?post=63773"},{"taxonomy":"post_tag","embeddable":true,"href":"https:\/\/fundacioateneusantroc.org\/es\/wp-json\/wp\/v2\/tags?post=63773"}],"curies":[{"name":"wp","href":"https:\/\/api.w.org\/{rel}","templated":true}]}}