{"id":63848,"date":"2024-01-16T17:29:54","date_gmt":"2024-01-16T16:29:54","guid":{"rendered":"https:\/\/fundacioateneusantroc.org\/?p=63848"},"modified":"2024-01-16T17:41:09","modified_gmt":"2024-01-16T16:41:09","slug":"2024-calendari-advent-solidari-badalona","status":"publish","type":"post","link":"https:\/\/fundacioateneusantroc.org\/es\/2024-calendari-advent-solidari-badalona\/","title":{"rendered":"Badalona Comunicaci\u00f3 \u00b7 \u00c8xit de participaci\u00f3 al calendari d&#8217;advent solidari de Badalona, amb una cinquantena de premiats"},"content":{"rendered":"\n<div style=\"height:48px\" aria-hidden=\"true\" class=\"wp-block-spacer\"><\/div>\n\n\n\n<figure class=\"wp-block-embed is-type-video is-provider-youtube wp-block-embed-youtube wp-embed-aspect-16-9 wp-has-aspect-ratio\"><div class=\"wp-block-embed__wrapper\">\n<iframe loading=\"lazy\" title=\"2024 Calendari d&#039;Advent\" width=\"500\" height=\"281\" src=\"https:\/\/www.youtube.com\/embed\/me0gKblz2dw?feature=oembed\" frameborder=\"0\" allow=\"accelerometer; autoplay; clipboard-write; encrypted-media; gyroscope; picture-in-picture; web-share\" referrerpolicy=\"strict-origin-when-cross-origin\" allowfullscreen><\/iframe>\n<\/div><\/figure>\n\n\n\n<p><a href=\"https:\/\/www.bdncom.cat\/notice\/exit-de-participacio-al-calendari-dadvent-solidari-de-badalona-amb-una-cinquantena-de-premiats?v=2024-01-13T16:35:30.007\" target=\"_blank\" rel=\"noopener\"><strong>Judit Larios<\/strong> \u00b7 13\/01\/2024<\/a><\/p>\n\n\n\n<hr class=\"wp-block-separator has-alpha-channel-opacity\"\/>\n\n\n\n<p><em>Badalona<\/em>&nbsp;&#8211; Unes 800 persones han participat en la primera edici\u00f3 del&nbsp;<a href=\"https:\/\/www.bdncom.cat\/notice\/neix-el-primer-calendari-dadvent-solidari-de-badalona\" target=\"_blank\" rel=\"noopener\">calendari d&#8217;advent solidari de Badalona<\/a>. L&#8217;inter\u00e8s per aquesta iniciativa&nbsp;<strong>ha superat les expectatives<\/strong>&nbsp;dels seus impulsors, que ho consideren tot un \u00e8xit. L&#8217;entrega de premis als millors classificats ha tingut lloc aquest mat\u00ed als jardins de la Fundaci\u00f3 Acollida i Esperan\u00e7a.<\/p>\n\n\n\n<p>Al calendari d&#8217;advent hi han col\u00b7laborat&nbsp;<strong>24 entitats socials<\/strong>, una per cada dia del joc. La din\u00e0mica consistia a respondre una pregunta di\u00e0ria sobre cadascuna d&#8217;elles. L&#8217;objectiu era fer xarxa entre les entitats i, sobretot, donar a con\u00e8ixer la seva tasca.<\/p>\n\n\n\n<blockquote class=\"wp-block-quote is-layout-flow wp-block-quote-is-layout-flow\">\n<h4 class=\"wp-block-heading\">Hi havia entitats que passaven m\u00e9s desapercebudes. Vol\u00edem buscar no nom\u00e9s els qui ja ens coneixien, sin\u00f3 tamb\u00e9 arribar a gent que normalment no est\u00e0 vinculada i hem fet aquest pas.<\/h4>\n<\/blockquote>\n\n\n\n<p>La cerca de la resposta correcta a les preguntes plantejades ha contribu\u00eft no nom\u00e9s a un augment de visites a les p\u00e0gines web de les entitats, sin\u00f3 tamb\u00e9 a una conscienciaci\u00f3 dels participants sobre diferents problem\u00e0tiques socials. Els impulsors del calendari confien que la difusi\u00f3 aconseguida es tradueixi en una major implicaci\u00f3 de la ciutadania en les seves causes. De fet, assenyalen que algunes&nbsp;<strong>ja han notat un increment de donacions<\/strong>&nbsp;i esperen que, en els pr\u00f2xims mesos, algunes d&#8217;aquestes persones facin el pas d&#8217;involucrar-se com a volunt\u00e0ries.<\/p>\n\n\n\n<p>Davant l&#8217;\u00e8xit d&#8217;aquesta primera edici\u00f3, la intenci\u00f3 \u00e9s fer un nou calendari d&#8217;advent de Badalona el Nadal que ve. Enguany, prop d&#8217;una cinquantena de participants han rebut premis com vals per gastar en botigues, un televisor o, fins i tot, un viatge, despr\u00e9s d&#8217;haver respost correctament totes les preguntes.<\/p>\n\n\n\n<figure class=\"wp-block-gallery has-nested-images columns-default is-cropped wp-block-gallery-1 is-layout-flex wp-block-gallery-is-layout-flex\">\n<figure class=\"wp-block-image size-large\"><img loading=\"lazy\" decoding=\"async\" width=\"1024\" height=\"640\" data-id=\"63858\" src=\"https:\/\/fundacioateneusantroc.org\/wp-content\/uploads\/2024-premis-calendari-advent-4.jpg\" alt=\"\" class=\"wp-image-63858\" srcset=\"https:\/\/fundacioateneusantroc.org\/wp-content\/uploads\/2024-premis-calendari-advent-4.jpg 1024w, https:\/\/fundacioateneusantroc.org\/wp-content\/uploads\/2024-premis-calendari-advent-4-300x188.jpg 300w, https:\/\/fundacioateneusantroc.org\/wp-content\/uploads\/2024-premis-calendari-advent-4-768x480.jpg 768w\" sizes=\"auto, (max-width: 1024px) 100vw, 1024px\" \/><\/figure>\n\n\n\n<figure class=\"wp-block-image size-large\"><img loading=\"lazy\" decoding=\"async\" width=\"1024\" height=\"640\" data-id=\"63862\" src=\"https:\/\/fundacioateneusantroc.org\/wp-content\/uploads\/2024-premis-calendari-advent-6.jpg\" alt=\"\" class=\"wp-image-63862\" srcset=\"https:\/\/fundacioateneusantroc.org\/wp-content\/uploads\/2024-premis-calendari-advent-6.jpg 1024w, https:\/\/fundacioateneusantroc.org\/wp-content\/uploads\/2024-premis-calendari-advent-6-300x188.jpg 300w, https:\/\/fundacioateneusantroc.org\/wp-content\/uploads\/2024-premis-calendari-advent-6-768x480.jpg 768w\" sizes=\"auto, (max-width: 1024px) 100vw, 1024px\" \/><\/figure>\n\n\n\n<figure class=\"wp-block-image size-large\"><img loading=\"lazy\" decoding=\"async\" width=\"1024\" height=\"640\" data-id=\"63860\" src=\"https:\/\/fundacioateneusantroc.org\/wp-content\/uploads\/2024-premis-calendari-advent-5.jpg\" alt=\"\" class=\"wp-image-63860\" srcset=\"https:\/\/fundacioateneusantroc.org\/wp-content\/uploads\/2024-premis-calendari-advent-5.jpg 1024w, https:\/\/fundacioateneusantroc.org\/wp-content\/uploads\/2024-premis-calendari-advent-5-300x188.jpg 300w, https:\/\/fundacioateneusantroc.org\/wp-content\/uploads\/2024-premis-calendari-advent-5-768x480.jpg 768w\" sizes=\"auto, (max-width: 1024px) 100vw, 1024px\" \/><\/figure>\n\n\n\n<figure class=\"wp-block-image size-large\"><img loading=\"lazy\" decoding=\"async\" width=\"1024\" height=\"640\" data-id=\"63852\" src=\"https:\/\/fundacioateneusantroc.org\/wp-content\/uploads\/2024-premis-calendari-advent-1.jpg\" alt=\"\" class=\"wp-image-63852\" srcset=\"https:\/\/fundacioateneusantroc.org\/wp-content\/uploads\/2024-premis-calendari-advent-1.jpg 1024w, https:\/\/fundacioateneusantroc.org\/wp-content\/uploads\/2024-premis-calendari-advent-1-300x188.jpg 300w, https:\/\/fundacioateneusantroc.org\/wp-content\/uploads\/2024-premis-calendari-advent-1-768x480.jpg 768w\" sizes=\"auto, (max-width: 1024px) 100vw, 1024px\" \/><\/figure>\n\n\n\n<figure class=\"wp-block-image size-large\"><img loading=\"lazy\" decoding=\"async\" width=\"1024\" height=\"640\" data-id=\"63856\" src=\"https:\/\/fundacioateneusantroc.org\/wp-content\/uploads\/2024-premis-calendari-advent-3.jpg\" alt=\"\" class=\"wp-image-63856\" srcset=\"https:\/\/fundacioateneusantroc.org\/wp-content\/uploads\/2024-premis-calendari-advent-3.jpg 1024w, https:\/\/fundacioateneusantroc.org\/wp-content\/uploads\/2024-premis-calendari-advent-3-300x188.jpg 300w, https:\/\/fundacioateneusantroc.org\/wp-content\/uploads\/2024-premis-calendari-advent-3-768x480.jpg 768w\" sizes=\"auto, (max-width: 1024px) 100vw, 1024px\" \/><\/figure>\n\n\n\n<figure class=\"wp-block-image size-large\"><img loading=\"lazy\" decoding=\"async\" width=\"1024\" height=\"640\" data-id=\"63854\" src=\"https:\/\/fundacioateneusantroc.org\/wp-content\/uploads\/2024-premis-calendari-advent-2.jpg\" alt=\"\" class=\"wp-image-63854\" srcset=\"https:\/\/fundacioateneusantroc.org\/wp-content\/uploads\/2024-premis-calendari-advent-2.jpg 1024w, https:\/\/fundacioateneusantroc.org\/wp-content\/uploads\/2024-premis-calendari-advent-2-300x188.jpg 300w, https:\/\/fundacioateneusantroc.org\/wp-content\/uploads\/2024-premis-calendari-advent-2-768x480.jpg 768w\" sizes=\"auto, (max-width: 1024px) 100vw, 1024px\" \/><\/figure>\n\n\n\n<figure class=\"wp-block-image size-large\"><img loading=\"lazy\" decoding=\"async\" width=\"1024\" height=\"640\" data-id=\"63850\" src=\"https:\/\/fundacioateneusantroc.org\/wp-content\/uploads\/2024-premis-calendari-advent-0.jpg\" alt=\"\" class=\"wp-image-63850\" srcset=\"https:\/\/fundacioateneusantroc.org\/wp-content\/uploads\/2024-premis-calendari-advent-0.jpg 1024w, https:\/\/fundacioateneusantroc.org\/wp-content\/uploads\/2024-premis-calendari-advent-0-300x188.jpg 300w, https:\/\/fundacioateneusantroc.org\/wp-content\/uploads\/2024-premis-calendari-advent-0-768x480.jpg 768w\" sizes=\"auto, (max-width: 1024px) 100vw, 1024px\" \/><\/figure>\n<\/figure>\n\n\n\n<p class=\"has-small-font-size\"><em>@Fotografies de Carles Guinot<\/em><a href=\"https:\/\/wa.me\/?text=https:\/\/www.bdncom.cat\/notice\/exit-de-participacio-al-calendari-dadvent-solidari-de-badalona-amb-una-cinquantena-de-premiats\" target=\"_blank\" rel=\"noreferrer noopener\"><\/a><\/p>\n\n\n\n<p><a target=\"_blank\" href=\"https:\/\/www.facebook.com\/sharer\/sharer.php?u=https:\/\/www.bdncom.cat\/notice\/exit-de-participacio-al-calendari-dadvent-solidari-de-badalona-amb-una-cinquantena-de-premiats\" rel=\"noreferrer noopener\"><\/a><\/p>\n\n\n\n<p><a target=\"_blank\" href=\"https:\/\/twitter.com\/intent\/tweet?text=%C3%88xit%20de%20participaci%C3%B3%20al%20calendari%20d%27advent%20solidari%20de%20Badalona,%20amb%20una%20cinquantena%20de%20premiats&amp;url=https:\/\/www.bdncom.cat\/notice\/exit-de-participacio-al-calendari-dadvent-solidari-de-badalona-amb-una-cinquantena-de-premiats\/?v=2024-01-13T16:35:30.007&amp;hashtags=Badalona\" rel=\"noreferrer noopener\"><\/a><\/p>\n","protected":false},"excerpt":{"rendered":"<p>Judit Larios \u00b7 13\/01\/2024 Badalona&nbsp;&#8211; Unes 800 persones han participat en la primera edici\u00f3 del&nbsp;calendari d&#8217;advent [&hellip;]<\/p>\n","protected":false},"author":2,"featured_media":63868,"comment_status":"open","ping_status":"open","sticky":false,"template":"","format":"standard","meta":{"footnotes":""},"categories":[2],"tags":[1154,1684],"class_list":["post-63848","post","type-post","status-publish","format-standard","has-post-thumbnail","hentry","category-premsa","tag-ateneu-en-xarxa","tag-calendari-dadvent"],"_links":{"self":[{"href":"https:\/\/fundacioateneusantroc.org\/es\/wp-json\/wp\/v2\/posts\/63848","targetHints":{"allow":["GET"]}}],"collection":[{"href":"https:\/\/fundacioateneusantroc.org\/es\/wp-json\/wp\/v2\/posts"}],"about":[{"href":"https:\/\/fundacioateneusantroc.org\/es\/wp-json\/wp\/v2\/types\/post"}],"author":[{"embeddable":true,"href":"https:\/\/fundacioateneusantroc.org\/es\/wp-json\/wp\/v2\/users\/2"}],"replies":[{"embeddable":true,"href":"https:\/\/fundacioateneusantroc.org\/es\/wp-json\/wp\/v2\/comments?post=63848"}],"version-history":[{"count":6,"href":"https:\/\/fundacioateneusantroc.org\/es\/wp-json\/wp\/v2\/posts\/63848\/revisions"}],"predecessor-version":[{"id":63872,"href":"https:\/\/fundacioateneusantroc.org\/es\/wp-json\/wp\/v2\/posts\/63848\/revisions\/63872"}],"wp:featuredmedia":[{"embeddable":true,"href":"https:\/\/fundacioateneusantroc.org\/es\/wp-json\/wp\/v2\/media\/63868"}],"wp:attachment":[{"href":"https:\/\/fundacioateneusantroc.org\/es\/wp-json\/wp\/v2\/media?parent=63848"}],"wp:term":[{"taxonomy":"category","embeddable":true,"href":"https:\/\/fundacioateneusantroc.org\/es\/wp-json\/wp\/v2\/categories?post=63848"},{"taxonomy":"post_tag","embeddable":true,"href":"https:\/\/fundacioateneusantroc.org\/es\/wp-json\/wp\/v2\/tags?post=63848"}],"curies":[{"name":"wp","href":"https:\/\/api.w.org\/{rel}","templated":true}]}}