{"id":63894,"date":"1994-01-29T10:14:00","date_gmt":"1994-01-29T09:14:00","guid":{"rendered":"https:\/\/fundacioateneusantroc.org\/?p=63894"},"modified":"2024-01-29T10:15:41","modified_gmt":"2024-01-29T09:15:41","slug":"experiencies-de-pedagogia-social-ateneu-popular-sant-roc","status":"publish","type":"post","link":"https:\/\/fundacioateneusantroc.org\/es\/experiencies-de-pedagogia-social-ateneu-popular-sant-roc\/","title":{"rendered":"Experi\u00e8ncies de pedagogia social: Ateneu Popular Sant Roc"},"content":{"rendered":"\n<h2 class=\"wp-block-heading\">La import\u00e0ncia creixent de la iniciativa social<\/h2>\n\n\n\n<p>En el fons d&#8217;aquesta realitat hi ha una constataci\u00f3 important de\u00a0caire\u00a0filos\u00f2fic que no pol\u00edtic o de simple gesti\u00f3: el paper creixent de la societat anomenada civil a trav\u00e9s de la iniciativa social. Aquesta \u00e9s una opci\u00f3 que ve a superar dial\u00e8cticament el vell i decadent planteig maniqueista entre p\u00fablic i privat, el qual t\u00e9 en compte m\u00e9s la propietat \u2014p\u00fablica i privada\u2014 dels mitjans que no de la finalitat i el dest\u00ed \u2014p\u00fablic o privat\u2014 del servei.<\/p>\n\n\n\n<p>Aix\u00ed, la iniciativa social es defineix per la finalitat p\u00fablica de la seva actuaci\u00f3, pels fons p\u00fablics que s&#8217;hi destinen, gestionats i administrats per persones privades \u2014\u00e9s a dir, no per la mateixa administraci\u00f3 p\u00fablica, a trav\u00e9s de funcionaris\u2014, tot establint rigoroses formes de control, seguiment i avaluaci\u00f3 per part de les inst\u00e0ncies p\u00fabliques a les quals peri\u00f2dicament es rendeix comptes.<\/p>\n\n\n\n<p>Aquest model d&#8217;actuaci\u00f3 es dona des d&#8217;una proximitat als destinataris i a l&#8217;entorn \u2014\u00e9s a dir, es tracta d&#8217;una actuaci\u00f3 des de dins, eficient, compromesa i participativa, alhora \u00e0gil, flexible i immediata \u2014responent a les condicions reals i concretes, atenta a les demandes i a les necessitats formulades i percebudes des d&#8217;aquesta proximitat\u2014 i habitualment amb uns costos notablement inferiors als que correspondrien en una gesti\u00f3 burocratitzada. Una constataci\u00f3 \u00e9s ben clara, en el cas de l&#8217;Ateneu Popular: no tot es pot dur a terme amb diners, si no es disposa d&#8217;un equip hum\u00e0 qualificat, motivat i responsable.<br>No es tracta sin\u00f3 d&#8217;una aplicaci\u00f3 concreta del principi de subsidiarietat. Tanmateix, no \u00e9s f\u00e0cil que per part de l&#8217;administraci\u00f3 p\u00fablica es doni aquesta sensibilitat envers la societat civil i la iniciativa social, des d&#8217;una actitud de prejudici que sol derivar en desconfian\u00e7a i resist\u00e8ncia a cedir o delegar la gesti\u00f3 i a concertar determinats serveis,\u00a0malgrat\u00a0en mantingui el control, la responsabilitat i les compet\u00e8ncies.<\/p>\n\n\n\n<p>En una situaci\u00f3 hist\u00f2rica com l&#8217;actual, de canvi de model de societat, en qu\u00e8 s&#8217;intueix la fi de l&#8217;anomenat &#8220;estat del benestar&#8221;, la iniciativa social pot fer viable la derivaci\u00f3 d&#8217;aquest &#8220;estat&#8221; en una &#8220;societat del benestar&#8221;, en la qual, a trav\u00e9s de la participaci\u00f3 social, tornin a recon\u00e8ixer-se com a &#8220;ciutadans&#8221; els que l'&#8221;estat del benestar&#8221; havia convertit en &#8220;usuaris&#8221;. Creiem que l&#8217;Ateneu Popular Sant Roc en pot ser un paradigma v\u00e0lid: \u00e9s en aquesta l\u00ednia que s&#8217;orienta la seva tasca.<\/p>\n\n\n\n<p class=\"has-text-align-right\"><em>Joan Soler i Amig\u00f3 (1994)<\/em><\/p>\n\n\n\n<p><a href=\"https:\/\/fundacioateneusantroc.org\/wp-content\/uploads\/ateneupopularsantroc_taleia_41.pdf\">>Descarregar pdf<\/a><\/p>\n","protected":false},"excerpt":{"rendered":"<p>La import\u00e0ncia creixent de la iniciativa social En el fons d&#8217;aquesta realitat hi ha una constataci\u00f3 [&hellip;]<\/p>\n","protected":false},"author":2,"featured_media":63899,"comment_status":"open","ping_status":"open","sticky":false,"template":"","format":"standard","meta":{"footnotes":""},"categories":[1],"tags":[14],"class_list":["post-63894","post","type-post","status-publish","format-standard","has-post-thumbnail","hentry","category-actualitat","tag-publicacions"],"_links":{"self":[{"href":"https:\/\/fundacioateneusantroc.org\/es\/wp-json\/wp\/v2\/posts\/63894","targetHints":{"allow":["GET"]}}],"collection":[{"href":"https:\/\/fundacioateneusantroc.org\/es\/wp-json\/wp\/v2\/posts"}],"about":[{"href":"https:\/\/fundacioateneusantroc.org\/es\/wp-json\/wp\/v2\/types\/post"}],"author":[{"embeddable":true,"href":"https:\/\/fundacioateneusantroc.org\/es\/wp-json\/wp\/v2\/users\/2"}],"replies":[{"embeddable":true,"href":"https:\/\/fundacioateneusantroc.org\/es\/wp-json\/wp\/v2\/comments?post=63894"}],"version-history":[{"count":2,"href":"https:\/\/fundacioateneusantroc.org\/es\/wp-json\/wp\/v2\/posts\/63894\/revisions"}],"predecessor-version":[{"id":63898,"href":"https:\/\/fundacioateneusantroc.org\/es\/wp-json\/wp\/v2\/posts\/63894\/revisions\/63898"}],"wp:featuredmedia":[{"embeddable":true,"href":"https:\/\/fundacioateneusantroc.org\/es\/wp-json\/wp\/v2\/media\/63899"}],"wp:attachment":[{"href":"https:\/\/fundacioateneusantroc.org\/es\/wp-json\/wp\/v2\/media?parent=63894"}],"wp:term":[{"taxonomy":"category","embeddable":true,"href":"https:\/\/fundacioateneusantroc.org\/es\/wp-json\/wp\/v2\/categories?post=63894"},{"taxonomy":"post_tag","embeddable":true,"href":"https:\/\/fundacioateneusantroc.org\/es\/wp-json\/wp\/v2\/tags?post=63894"}],"curies":[{"name":"wp","href":"https:\/\/api.w.org\/{rel}","templated":true}]}}