{"id":63916,"date":"2024-02-01T11:59:50","date_gmt":"2024-02-01T10:59:50","guid":{"rendered":"https:\/\/fundacioateneusantroc.org\/?p=63916"},"modified":"2024-07-15T17:39:24","modified_gmt":"2024-07-15T15:39:24","slug":"quima-sagues","status":"publish","type":"post","link":"https:\/\/fundacioateneusantroc.org\/es\/quima-sagues\/","title":{"rendered":"Quima Sagu\u00e9s"},"content":{"rendered":"\n<p>La Quima arriba corrents a l&#8217;Ateneu, atrafegada, patint que no sigui tard. L&#8217;activitat est\u00e0 a punt de comen\u00e7ar. Un bon dia, un somriure i anar per feina, que els nens i les nenes no esperen.<br>Porta molts anys, sempre treballant al costat de les m\u00e9s petites i els petits amb alegria. Acompanyar, est\u00e0 atenta a les seves necessitats: jugar, menjar, treballar la higiene, promoure el seu desenvolupament&#8230; des del Suport d&#8217;educaci\u00f3 infantil que allibera les mares durant la seva formaci\u00f3 i at\u00e9n els infants en el treball d\u2019h\u00e0bits. Un espai on la Quima participa perqu\u00e8 els petitons l&#8217;enlluernen, com les seves netes.<\/p>\n\n\n\n<p>Tamb\u00e9 fa costat a les dones de l&#8217;Espai familiar Elna. A la cuina, un lloc que controla, que li agrada i on gaudeix. All\u00e0 coneix els costums d&#8217;altres cultures, escolta a les dones que venen de lluny, comparteix paraules, desxifra idiomes, s&#8217;ent\u00e9n, si s&#8217;escau, amb gestos.<\/p>\n\n\n\n<p>Porta tota una vida en grups, engrescant-se en qualsevol proposta que porti esperan\u00e7a a la gent, q\u00fcestionant, interrogant, inconformista amb tot. Ha estat i est\u00e0 en mil batalles: amb el Per\u00fa, Palestina, el S\u00e0hara, contra les guerres, per les dones&#8230; Ha compartit i encara comparteix reptes amb molts grups: Hora 3,&nbsp;HOAC, catequesi, grup de solidaritat \u00c9s l&#8217;Hora, grups de trinit\u00e0ries, amb els maristes al menjador del projecte de Rialles a Santa Coloma, al cor de l&#8217;Ateneu&#8230;<\/p>\n\n\n\n<p>La Quima amb una fe que es fa acci\u00f3 i ress\u00f2, que aterra en fer-se present, caminant en comunitat, compartint amb la fam\u00edlia il\u00b7lusi\u00f3 i reivindicacions.<\/p>\n\n\n\n<p>Metgessa per estudis, volunt\u00e0ria i compromesa per vocaci\u00f3.<\/p>\n\n\n\n<p class=\"has-text-align-right\"><em>Lorenzo Hernando (10 de febrer de 2024)<\/em><\/p>\n","protected":false},"excerpt":{"rendered":"<p>La Quima arriba corrents a l&#8217;Ateneu, atrafegada, patint que no sigui tard. L&#8217;activitat est\u00e0 a punt [&hellip;]<\/p>\n","protected":false},"author":2,"featured_media":64125,"comment_status":"open","ping_status":"open","sticky":false,"template":"","format":"standard","meta":{"footnotes":""},"categories":[1089,1],"tags":[715,722],"class_list":["post-63916","post","type-post","status-publish","format-standard","has-post-thumbnail","hentry","category-retrats","category-actualitat","tag-espai-familiar-elna","tag-suport-deducacio-infantil"],"_links":{"self":[{"href":"https:\/\/fundacioateneusantroc.org\/es\/wp-json\/wp\/v2\/posts\/63916","targetHints":{"allow":["GET"]}}],"collection":[{"href":"https:\/\/fundacioateneusantroc.org\/es\/wp-json\/wp\/v2\/posts"}],"about":[{"href":"https:\/\/fundacioateneusantroc.org\/es\/wp-json\/wp\/v2\/types\/post"}],"author":[{"embeddable":true,"href":"https:\/\/fundacioateneusantroc.org\/es\/wp-json\/wp\/v2\/users\/2"}],"replies":[{"embeddable":true,"href":"https:\/\/fundacioateneusantroc.org\/es\/wp-json\/wp\/v2\/comments?post=63916"}],"version-history":[{"count":6,"href":"https:\/\/fundacioateneusantroc.org\/es\/wp-json\/wp\/v2\/posts\/63916\/revisions"}],"predecessor-version":[{"id":64132,"href":"https:\/\/fundacioateneusantroc.org\/es\/wp-json\/wp\/v2\/posts\/63916\/revisions\/64132"}],"wp:featuredmedia":[{"embeddable":true,"href":"https:\/\/fundacioateneusantroc.org\/es\/wp-json\/wp\/v2\/media\/64125"}],"wp:attachment":[{"href":"https:\/\/fundacioateneusantroc.org\/es\/wp-json\/wp\/v2\/media?parent=63916"}],"wp:term":[{"taxonomy":"category","embeddable":true,"href":"https:\/\/fundacioateneusantroc.org\/es\/wp-json\/wp\/v2\/categories?post=63916"},{"taxonomy":"post_tag","embeddable":true,"href":"https:\/\/fundacioateneusantroc.org\/es\/wp-json\/wp\/v2\/tags?post=63916"}],"curies":[{"name":"wp","href":"https:\/\/api.w.org\/{rel}","templated":true}]}}