{"id":64206,"date":"2024-02-14T12:38:20","date_gmt":"2024-02-14T11:38:20","guid":{"rendered":"https:\/\/fundacioateneusantroc.org\/?p=64206"},"modified":"2025-05-26T09:47:46","modified_gmt":"2025-05-26T07:47:46","slug":"visitem-lexposicio-la-voz-del-hilo","status":"publish","type":"post","link":"https:\/\/fundacioateneusantroc.org\/es\/visitem-lexposicio-la-voz-del-hilo\/","title":{"rendered":"Visitem l\u2019exposici\u00f3 \u201cLa voz del hilo\u201d"},"content":{"rendered":"\n<p><strong><a href=\"https:\/\/www.espaibetulia.cat\/event\/la-voz-del-hilo\/\" target=\"_blank\" rel=\"noreferrer noopener\">EXPOSICI\u00d3: La Voz del hilo<\/a><br>Del 30 de gener al 20 de mar\u00e7 de 2024<br>Lloc: Espai Bet\u00falia (Badalona)<br>Organitza: Espai Bet\u00falia<br>Comiss\u00e0ria: Mercy Rojas<br>Inauguraci\u00f3: 30\/01\/2024<br>Visita guiada: 13\/02\/2024<\/strong><\/p>\n\n\n\n<p><br><\/p>\n\n\n\n<p>Quin t\u00edtol tan adequat per a una exposici\u00f3 com aquesta!<\/p>\n\n\n\n<p>Tan adequat com que amb el fil, els fils, quantes hist\u00f2ries no podem cosir, recosir, quants sentiments no podem reproduir, quantes sensacions no podem expressar&#8230; tot fent xarxa de sororitat i alhora produir obres d\u2019art!<\/p>\n\n\n\n<p>I aix\u00f2 \u00e9s el que vam poder comprovar en aquesta visita, exhaustivament guiada per la Mercy Rojas comiss\u00e0ria de l\u2019exposici\u00f3, artista del fil i l\u2019agulla i promotora d\u2019aquest art a la capital aragonesa.<\/p>\n\n\n\n<p>Ens va explicar cada una de les obres i en aquells moments, les arpilleristes an\u00e0vem obrint els ulls com taronges tot pensant: per\u00f2 si aquesta \u00e9s tamb\u00e9 la nostra filosofia i el nostre objectiu!<\/p>\n\n\n\n<p>Per aix\u00f2, vam connectar tant amb elles. No nom\u00e9s perqu\u00e8 fossin obres d\u2019art en s\u00ed sin\u00f3 perqu\u00e8 el missatge \u00e9s el mateix que a nosaltres ens anima. I tot, sense fer servir altra cosa que trossos de roba a vegades inservibles, o reutilitzables, l\u2019agulla i el fil. En comunitat i fent xarxa.<\/p>\n\n\n\n<p>De tal manera que les arpilleristes tamb\u00e9 hi vam exposar el nostre granet de sorra i la M\u00f2nica va explicar, de manera molt entenedora i emotiva, la nostra arpillera anomenada <a href=\"https:\/\/fundacioateneusantroc.org\/coleccions\/cunetes\/\" target=\"_blank\" rel=\"noreferrer noopener\">Cunetes<\/a>.<\/p>\n\n\n\n<figure class=\"wp-block-gallery has-nested-images columns-default is-cropped wp-block-gallery-1 is-layout-flex wp-block-gallery-is-layout-flex\">\n<figure class=\"wp-block-image size-large\"><img loading=\"lazy\" decoding=\"async\" width=\"1024\" height=\"640\" data-id=\"64210\" src=\"https:\/\/fundacioateneusantroc.org\/wp-content\/uploads\/2024-la-voz-del-hilo-2.jpg\" alt=\"\" class=\"wp-image-64210\" srcset=\"https:\/\/fundacioateneusantroc.org\/wp-content\/uploads\/2024-la-voz-del-hilo-2.jpg 1024w, https:\/\/fundacioateneusantroc.org\/wp-content\/uploads\/2024-la-voz-del-hilo-2-300x188.jpg 300w, https:\/\/fundacioateneusantroc.org\/wp-content\/uploads\/2024-la-voz-del-hilo-2-768x480.jpg 768w\" sizes=\"auto, (max-width: 1024px) 100vw, 1024px\" \/><\/figure>\n<\/figure>\n\n\n\n<p>Tamb\u00e9 altres arpilleres del grup formaven part&nbsp;de l\u2019exposici\u00f3: <a href=\"https:\/\/fundacioateneusantroc.org\/es\/coleccions\/labracada\/\" target=\"_blank\" rel=\"noreferrer noopener\">&#8230;Pendiente abrazo,<\/a> <a href=\"https:\/\/fundacioateneusantroc.org\/es\/coleccions\/nadons-robats\/\" target=\"_blank\" rel=\"noreferrer noopener\">Nadons robats,<\/a> <a href=\"https:\/\/fundacioateneusantroc.org\/es\/coleccions\/salvament-a-lesbos\/\" target=\"_blank\" rel=\"noreferrer noopener\">Salvament a Lesbos,<\/a> <a href=\"https:\/\/fundacioateneusantroc.org\/es\/coleccions\/article-13-de-la-declaracio-dels-drets-humans\/\" target=\"_blank\" rel=\"noreferrer noopener\">Article 13 de la Declaraci\u00f3 dels Drets Humans,<\/a> <a href=\"https:\/\/fundacioateneusantroc.org\/es\/coleccions\/defensem-una-vida-digna\/\">Defensem una vid<\/a><a href=\"https:\/\/fundacioateneusantroc.org\/es\/coleccions\/defensem-una-vida-digna\/\" target=\"_blank\" rel=\"noreferrer noopener\">a digna,<\/a> <a href=\"https:\/\/fundacioateneusantroc.org\/es\/coleccions\/pobresa-i-solidaritat\/\" target=\"_blank\" rel=\"noreferrer noopener\">Pobresa i solidaritat.<\/a><\/p>\n\n\n\n<p>Les puntaires de Badalona tamb\u00e9 hi van trobar el seu rac\u00f3, mostrant les filigranes i meravelles que es poden fer i fan amb el l fil, amb els fils.<\/p>\n\n\n\n<p>Va ser una experi\u00e8ncia molt enriquidora per a totes nosaltres i ens vam quedar amb les ganes de poder continuar el contacte amb aquest col\u00b7lectiu d\u2019artistes t\u00e8xtils <a href=\"https:\/\/mottainaizgz.blogspot.com\/?m=1\" target=\"_blank\" rel=\"noreferrer noopener\">Mottainai.ZGZ<\/a> de Saragossa.<\/p>\n\n\n\n<p>Qui sap si quest pot ser el principi d\u2019una bona col\u00b7laboraci\u00f3.<\/p>\n\n\n\n<figure class=\"wp-block-gallery has-nested-images columns-default is-cropped wp-block-gallery-2 is-layout-flex wp-block-gallery-is-layout-flex\">\n<figure class=\"wp-block-image size-large\"><img loading=\"lazy\" decoding=\"async\" width=\"1024\" height=\"640\" data-id=\"64212\" src=\"https:\/\/fundacioateneusantroc.org\/wp-content\/uploads\/2024-la-voz-del-hilo-3.jpg\" alt=\"\" class=\"wp-image-64212\" srcset=\"https:\/\/fundacioateneusantroc.org\/wp-content\/uploads\/2024-la-voz-del-hilo-3.jpg 1024w, https:\/\/fundacioateneusantroc.org\/wp-content\/uploads\/2024-la-voz-del-hilo-3-300x188.jpg 300w, https:\/\/fundacioateneusantroc.org\/wp-content\/uploads\/2024-la-voz-del-hilo-3-768x480.jpg 768w\" sizes=\"auto, (max-width: 1024px) 100vw, 1024px\" \/><\/figure>\n\n\n\n<figure class=\"wp-block-image size-large\"><img loading=\"lazy\" decoding=\"async\" width=\"1024\" height=\"640\" data-id=\"64214\" src=\"https:\/\/fundacioateneusantroc.org\/wp-content\/uploads\/2024-la-voz-del-hilo-4.jpg\" alt=\"\" class=\"wp-image-64214\" srcset=\"https:\/\/fundacioateneusantroc.org\/wp-content\/uploads\/2024-la-voz-del-hilo-4.jpg 1024w, https:\/\/fundacioateneusantroc.org\/wp-content\/uploads\/2024-la-voz-del-hilo-4-300x188.jpg 300w, https:\/\/fundacioateneusantroc.org\/wp-content\/uploads\/2024-la-voz-del-hilo-4-768x480.jpg 768w\" sizes=\"auto, (max-width: 1024px) 100vw, 1024px\" \/><\/figure>\n\n\n\n<figure class=\"wp-block-image size-large\"><img loading=\"lazy\" decoding=\"async\" width=\"1024\" height=\"640\" data-id=\"64216\" src=\"https:\/\/fundacioateneusantroc.org\/wp-content\/uploads\/2024-la-voz-del-hilo-5.jpg\" alt=\"\" class=\"wp-image-64216\" srcset=\"https:\/\/fundacioateneusantroc.org\/wp-content\/uploads\/2024-la-voz-del-hilo-5.jpg 1024w, https:\/\/fundacioateneusantroc.org\/wp-content\/uploads\/2024-la-voz-del-hilo-5-300x188.jpg 300w, https:\/\/fundacioateneusantroc.org\/wp-content\/uploads\/2024-la-voz-del-hilo-5-768x480.jpg 768w\" sizes=\"auto, (max-width: 1024px) 100vw, 1024px\" \/><\/figure>\n\n\n\n<figure class=\"wp-block-image size-large\"><img loading=\"lazy\" decoding=\"async\" width=\"523\" height=\"928\" data-id=\"64218\" src=\"https:\/\/fundacioateneusantroc.org\/wp-content\/uploads\/2024-la-voz-del-hilo-6.jpg\" alt=\"\" class=\"wp-image-64218\" srcset=\"https:\/\/fundacioateneusantroc.org\/wp-content\/uploads\/2024-la-voz-del-hilo-6.jpg 523w, https:\/\/fundacioateneusantroc.org\/wp-content\/uploads\/2024-la-voz-del-hilo-6-169x300.jpg 169w\" sizes=\"auto, (max-width: 523px) 100vw, 523px\" \/><\/figure>\n\n\n\n<figure class=\"wp-block-image size-large\"><img loading=\"lazy\" decoding=\"async\" width=\"1024\" height=\"640\" data-id=\"64229\" src=\"https:\/\/fundacioateneusantroc.org\/wp-content\/uploads\/2024-la-voz-del-hilo-11.jpg\" alt=\"\" class=\"wp-image-64229\" srcset=\"https:\/\/fundacioateneusantroc.org\/wp-content\/uploads\/2024-la-voz-del-hilo-11.jpg 1024w, https:\/\/fundacioateneusantroc.org\/wp-content\/uploads\/2024-la-voz-del-hilo-11-300x188.jpg 300w, https:\/\/fundacioateneusantroc.org\/wp-content\/uploads\/2024-la-voz-del-hilo-11-768x480.jpg 768w\" sizes=\"auto, (max-width: 1024px) 100vw, 1024px\" \/><\/figure>\n\n\n\n<figure class=\"wp-block-image size-large\"><img loading=\"lazy\" decoding=\"async\" width=\"523\" height=\"928\" data-id=\"64234\" src=\"https:\/\/fundacioateneusantroc.org\/wp-content\/uploads\/2024-la-voz-del-hilo-13.jpg\" alt=\"\" class=\"wp-image-64234\" srcset=\"https:\/\/fundacioateneusantroc.org\/wp-content\/uploads\/2024-la-voz-del-hilo-13.jpg 523w, https:\/\/fundacioateneusantroc.org\/wp-content\/uploads\/2024-la-voz-del-hilo-13-169x300.jpg 169w\" sizes=\"auto, (max-width: 523px) 100vw, 523px\" \/><\/figure>\n\n\n\n<figure class=\"wp-block-image size-large\"><img loading=\"lazy\" decoding=\"async\" width=\"1024\" height=\"640\" data-id=\"64222\" src=\"https:\/\/fundacioateneusantroc.org\/wp-content\/uploads\/2024-la-voz-del-hilo-8.jpg\" alt=\"\" class=\"wp-image-64222\" srcset=\"https:\/\/fundacioateneusantroc.org\/wp-content\/uploads\/2024-la-voz-del-hilo-8.jpg 1024w, https:\/\/fundacioateneusantroc.org\/wp-content\/uploads\/2024-la-voz-del-hilo-8-300x188.jpg 300w, https:\/\/fundacioateneusantroc.org\/wp-content\/uploads\/2024-la-voz-del-hilo-8-768x480.jpg 768w\" sizes=\"auto, (max-width: 1024px) 100vw, 1024px\" \/><\/figure>\n\n\n\n<figure class=\"wp-block-image size-large\"><img loading=\"lazy\" decoding=\"async\" width=\"1024\" height=\"640\" data-id=\"64226\" src=\"https:\/\/fundacioateneusantroc.org\/wp-content\/uploads\/2024-la-voz-del-hilo-10.jpg\" alt=\"\" class=\"wp-image-64226\" srcset=\"https:\/\/fundacioateneusantroc.org\/wp-content\/uploads\/2024-la-voz-del-hilo-10.jpg 1024w, https:\/\/fundacioateneusantroc.org\/wp-content\/uploads\/2024-la-voz-del-hilo-10-300x188.jpg 300w, https:\/\/fundacioateneusantroc.org\/wp-content\/uploads\/2024-la-voz-del-hilo-10-768x480.jpg 768w\" sizes=\"auto, (max-width: 1024px) 100vw, 1024px\" \/><\/figure>\n\n\n\n<figure class=\"wp-block-image size-large\"><img loading=\"lazy\" decoding=\"async\" width=\"1024\" height=\"640\" data-id=\"64232\" src=\"https:\/\/fundacioateneusantroc.org\/wp-content\/uploads\/2024-la-voz-del-hilo-12.jpg\" alt=\"\" class=\"wp-image-64232\" srcset=\"https:\/\/fundacioateneusantroc.org\/wp-content\/uploads\/2024-la-voz-del-hilo-12.jpg 1024w, https:\/\/fundacioateneusantroc.org\/wp-content\/uploads\/2024-la-voz-del-hilo-12-300x188.jpg 300w, https:\/\/fundacioateneusantroc.org\/wp-content\/uploads\/2024-la-voz-del-hilo-12-768x480.jpg 768w\" sizes=\"auto, (max-width: 1024px) 100vw, 1024px\" \/><\/figure>\n\n\n\n<figure class=\"wp-block-image size-large\"><img loading=\"lazy\" decoding=\"async\" width=\"1024\" height=\"640\" data-id=\"64224\" src=\"https:\/\/fundacioateneusantroc.org\/wp-content\/uploads\/2024-la-voz-del-hilo-9.jpg\" alt=\"\" class=\"wp-image-64224\" srcset=\"https:\/\/fundacioateneusantroc.org\/wp-content\/uploads\/2024-la-voz-del-hilo-9.jpg 1024w, https:\/\/fundacioateneusantroc.org\/wp-content\/uploads\/2024-la-voz-del-hilo-9-300x188.jpg 300w, https:\/\/fundacioateneusantroc.org\/wp-content\/uploads\/2024-la-voz-del-hilo-9-768x480.jpg 768w\" sizes=\"auto, (max-width: 1024px) 100vw, 1024px\" \/><\/figure>\n<\/figure>\n\n\n\n<div class=\"wp-block-group\"><div class=\"wp-block-group__inner-container is-layout-constrained wp-block-group-is-layout-constrained\">\n<div style=\"height:36px\" aria-hidden=\"true\" class=\"wp-block-spacer\"><\/div>\n\n\n\n<div class=\"wp-block-columns is-layout-flex wp-container-core-columns-is-layout-9d6595d7 wp-block-columns-is-layout-flex\">\n<div class=\"wp-block-column is-layout-flow wp-block-column-is-layout-flow\">\n<div class=\"wp-block-buttons is-content-justification-center is-layout-flex wp-container-core-buttons-is-layout-16018d1d wp-block-buttons-is-layout-flex\">\n<div class=\"wp-block-button\"><a class=\"wp-block-button__link wp-element-button\" href=\"https:\/\/fundacioateneusantroc.org\/es\/arpilleras\/\">Volver a arpilleras<\/a><\/div>\n<\/div>\n<\/div>\n<\/div>\n<\/div><\/div>\n","protected":false},"excerpt":{"rendered":"<p>EXPOSICI\u00d3: La Voz del hiloDel 30 de gener al 20 de mar\u00e7 de 2024Lloc: Espai Bet\u00falia [&hellip;]<\/p>\n","protected":false},"author":2,"featured_media":64208,"comment_status":"open","ping_status":"open","sticky":false,"template":"","format":"standard","meta":{"footnotes":""},"categories":[787,1],"tags":[28],"class_list":["post-64206","post","type-post","status-publish","format-standard","has-post-thumbnail","hentry","category-les-arpilleres","category-actualitat","tag-arpilleras"],"_links":{"self":[{"href":"https:\/\/fundacioateneusantroc.org\/es\/wp-json\/wp\/v2\/posts\/64206","targetHints":{"allow":["GET"]}}],"collection":[{"href":"https:\/\/fundacioateneusantroc.org\/es\/wp-json\/wp\/v2\/posts"}],"about":[{"href":"https:\/\/fundacioateneusantroc.org\/es\/wp-json\/wp\/v2\/types\/post"}],"author":[{"embeddable":true,"href":"https:\/\/fundacioateneusantroc.org\/es\/wp-json\/wp\/v2\/users\/2"}],"replies":[{"embeddable":true,"href":"https:\/\/fundacioateneusantroc.org\/es\/wp-json\/wp\/v2\/comments?post=64206"}],"version-history":[{"count":25,"href":"https:\/\/fundacioateneusantroc.org\/es\/wp-json\/wp\/v2\/posts\/64206\/revisions"}],"predecessor-version":[{"id":68847,"href":"https:\/\/fundacioateneusantroc.org\/es\/wp-json\/wp\/v2\/posts\/64206\/revisions\/68847"}],"wp:featuredmedia":[{"embeddable":true,"href":"https:\/\/fundacioateneusantroc.org\/es\/wp-json\/wp\/v2\/media\/64208"}],"wp:attachment":[{"href":"https:\/\/fundacioateneusantroc.org\/es\/wp-json\/wp\/v2\/media?parent=64206"}],"wp:term":[{"taxonomy":"category","embeddable":true,"href":"https:\/\/fundacioateneusantroc.org\/es\/wp-json\/wp\/v2\/categories?post=64206"},{"taxonomy":"post_tag","embeddable":true,"href":"https:\/\/fundacioateneusantroc.org\/es\/wp-json\/wp\/v2\/tags?post=64206"}],"curies":[{"name":"wp","href":"https:\/\/api.w.org\/{rel}","templated":true}]}}