{"id":64516,"date":"2024-03-22T09:57:25","date_gmt":"2024-03-22T08:57:25","guid":{"rendered":"https:\/\/fundacioateneusantroc.org\/?p=64516"},"modified":"2024-07-15T17:21:55","modified_gmt":"2024-07-15T15:21:55","slug":"lamiae-boukkour","status":"publish","type":"post","link":"https:\/\/fundacioateneusantroc.org\/es\/lamiae-boukkour\/","title":{"rendered":"Lamiae Boukkour"},"content":{"rendered":"\n<p>Quan mirem fotografies de l\u2019Ateneu, moltes vegades ens aturem en un somriure que ens fa exclamar: \u201cmira, la Lamiae!\u201d I \u00e9s que l&#8217;alegria sempre ha definit el tarann\u00e0 d\u2019aquesta jove que ha participat dels projectes de l\u2019Ateneu des de ben petita. A les rutes, a l\u2019Esplai Borinot (incl\u00fas com a ajudant de monitora), al projecte de joves, la seva actitud positiva sempre ha estat contagiosa!&nbsp;<\/p>\n\n\n\n<p>La Lamiae, sempre disposada a tot, bona jugadora de futbol, protagonista al pessebre vivent, a les celebracions de Rapsodes, un exemple d\u2019optimisme i participaci\u00f3.<\/p>\n\n\n\n<p>Pura inquietud, mai s\u2019ha conformat i, al Centre obert Joves, hem estat testimonis de la seva perseveran\u00e7a per v\u00e8ncer les dificultats. Va cursar el Cicle formatiu de grau mitj\u00e0 d\u2019Atenci\u00f3 a persones en situaci\u00f3 de depend\u00e8ncia i despr\u00e9s va incorporar-se al CFG superior d\u2019Integraci\u00f3 social. A l\u2019Ateneu, hem tingut la sort d\u2019acompanyar una&nbsp; part de la seva traject\u00f2ria formativa i dels seus somnis. Sempre lluitadora i en la recerca incansable del seu cam\u00ed, s\u2019ha convertit fa poc en mare i \u00e9s una fant\u00e0stica dona treballadora.<\/p>\n\n\n\n<p>Ens encanta rebre not\u00edcies d\u2019ella, saber que hem pogut ser part significativa del seu creixement.&nbsp;<\/p>\n\n\n\n<p>Et desitgem molta felicitat, endavant!<\/p>\n\n\n\n<p class=\"has-text-align-right\"><em><em>Maite Do\u00f1\u00e1gueda Ayala&nbsp;<\/em> (21 de mar\u00e7 de 2024)<\/em><\/p>\n","protected":false},"excerpt":{"rendered":"<p>Quan mirem fotografies de l\u2019Ateneu, moltes vegades ens aturem en un somriure que ens fa exclamar: [&hellip;]<\/p>\n","protected":false},"author":2,"featured_media":64518,"comment_status":"open","ping_status":"open","sticky":false,"template":"","format":"standard","meta":{"footnotes":""},"categories":[1089,1],"tags":[1609,735],"class_list":["post-64516","post","type-post","status-publish","format-standard","has-post-thumbnail","hentry","category-retrats","category-actualitat","tag-centre-obert-joves","tag-esplai-borinot"],"_links":{"self":[{"href":"https:\/\/fundacioateneusantroc.org\/es\/wp-json\/wp\/v2\/posts\/64516","targetHints":{"allow":["GET"]}}],"collection":[{"href":"https:\/\/fundacioateneusantroc.org\/es\/wp-json\/wp\/v2\/posts"}],"about":[{"href":"https:\/\/fundacioateneusantroc.org\/es\/wp-json\/wp\/v2\/types\/post"}],"author":[{"embeddable":true,"href":"https:\/\/fundacioateneusantroc.org\/es\/wp-json\/wp\/v2\/users\/2"}],"replies":[{"embeddable":true,"href":"https:\/\/fundacioateneusantroc.org\/es\/wp-json\/wp\/v2\/comments?post=64516"}],"version-history":[{"count":5,"href":"https:\/\/fundacioateneusantroc.org\/es\/wp-json\/wp\/v2\/posts\/64516\/revisions"}],"predecessor-version":[{"id":64750,"href":"https:\/\/fundacioateneusantroc.org\/es\/wp-json\/wp\/v2\/posts\/64516\/revisions\/64750"}],"wp:featuredmedia":[{"embeddable":true,"href":"https:\/\/fundacioateneusantroc.org\/es\/wp-json\/wp\/v2\/media\/64518"}],"wp:attachment":[{"href":"https:\/\/fundacioateneusantroc.org\/es\/wp-json\/wp\/v2\/media?parent=64516"}],"wp:term":[{"taxonomy":"category","embeddable":true,"href":"https:\/\/fundacioateneusantroc.org\/es\/wp-json\/wp\/v2\/categories?post=64516"},{"taxonomy":"post_tag","embeddable":true,"href":"https:\/\/fundacioateneusantroc.org\/es\/wp-json\/wp\/v2\/tags?post=64516"}],"curies":[{"name":"wp","href":"https:\/\/api.w.org\/{rel}","templated":true}]}}