{"id":64601,"date":"2024-04-30T08:30:57","date_gmt":"2024-04-30T06:30:57","guid":{"rendered":"https:\/\/fundacioateneusantroc.org\/?p=64601"},"modified":"2024-04-30T08:32:37","modified_gmt":"2024-04-30T06:32:37","slug":"salvador-figuerola","status":"publish","type":"post","link":"https:\/\/fundacioateneusantroc.org\/es\/salvador-figuerola\/","title":{"rendered":"Salvador Figuerola"},"content":{"rendered":"\n<p>El Salva&#8230;<\/p>\n\n\n\n<p>Acosteu-vos un dia qualsevol abans de les 9 i veureu alg\u00fa trastejar al pati, recollint pinassa, recollint escombraries, carregant el carret\u00f3 i anant a reciclar.<\/p>\n\n\n\n<p>R\u00e0pid, r\u00e0pid, com si s&#8217;acab\u00e9s el m\u00f3n, per\u00f2&#8230; l&#8217;aut\u00e8ntic motiu \u00e9s endre\u00e7ar l&#8217;Ateneu, tenir-ho tot a punt per rebre a petits i grans al llarg del dia i que es trobin amb el millor dels espais. El seu ordre i endre\u00e7a ha contagiat a tothom i ha aconseguit que l&#8217;Ateneu llueixi sempre les seves millors gales.<\/p>\n\n\n\n<p>Tamb\u00e9 el podeu trobar fent llistes de totes les tasques que s&#8217;han de fer per no oblidar res i que tot l&#8217;Ateneu rutlli, dif\u00edcil seguir-li la pista, des de la neteja d&#8217;una nevera, o un canvi de llum a trucades, reunions, recordatoris, i&#8230;<\/p>\n\n\n\n<p>El Salva&nbsp;\u00e9s murri, t\u00e9 clars els objectius i sap com assolir-los, el seu comprom\u00eds \u00e9s contagi\u00f3s. Es persona de dist\u00e0ncia curta entre el dir i el fer, \u00e9s pensament i acci\u00f3, prudent i agosarat a l&#8217;hora. Per ell el quotidi\u00e0 \u00e9s el que t\u00e9 import\u00e0ncia, tenint com horitz\u00f3 uns valors s\u00f2lids, que s\u00f3n el seu pal de paller.<\/p>\n\n\n\n<p>Al Salva&nbsp;el traeix el seu somriure, a mig cam\u00ed quan t\u00e9 preocupacions, quan aix\u00f2 succeeix el veureu endre\u00e7at, anant amunt i avall&#8230; cerca solucions.<\/p>\n\n\n\n<p>Somriure ample quan rep a la gent, quan acull grups o quan a qualsevol rac\u00f3 hi ha un grup de gent treballant, o&#8230; a l&#8217;acabar qualsevol dels esdeveniments importants: assemblea, trobada, fira, col\u00f2nies&#8230;<\/p>\n\n\n\n<p>Al tard, quan es permet un cert relaxament o el cansament treu el nas, el somriure tranquil l&#8217;acompanya&#8230; dem\u00e0 m\u00e9s!<\/p>\n\n\n\n<p>Si realment el voleu veure feli\u00e7, rient a cor que vols i traspuant energia, \u00e9s a col\u00f2nies. Veient als infants i joves jugant, fent activitats, gaudint de la muntanya. Preparats per sortir de ruta, \u00e9s aqu\u00ed quan descobrireu l&#8217;aut\u00e8ntic Salva, quan darrere del somriure franc i amb emoci\u00f3 als ulls, esclata una veu potent: Au, vaques! I els joves i infants responen: Au, vaques!<\/p>\n\n\n\n<p>S\u00ed, oferir oportunitats, acollir, viure dia a dia amb una intensitat que esparvera al m\u00e9s valent per un m\u00f3n millor, s\u00f3n els seus objectius i per sort,\u00a0els comparteix\u00a0i fa realitat amb un munt de gent dins d&#8217;aquest espai d&#8217;aprenentatge continuat que \u00e9s l&#8217;Ateneu.<\/p>\n\n\n\n<p class=\"has-text-align-right\"><em>Anna Vicente (23 d&#8217;abril de 2024)<\/em><\/p>\n","protected":false},"excerpt":{"rendered":"<p>El Salva&#8230; Acosteu-vos un dia qualsevol abans de les 9 i veureu alg\u00fa trastejar al pati, [&hellip;]<\/p>\n","protected":false},"author":2,"featured_media":64697,"comment_status":"open","ping_status":"open","sticky":false,"template":"","format":"standard","meta":{"footnotes":""},"categories":[1089,1],"tags":[],"class_list":["post-64601","post","type-post","status-publish","format-standard","has-post-thumbnail","hentry","category-retrats","category-actualitat"],"_links":{"self":[{"href":"https:\/\/fundacioateneusantroc.org\/es\/wp-json\/wp\/v2\/posts\/64601","targetHints":{"allow":["GET"]}}],"collection":[{"href":"https:\/\/fundacioateneusantroc.org\/es\/wp-json\/wp\/v2\/posts"}],"about":[{"href":"https:\/\/fundacioateneusantroc.org\/es\/wp-json\/wp\/v2\/types\/post"}],"author":[{"embeddable":true,"href":"https:\/\/fundacioateneusantroc.org\/es\/wp-json\/wp\/v2\/users\/2"}],"replies":[{"embeddable":true,"href":"https:\/\/fundacioateneusantroc.org\/es\/wp-json\/wp\/v2\/comments?post=64601"}],"version-history":[{"count":5,"href":"https:\/\/fundacioateneusantroc.org\/es\/wp-json\/wp\/v2\/posts\/64601\/revisions"}],"predecessor-version":[{"id":64749,"href":"https:\/\/fundacioateneusantroc.org\/es\/wp-json\/wp\/v2\/posts\/64601\/revisions\/64749"}],"wp:featuredmedia":[{"embeddable":true,"href":"https:\/\/fundacioateneusantroc.org\/es\/wp-json\/wp\/v2\/media\/64697"}],"wp:attachment":[{"href":"https:\/\/fundacioateneusantroc.org\/es\/wp-json\/wp\/v2\/media?parent=64601"}],"wp:term":[{"taxonomy":"category","embeddable":true,"href":"https:\/\/fundacioateneusantroc.org\/es\/wp-json\/wp\/v2\/categories?post=64601"},{"taxonomy":"post_tag","embeddable":true,"href":"https:\/\/fundacioateneusantroc.org\/es\/wp-json\/wp\/v2\/tags?post=64601"}],"curies":[{"name":"wp","href":"https:\/\/api.w.org\/{rel}","templated":true}]}}