{"id":64712,"date":"2024-04-29T13:02:30","date_gmt":"2024-04-29T11:02:30","guid":{"rendered":"https:\/\/fundacioateneusantroc.org\/?p=64712"},"modified":"2025-01-02T10:50:48","modified_gmt":"2025-01-02T09:50:48","slug":"el-torneig-de-futbol","status":"publish","type":"post","link":"https:\/\/fundacioateneusantroc.org\/es\/el-torneig-de-futbol\/","title":{"rendered":"El Torneig de futbol"},"content":{"rendered":"\n<p>Els participants dels diferents projectes d&#8217;infants i joves de l&#8217;Ateneu, feia temps que tenien moltes ganes de compartir una activitat conjunta i amb aires esportius\u2026 i recollint aquesta inquietud, els membres del Consell dels infants i adolescents de l&#8217;entitat, despr\u00e9s de reflexionar i donar-li unes quantes voltes, van tenir una gran idea: <strong>Organitzarien&nbsp;un Torneig de futbol!<\/strong><\/p>\n\n\n\n<p>Imaginaven una tarda de torneig per a tothom, per aquells que volguessin jugar i tamb\u00e9, pels infants que volien animar.<\/p>\n\n\n\n<p>Aix\u00ed que amb la idea al cap, nom\u00e9s calia pensar com fer-ho. El Consell va comen\u00e7ar a fer un llistat de tot el necessari per a poder complir la missi\u00f3\u2026 <strong>Decidir<\/strong> el lloc, quin dia, l\u2019horari, com fer els equips, quin format tindria, quins materials farien falta\u2026 i, aix\u00ed un llarg etc\u00e8tera. <\/p>\n\n\n\n<p>Per sort, el Consell est\u00e0 format per infants molt creatius i amb moltes ganes i, tant els m\u00e9s petits com els m\u00e9s grans van pensar i <strong>compartir les idees<\/strong> amb els companys i companyes dels seus projectes.&nbsp;Els infants de l\u2019Aula oberta, els de l\u2019Esplai Borinot, els del Centre obert infantil i els Joves van posar fil a l\u2019agulla i en cada reuni\u00f3, de mica en mica, els representants rebien resposta al llistat de preguntes pr\u00e8vies. Un cop feta <strong>posta en com\u00fa<\/strong> i valorat qu\u00e8 resultaria millor per a la majoria dels participants, es va anar organitzant el gran torneig.<\/p>\n\n\n\n<p>Un dels moments m\u00e9s divertits va ser la creaci\u00f3 d\u2019equips, ja que es van animar molts i, ara tocava barrejar infants de tots els projectes i de totes les edats. Aix\u00ed que es van posar tots els noms en paperets classificats per edat i, la sort els va unir.<\/p>\n\n\n\n<figure class=\"wp-block-image size-full\"><img loading=\"lazy\" decoding=\"async\" width=\"1024\" height=\"640\" src=\"https:\/\/fundacioateneusantroc.org\/wp-content\/uploads\/2024-torneig-futbol-2.jpg\" alt=\"\" class=\"wp-image-64715\" srcset=\"https:\/\/fundacioateneusantroc.org\/wp-content\/uploads\/2024-torneig-futbol-2.jpg 1024w, https:\/\/fundacioateneusantroc.org\/wp-content\/uploads\/2024-torneig-futbol-2-300x188.jpg 300w, https:\/\/fundacioateneusantroc.org\/wp-content\/uploads\/2024-torneig-futbol-2-768x480.jpg 768w\" sizes=\"auto, (max-width: 1024px) 100vw, 1024px\" \/><\/figure>\n\n\n\n<div style=\"height:40px\" aria-hidden=\"true\" class=\"wp-block-spacer\"><\/div>\n\n\n\n<h2 class=\"wp-block-heading\">El 24 d\u2019abril, per fi arriba el dia del torneig! <\/h2>\n\n\n\n<p>Dies abans del torneig, l&#8217;Ateneu respirava il\u00b7lusi\u00f3 i moltes ganes de jugar, es dissenyaven pancartes i s\u2019escoltaven converses de com s\u2019estaven entrenant, quines jugades volien fer\u2026<\/p>\n\n\n\n<p>Ara tocava mostrar-ho en el camp! Va ser una tarda esportiva, festiva i comunit\u00e0ria on tothom va gaudir jugant i animant, per\u00f2 sobretot, <strong>compartint uns grans moments junts!<\/strong><\/p>\n\n\n\n<figure class=\"wp-block-gallery has-nested-images columns-2 is-cropped wp-block-gallery-1 is-layout-flex wp-block-gallery-is-layout-flex\">\n<figure class=\"wp-block-image size-large\"><img loading=\"lazy\" decoding=\"async\" width=\"1024\" height=\"640\" data-id=\"64725\" src=\"https:\/\/fundacioateneusantroc.org\/wp-content\/uploads\/2024-torneig-futbol-7.jpg\" alt=\"\" class=\"wp-image-64725\" srcset=\"https:\/\/fundacioateneusantroc.org\/wp-content\/uploads\/2024-torneig-futbol-7.jpg 1024w, https:\/\/fundacioateneusantroc.org\/wp-content\/uploads\/2024-torneig-futbol-7-300x188.jpg 300w, https:\/\/fundacioateneusantroc.org\/wp-content\/uploads\/2024-torneig-futbol-7-768x480.jpg 768w\" sizes=\"auto, (max-width: 1024px) 100vw, 1024px\" \/><\/figure>\n\n\n\n<figure class=\"wp-block-image size-large\"><img loading=\"lazy\" decoding=\"async\" width=\"1024\" height=\"640\" data-id=\"64717\" src=\"https:\/\/fundacioateneusantroc.org\/wp-content\/uploads\/2024-torneig-futbol-1.jpg\" alt=\"\" class=\"wp-image-64717\" srcset=\"https:\/\/fundacioateneusantroc.org\/wp-content\/uploads\/2024-torneig-futbol-1.jpg 1024w, https:\/\/fundacioateneusantroc.org\/wp-content\/uploads\/2024-torneig-futbol-1-300x188.jpg 300w, https:\/\/fundacioateneusantroc.org\/wp-content\/uploads\/2024-torneig-futbol-1-768x480.jpg 768w\" sizes=\"auto, (max-width: 1024px) 100vw, 1024px\" \/><\/figure>\n\n\n\n<figure class=\"wp-block-image size-large\"><img loading=\"lazy\" decoding=\"async\" width=\"1024\" height=\"640\" data-id=\"64723\" src=\"https:\/\/fundacioateneusantroc.org\/wp-content\/uploads\/2024-torneig-futbol-6.jpg\" alt=\"\" class=\"wp-image-64723\" srcset=\"https:\/\/fundacioateneusantroc.org\/wp-content\/uploads\/2024-torneig-futbol-6.jpg 1024w, https:\/\/fundacioateneusantroc.org\/wp-content\/uploads\/2024-torneig-futbol-6-300x188.jpg 300w, https:\/\/fundacioateneusantroc.org\/wp-content\/uploads\/2024-torneig-futbol-6-768x480.jpg 768w\" sizes=\"auto, (max-width: 1024px) 100vw, 1024px\" \/><\/figure>\n\n\n\n<figure class=\"wp-block-image size-large\"><img loading=\"lazy\" decoding=\"async\" width=\"1024\" height=\"640\" data-id=\"64721\" src=\"https:\/\/fundacioateneusantroc.org\/wp-content\/uploads\/2024-torneig-futbol-5.jpg\" alt=\"\" class=\"wp-image-64721\" srcset=\"https:\/\/fundacioateneusantroc.org\/wp-content\/uploads\/2024-torneig-futbol-5.jpg 1024w, https:\/\/fundacioateneusantroc.org\/wp-content\/uploads\/2024-torneig-futbol-5-300x188.jpg 300w, https:\/\/fundacioateneusantroc.org\/wp-content\/uploads\/2024-torneig-futbol-5-768x480.jpg 768w\" sizes=\"auto, (max-width: 1024px) 100vw, 1024px\" \/><\/figure>\n\n\n\n<figure class=\"wp-block-image size-large\"><img loading=\"lazy\" decoding=\"async\" width=\"1024\" height=\"640\" data-id=\"64719\" src=\"https:\/\/fundacioateneusantroc.org\/wp-content\/uploads\/2024-torneig-futbol-3.jpg\" alt=\"\" class=\"wp-image-64719\" srcset=\"https:\/\/fundacioateneusantroc.org\/wp-content\/uploads\/2024-torneig-futbol-3.jpg 1024w, https:\/\/fundacioateneusantroc.org\/wp-content\/uploads\/2024-torneig-futbol-3-300x188.jpg 300w, https:\/\/fundacioateneusantroc.org\/wp-content\/uploads\/2024-torneig-futbol-3-768x480.jpg 768w\" sizes=\"auto, (max-width: 1024px) 100vw, 1024px\" \/><\/figure>\n<\/figure>\n","protected":false},"excerpt":{"rendered":"<p>Els participants dels diferents projectes d&#8217;infants i joves de l&#8217;Ateneu, feia temps que tenien moltes ganes [&hellip;]<\/p>\n","protected":false},"author":2,"featured_media":64713,"comment_status":"open","ping_status":"open","sticky":false,"template":"","format":"standard","meta":{"footnotes":""},"categories":[1],"tags":[1154,282,1609,41,1576,735,298,160],"class_list":["post-64712","post","type-post","status-publish","format-standard","has-post-thumbnail","hentry","category-actualitat","tag-ateneu-en-xarxa","tag-centre-obert-infantil","tag-centre-obert-joves","tag-cohesio-social","tag-consell-dels-infants","tag-esplai-borinot","tag-esport","tag-torneig"],"_links":{"self":[{"href":"https:\/\/fundacioateneusantroc.org\/es\/wp-json\/wp\/v2\/posts\/64712","targetHints":{"allow":["GET"]}}],"collection":[{"href":"https:\/\/fundacioateneusantroc.org\/es\/wp-json\/wp\/v2\/posts"}],"about":[{"href":"https:\/\/fundacioateneusantroc.org\/es\/wp-json\/wp\/v2\/types\/post"}],"author":[{"embeddable":true,"href":"https:\/\/fundacioateneusantroc.org\/es\/wp-json\/wp\/v2\/users\/2"}],"replies":[{"embeddable":true,"href":"https:\/\/fundacioateneusantroc.org\/es\/wp-json\/wp\/v2\/comments?post=64712"}],"version-history":[{"count":4,"href":"https:\/\/fundacioateneusantroc.org\/es\/wp-json\/wp\/v2\/posts\/64712\/revisions"}],"predecessor-version":[{"id":64732,"href":"https:\/\/fundacioateneusantroc.org\/es\/wp-json\/wp\/v2\/posts\/64712\/revisions\/64732"}],"wp:featuredmedia":[{"embeddable":true,"href":"https:\/\/fundacioateneusantroc.org\/es\/wp-json\/wp\/v2\/media\/64713"}],"wp:attachment":[{"href":"https:\/\/fundacioateneusantroc.org\/es\/wp-json\/wp\/v2\/media?parent=64712"}],"wp:term":[{"taxonomy":"category","embeddable":true,"href":"https:\/\/fundacioateneusantroc.org\/es\/wp-json\/wp\/v2\/categories?post=64712"},{"taxonomy":"post_tag","embeddable":true,"href":"https:\/\/fundacioateneusantroc.org\/es\/wp-json\/wp\/v2\/tags?post=64712"}],"curies":[{"name":"wp","href":"https:\/\/api.w.org\/{rel}","templated":true}]}}