{"id":64994,"date":"2024-05-20T19:11:05","date_gmt":"2024-05-20T17:11:05","guid":{"rendered":"https:\/\/fundacioateneusantroc.org\/?p=64994"},"modified":"2024-05-20T19:11:40","modified_gmt":"2024-05-20T17:11:40","slug":"la-vanguardia-un-oasis-en-sant-roc","status":"publish","type":"post","link":"https:\/\/fundacioateneusantroc.org\/es\/la-vanguardia-un-oasis-en-sant-roc\/","title":{"rendered":"La Vanguardia \u00b7 Un oasis en Sant Roc"},"content":{"rendered":"\n<p><a href=\"https:\/\/www.lavanguardia.com\/local\/barcelones-nord\/20240428\/9604815\/oasis-sant-roc.html\" target=\"_blank\" rel=\"noreferrer noopener\">Fede Ced\u00f3 \u00b7 Badalona \u00b7 2<\/a><a href=\"https:\/\/www.lavanguardia.com\/local\/barcelones-nord\/20240428\/9604815\/oasis-sant-roc.html\" target=\"_blank\" rel=\"noopener\">8\/04\/2024<\/a><\/p>\n\n\n\n<p>Al acceder a Sant Roc la evidencia de la marginalidad impacta en el visitante que inevitablemente se pregunta c\u00f3mo en el siglo XXI puede haber personas que vivan en este estado. El barrio badalon\u00e9s es uno de los m\u00e1s pobre de Catalunya. Lo es desde su creaci\u00f3n, hace m\u00e1s de 50 a\u00f1os, cuando agrup\u00f3 las familias procedentes de las barracas de Montju\u00efc y del Somorrostro&#8230;<\/p>\n\n\n\n<figure class=\"wp-block-image size-large\"><a href=\"https:\/\/fundacioateneusantroc.org\/wp-content\/uploads\/2024-noticia-lavanguardia-scaled.jpg\" target=\"_blank\" rel=\"noreferrer noopener\"><img loading=\"lazy\" decoding=\"async\" width=\"1024\" height=\"779\" src=\"https:\/\/fundacioateneusantroc.org\/wp-content\/uploads\/2024-noticia-lavanguardia-1024x779.jpg\" alt=\"\" class=\"wp-image-64995\" srcset=\"https:\/\/fundacioateneusantroc.org\/wp-content\/uploads\/2024-noticia-lavanguardia-1024x779.jpg 1024w, https:\/\/fundacioateneusantroc.org\/wp-content\/uploads\/2024-noticia-lavanguardia-300x228.jpg 300w, https:\/\/fundacioateneusantroc.org\/wp-content\/uploads\/2024-noticia-lavanguardia-768x584.jpg 768w, https:\/\/fundacioateneusantroc.org\/wp-content\/uploads\/2024-noticia-lavanguardia-1536x1168.jpg 1536w, https:\/\/fundacioateneusantroc.org\/wp-content\/uploads\/2024-noticia-lavanguardia-2048x1557.jpg 2048w\" sizes=\"auto, (max-width: 1024px) 100vw, 1024px\" \/><\/a><\/figure>\n","protected":false},"excerpt":{"rendered":"<p>Fede Ced\u00f3 \u00b7 Badalona \u00b7 28\/04\/2024 Al acceder a Sant Roc la evidencia de la marginalidad [&hellip;]<\/p>\n","protected":false},"author":2,"featured_media":3824,"comment_status":"open","ping_status":"open","sticky":false,"template":"","format":"standard","meta":{"footnotes":""},"categories":[2],"tags":[],"class_list":["post-64994","post","type-post","status-publish","format-standard","has-post-thumbnail","hentry","category-premsa"],"_links":{"self":[{"href":"https:\/\/fundacioateneusantroc.org\/es\/wp-json\/wp\/v2\/posts\/64994","targetHints":{"allow":["GET"]}}],"collection":[{"href":"https:\/\/fundacioateneusantroc.org\/es\/wp-json\/wp\/v2\/posts"}],"about":[{"href":"https:\/\/fundacioateneusantroc.org\/es\/wp-json\/wp\/v2\/types\/post"}],"author":[{"embeddable":true,"href":"https:\/\/fundacioateneusantroc.org\/es\/wp-json\/wp\/v2\/users\/2"}],"replies":[{"embeddable":true,"href":"https:\/\/fundacioateneusantroc.org\/es\/wp-json\/wp\/v2\/comments?post=64994"}],"version-history":[{"count":1,"href":"https:\/\/fundacioateneusantroc.org\/es\/wp-json\/wp\/v2\/posts\/64994\/revisions"}],"predecessor-version":[{"id":64997,"href":"https:\/\/fundacioateneusantroc.org\/es\/wp-json\/wp\/v2\/posts\/64994\/revisions\/64997"}],"wp:featuredmedia":[{"embeddable":true,"href":"https:\/\/fundacioateneusantroc.org\/es\/wp-json\/wp\/v2\/media\/3824"}],"wp:attachment":[{"href":"https:\/\/fundacioateneusantroc.org\/es\/wp-json\/wp\/v2\/media?parent=64994"}],"wp:term":[{"taxonomy":"category","embeddable":true,"href":"https:\/\/fundacioateneusantroc.org\/es\/wp-json\/wp\/v2\/categories?post=64994"},{"taxonomy":"post_tag","embeddable":true,"href":"https:\/\/fundacioateneusantroc.org\/es\/wp-json\/wp\/v2\/tags?post=64994"}],"curies":[{"name":"wp","href":"https:\/\/api.w.org\/{rel}","templated":true}]}}