{"id":64998,"date":"2024-05-21T17:28:29","date_gmt":"2024-05-21T15:28:29","guid":{"rendered":"https:\/\/fundacioateneusantroc.org\/?p=64998"},"modified":"2024-05-21T17:34:36","modified_gmt":"2024-05-21T15:34:36","slug":"conversem-en-catala","status":"publish","type":"post","link":"https:\/\/fundacioateneusantroc.org\/es\/conversem-en-catala\/","title":{"rendered":"Conversem en catal\u00e0"},"content":{"rendered":"\n<p>Fa uns cursos, al Centre obert Joves, vam veure la necessitat de crear un espai on posar el focus en la llengua catalana. Calia potenciar l\u2019\u00fas social de la llengua i, a trav\u00e9s d\u2019activitats diverses, millorar la comprensi\u00f3 lectora i les compet\u00e8ncies ling\u00fc\u00edstiques necess\u00e0ries per poder expressar-se en l\u2019actualitat i millorar les oportunitats laborals en un futur. Aix\u00ed, vam crear \u201cConversa en Catal\u00e0\u201d i va comen\u00e7ar a funcionar de forma setmanal.&nbsp;<\/p>\n\n\n\n<p>Alguns dels i les joves del grup havien iniciat la seva traject\u00f2ria escolar a Catalunya a les aules d\u2019acollida i, malgrat entendre b\u00e9 el catal\u00e0, no havien pogut desenvolupar un bon assoliment at\u00e8s que gaireb\u00e9 no es trobaven en situacions comunicatives on posar-lo en pr\u00e0ctica. Tamb\u00e9 tenien dificultats amb la gram\u00e0tica; temps verbals, pronoms febles&#8230; quins entrebancs!&nbsp;<\/p>\n\n\n\n<p>A \u201cConversa en catal\u00e0\u201d f\u00e8iem \u00e8mfasi en l\u2019\u00fas social del catal\u00e0, per\u00f2 tamb\u00e9, en la comprensi\u00f3 lectora, en l\u2019expressi\u00f3 oral i escrita, en fer m\u00e9s propera, setmana a setmana, una llengua que \u00e9s la seva, per viure, expressar-se, estudiar i compartir. Aix\u00ed doncs, aquesta idea inicial, va anar, al llarg d\u2019uns cursos, agafant m\u00e9s forma, establint-se, i consolidant-se.&nbsp;<\/p>\n\n\n\n<p>Durant aquest curs, l\u2019espai ha crescut. Els dilluns i els dimarts, despr\u00e9s de l\u2019aula d\u2019estudi, s\u2019ha obert el calaix de les din\u00e0miques, dels fulls en blanc oberts a la imaginaci\u00f3, dels poemes, dels jocs.<\/p>\n\n\n\n<p>Els dilluns l\u2019espai s\u2019ha centrat en la creaci\u00f3 de contes. La imaginaci\u00f3 estimula la necessitat de vocabulari, la lectura en veu alta engresca la correcci\u00f3. Tamb\u00e9 s\u2019ha treballat a partir del comentari de text, d\u2019articles i, sempre, de converses.<\/p>\n\n\n\n<p>Els dimarts, mitjan\u00e7ant diferents din\u00e0miques, hem fet m\u00e9s significatives les lectures del batxillerat i hem incrementat el vocabulari fent fitxes bibliogr\u00e0fiques, compartint arguments en veu alta, dubtes, gustos lectors&#8230; Tamb\u00e9 hem descobert aspectes nous de l\u2019expressi\u00f3 escrita, a trav\u00e9s dels haikus.&nbsp;<\/p>\n\n\n\n<p>&#8220;Conversa en catal\u00e0&#8221; s\u2019ha establert com un dels espais importants de joves, on venen amb ganes, inter\u00e8s, on en una atmosfera tranquil\u00b7la poden expressar-se sense por d\u2019equivocar-se i a on descobrir que con\u00e8ixer m\u00e9s d\u2019una llengua sempre ens fa m\u00e9s rics, ens arrela al lloc on vivim, ens obre portes i possibilitats, amb m\u00e9s recursos per a les nostres relacions, per als estudis, per a la vida!<\/p>\n\n\n\n<figure class=\"wp-block-gallery has-nested-images columns-2 is-cropped wp-block-gallery-1 is-layout-flex wp-block-gallery-is-layout-flex\">\n<figure class=\"wp-block-image size-large\"><img loading=\"lazy\" decoding=\"async\" width=\"1024\" height=\"1024\" data-id=\"65007\" src=\"https:\/\/fundacioateneusantroc.org\/wp-content\/uploads\/2024-converses-catala-7.jpg\" alt=\"\" class=\"wp-image-65007\" srcset=\"https:\/\/fundacioateneusantroc.org\/wp-content\/uploads\/2024-converses-catala-7.jpg 1024w, https:\/\/fundacioateneusantroc.org\/wp-content\/uploads\/2024-converses-catala-7-300x300.jpg 300w, https:\/\/fundacioateneusantroc.org\/wp-content\/uploads\/2024-converses-catala-7-150x150.jpg 150w, https:\/\/fundacioateneusantroc.org\/wp-content\/uploads\/2024-converses-catala-7-768x768.jpg 768w\" sizes=\"auto, (max-width: 1024px) 100vw, 1024px\" \/><\/figure>\n\n\n\n<figure class=\"wp-block-image size-large\"><img loading=\"lazy\" decoding=\"async\" width=\"1024\" height=\"1024\" data-id=\"65009\" src=\"https:\/\/fundacioateneusantroc.org\/wp-content\/uploads\/2024-converses-catala-1.jpg\" alt=\"\" class=\"wp-image-65009\" srcset=\"https:\/\/fundacioateneusantroc.org\/wp-content\/uploads\/2024-converses-catala-1.jpg 1024w, https:\/\/fundacioateneusantroc.org\/wp-content\/uploads\/2024-converses-catala-1-300x300.jpg 300w, https:\/\/fundacioateneusantroc.org\/wp-content\/uploads\/2024-converses-catala-1-150x150.jpg 150w, https:\/\/fundacioateneusantroc.org\/wp-content\/uploads\/2024-converses-catala-1-768x768.jpg 768w\" sizes=\"auto, (max-width: 1024px) 100vw, 1024px\" \/><\/figure>\n\n\n\n<figure class=\"wp-block-image size-large\"><img loading=\"lazy\" decoding=\"async\" width=\"1024\" height=\"1024\" data-id=\"65003\" src=\"https:\/\/fundacioateneusantroc.org\/wp-content\/uploads\/2024-converses-catala-3.jpg\" alt=\"\" class=\"wp-image-65003\" srcset=\"https:\/\/fundacioateneusantroc.org\/wp-content\/uploads\/2024-converses-catala-3.jpg 1024w, https:\/\/fundacioateneusantroc.org\/wp-content\/uploads\/2024-converses-catala-3-300x300.jpg 300w, https:\/\/fundacioateneusantroc.org\/wp-content\/uploads\/2024-converses-catala-3-150x150.jpg 150w, https:\/\/fundacioateneusantroc.org\/wp-content\/uploads\/2024-converses-catala-3-768x768.jpg 768w\" sizes=\"auto, (max-width: 1024px) 100vw, 1024px\" \/><\/figure>\n\n\n\n<figure class=\"wp-block-image size-large\"><img loading=\"lazy\" decoding=\"async\" width=\"1024\" height=\"1024\" data-id=\"65005\" src=\"https:\/\/fundacioateneusantroc.org\/wp-content\/uploads\/2024-converses-catala-6.jpg\" alt=\"\" class=\"wp-image-65005\" srcset=\"https:\/\/fundacioateneusantroc.org\/wp-content\/uploads\/2024-converses-catala-6.jpg 1024w, https:\/\/fundacioateneusantroc.org\/wp-content\/uploads\/2024-converses-catala-6-300x300.jpg 300w, https:\/\/fundacioateneusantroc.org\/wp-content\/uploads\/2024-converses-catala-6-150x150.jpg 150w, https:\/\/fundacioateneusantroc.org\/wp-content\/uploads\/2024-converses-catala-6-768x768.jpg 768w\" sizes=\"auto, (max-width: 1024px) 100vw, 1024px\" \/><\/figure>\n<\/figure>\n","protected":false},"excerpt":{"rendered":"<p>Fa uns cursos, al Centre obert Joves, vam veure la necessitat de crear un espai on [&hellip;]<\/p>\n","protected":false},"author":2,"featured_media":65001,"comment_status":"open","ping_status":"open","sticky":false,"template":"","format":"standard","meta":{"footnotes":""},"categories":[1],"tags":[1609],"class_list":["post-64998","post","type-post","status-publish","format-standard","has-post-thumbnail","hentry","category-actualitat","tag-centre-obert-joves"],"_links":{"self":[{"href":"https:\/\/fundacioateneusantroc.org\/es\/wp-json\/wp\/v2\/posts\/64998","targetHints":{"allow":["GET"]}}],"collection":[{"href":"https:\/\/fundacioateneusantroc.org\/es\/wp-json\/wp\/v2\/posts"}],"about":[{"href":"https:\/\/fundacioateneusantroc.org\/es\/wp-json\/wp\/v2\/types\/post"}],"author":[{"embeddable":true,"href":"https:\/\/fundacioateneusantroc.org\/es\/wp-json\/wp\/v2\/users\/2"}],"replies":[{"embeddable":true,"href":"https:\/\/fundacioateneusantroc.org\/es\/wp-json\/wp\/v2\/comments?post=64998"}],"version-history":[{"count":3,"href":"https:\/\/fundacioateneusantroc.org\/es\/wp-json\/wp\/v2\/posts\/64998\/revisions"}],"predecessor-version":[{"id":65011,"href":"https:\/\/fundacioateneusantroc.org\/es\/wp-json\/wp\/v2\/posts\/64998\/revisions\/65011"}],"wp:featuredmedia":[{"embeddable":true,"href":"https:\/\/fundacioateneusantroc.org\/es\/wp-json\/wp\/v2\/media\/65001"}],"wp:attachment":[{"href":"https:\/\/fundacioateneusantroc.org\/es\/wp-json\/wp\/v2\/media?parent=64998"}],"wp:term":[{"taxonomy":"category","embeddable":true,"href":"https:\/\/fundacioateneusantroc.org\/es\/wp-json\/wp\/v2\/categories?post=64998"},{"taxonomy":"post_tag","embeddable":true,"href":"https:\/\/fundacioateneusantroc.org\/es\/wp-json\/wp\/v2\/tags?post=64998"}],"curies":[{"name":"wp","href":"https:\/\/api.w.org\/{rel}","templated":true}]}}