{"id":65024,"date":"2024-05-22T15:16:43","date_gmt":"2024-05-22T13:16:43","guid":{"rendered":"https:\/\/fundacioateneusantroc.org\/?p=65024"},"modified":"2024-05-22T15:23:02","modified_gmt":"2024-05-22T13:23:02","slug":"badalona-comunicacio-lateneu-sant-roc-reclama-centres-oberts-per-a-infants-i-joves-que-siguin-de-gestio-publica","status":"publish","type":"post","link":"https:\/\/fundacioateneusantroc.org\/es\/badalona-comunicacio-lateneu-sant-roc-reclama-centres-oberts-per-a-infants-i-joves-que-siguin-de-gestio-publica\/","title":{"rendered":"Badalona Comunicaci\u00f3 \u2022 L&#8217;Ateneu Sant Roc reclama centres oberts per a infants i joves que siguin de gesti\u00f3 p\u00fablica"},"content":{"rendered":"\n<p><strong><a href=\"https:\/\/www.bdncom.cat\/notice\/lateneu-sant-roc-reclama-centres-oberts-per-a-infants-i-joves-que-siguin-de-gestio-publica\" target=\"_blank\" rel=\"noreferrer noopener\">Laura Valverde | Paula Russi\u00f1ol<\/a><\/strong> \u00b7 21\/05\/2024<\/p>\n\n\n\n<p><em>Badalona<\/em>&nbsp;&#8211; L&#8217;Ateneu Sant Roc critica que tots els centres oberts dedicats a joves tinguin una gesti\u00f3 privada i recorden que la Llei Catalana de Serveis Socials<strong>&nbsp;obliga els ajuntaments de m\u00e9s de 20.000 habitants a oferir un servei municipal<\/strong>&nbsp;d&#8217;aquest tipus. Ho han recriminat arran del tancament de la Fundaci\u00f3 Germina, un dels cinc centres oberts que hi ha la ciutat. Per aix\u00f2<strong>&nbsp;reclamen m\u00e9s pol\u00edtiques p\u00fabliques&nbsp;<\/strong>per implementar aquests espais a Badalona.<\/p>\n\n\n\n<p>Des de l&#8217;Ateneu es mostren sorpresos pel tancament de la Fundaci\u00f3 Germina. En aquest sentit, el govern local afirma que desconeixen el nombre d&#8217;infants de l&#8217;entitat que al setembre es quedaran sense el servei d&#8217;esplai. Un cop l&#8217;Associaci\u00f3 ho comuniqui a Serveis Socials, asseguren que&nbsp;<strong>demanaran a la Generalitat ampliar la cobertura de places<\/strong>&nbsp;a altres entitats perqu\u00e8 no es quedin sense aquest servei. Recordem que&nbsp;<a href=\"https:\/\/www.bdncom.cat\/notice\/santa-coloma-lamenta-el-tancament-de-germina\" target=\"_blank\" rel=\"noreferrer noopener\">Germina<\/a>&nbsp;tancar\u00e0 les portes a causa de la decisi\u00f3 de la fundaci\u00f3 privada que la finan\u00e7a. En aquesta l\u00ednia, el responsable de l&#8217;Ateneu Sant Roc demana la implicaci\u00f3 de les administracions perqu\u00e8 els seus projectes siguin sostenibles econ\u00f2micament.<\/p>\n\n\n\n<figure class=\"wp-block-embed is-type-video is-provider-youtube wp-block-embed-youtube wp-embed-aspect-16-9 wp-has-aspect-ratio\"><div class=\"wp-block-embed__wrapper\">\n<iframe loading=\"lazy\" title=\"BADALONATRES60 Salva Figuerola 21:5:2024\" width=\"500\" height=\"281\" src=\"https:\/\/www.youtube.com\/embed\/WIxkMhhkC5c?feature=oembed\" frameborder=\"0\" allow=\"accelerometer; autoplay; clipboard-write; encrypted-media; gyroscope; picture-in-picture; web-share\" referrerpolicy=\"strict-origin-when-cross-origin\" allowfullscreen><\/iframe>\n<\/div><\/figure>\n\n\n\n<p>Precisament, l&#8217;Ateneu Sant Roc celebra enguany el <a href=\"https:\/\/fundacioateneusantroc.org\/es\/40-aniversari-fira-de-sant-roc\/\" target=\"_blank\" rel=\"noreferrer noopener\">40\u00e8 aniversari de la Fira de Sant Roc<\/a>, una jornada en qu\u00e8 els ciutadans i les entitats que hi treballen s&#8217;empoderen i fan cr\u00e9ixer el barri. Des de l&#8217;entitat asseguren que donar resposta a les necessitats de la zona, amb un alt \u00edndex de pobresa i vulnerabilitat, \u00e9s un repte hist\u00f2ric. \u00c9s per aix\u00f2 que aposten pel treball comunitari i reclamen comptar amb el suport de les administracions.<\/p>\n","protected":false},"excerpt":{"rendered":"<p>Laura Valverde | Paula Russi\u00f1ol \u00b7 21\/05\/2024 Badalona&nbsp;&#8211; L&#8217;Ateneu Sant Roc critica que tots els centres [&hellip;]<\/p>\n","protected":false},"author":2,"featured_media":63868,"comment_status":"open","ping_status":"open","sticky":false,"template":"","format":"standard","meta":{"footnotes":""},"categories":[2],"tags":[],"class_list":["post-65024","post","type-post","status-publish","format-standard","has-post-thumbnail","hentry","category-premsa"],"_links":{"self":[{"href":"https:\/\/fundacioateneusantroc.org\/es\/wp-json\/wp\/v2\/posts\/65024","targetHints":{"allow":["GET"]}}],"collection":[{"href":"https:\/\/fundacioateneusantroc.org\/es\/wp-json\/wp\/v2\/posts"}],"about":[{"href":"https:\/\/fundacioateneusantroc.org\/es\/wp-json\/wp\/v2\/types\/post"}],"author":[{"embeddable":true,"href":"https:\/\/fundacioateneusantroc.org\/es\/wp-json\/wp\/v2\/users\/2"}],"replies":[{"embeddable":true,"href":"https:\/\/fundacioateneusantroc.org\/es\/wp-json\/wp\/v2\/comments?post=65024"}],"version-history":[{"count":9,"href":"https:\/\/fundacioateneusantroc.org\/es\/wp-json\/wp\/v2\/posts\/65024\/revisions"}],"predecessor-version":[{"id":65035,"href":"https:\/\/fundacioateneusantroc.org\/es\/wp-json\/wp\/v2\/posts\/65024\/revisions\/65035"}],"wp:featuredmedia":[{"embeddable":true,"href":"https:\/\/fundacioateneusantroc.org\/es\/wp-json\/wp\/v2\/media\/63868"}],"wp:attachment":[{"href":"https:\/\/fundacioateneusantroc.org\/es\/wp-json\/wp\/v2\/media?parent=65024"}],"wp:term":[{"taxonomy":"category","embeddable":true,"href":"https:\/\/fundacioateneusantroc.org\/es\/wp-json\/wp\/v2\/categories?post=65024"},{"taxonomy":"post_tag","embeddable":true,"href":"https:\/\/fundacioateneusantroc.org\/es\/wp-json\/wp\/v2\/tags?post=65024"}],"curies":[{"name":"wp","href":"https:\/\/api.w.org\/{rel}","templated":true}]}}