{"id":65038,"date":"2024-05-26T12:49:37","date_gmt":"2024-05-26T10:49:37","guid":{"rendered":"https:\/\/fundacioateneusantroc.org\/?p=65038"},"modified":"2025-05-25T20:01:12","modified_gmt":"2025-05-25T18:01:12","slug":"solfanits2024","status":"publish","type":"post","link":"https:\/\/fundacioateneusantroc.org\/es\/solfanits2024\/","title":{"rendered":"Hist\u00f2ries del Cor de l\u2019Ateneu Sant Roc"},"content":{"rendered":"\n<p>El curs 23-24 ha estat un curs especial pels membres del Cor de l\u2019Ateneu perqu\u00e8 ha estat el primer sencer amb el nou director. I \u00e9s de just\u00edcia, comen\u00e7ar agraint al Bernardo que vulgui continuar dirigint-nos, malgrat les nostres limitacions i mancances. Per\u00f2 un bon mestre treu el millor dels seus deixebles i podem assegurar que el cor ha guanyat, en aquest temps, dots expressius i musicals.<\/p>\n\n\n\n<p>Els cantaires ens hem adaptat a una rutina d\u2019assajos que ens convida a la concentraci\u00f3 i a<br>l\u2019ajustament de les veus per una millora constant.<\/p>\n\n\n\n<figure class=\"wp-block-gallery has-nested-images columns-2 is-cropped wp-block-gallery-1 is-layout-flex wp-block-gallery-is-layout-flex\">\n<figure class=\"wp-block-image size-large\"><img loading=\"lazy\" decoding=\"async\" width=\"1024\" height=\"640\" data-id=\"65043\" src=\"https:\/\/fundacioateneusantroc.org\/wp-content\/uploads\/2024-cor-ateneu-3.jpg\" alt=\"\" class=\"wp-image-65043\" srcset=\"https:\/\/fundacioateneusantroc.org\/wp-content\/uploads\/2024-cor-ateneu-3.jpg 1024w, https:\/\/fundacioateneusantroc.org\/wp-content\/uploads\/2024-cor-ateneu-3-300x188.jpg 300w, https:\/\/fundacioateneusantroc.org\/wp-content\/uploads\/2024-cor-ateneu-3-768x480.jpg 768w\" sizes=\"auto, (max-width: 1024px) 100vw, 1024px\" \/><\/figure>\n\n\n\n<figure class=\"wp-block-image size-large\"><img loading=\"lazy\" decoding=\"async\" width=\"1024\" height=\"640\" data-id=\"65045\" src=\"https:\/\/fundacioateneusantroc.org\/wp-content\/uploads\/2024-cor-ateneu-2.jpg\" alt=\"\" class=\"wp-image-65045\" srcset=\"https:\/\/fundacioateneusantroc.org\/wp-content\/uploads\/2024-cor-ateneu-2.jpg 1024w, https:\/\/fundacioateneusantroc.org\/wp-content\/uploads\/2024-cor-ateneu-2-300x188.jpg 300w, https:\/\/fundacioateneusantroc.org\/wp-content\/uploads\/2024-cor-ateneu-2-768x480.jpg 768w\" sizes=\"auto, (max-width: 1024px) 100vw, 1024px\" \/><\/figure>\n\n\n\n<figure class=\"wp-block-image size-large\"><img loading=\"lazy\" decoding=\"async\" width=\"1024\" height=\"640\" data-id=\"65047\" src=\"https:\/\/fundacioateneusantroc.org\/wp-content\/uploads\/2024-cor-ateneu-6.jpg\" alt=\"\" class=\"wp-image-65047\" srcset=\"https:\/\/fundacioateneusantroc.org\/wp-content\/uploads\/2024-cor-ateneu-6.jpg 1024w, https:\/\/fundacioateneusantroc.org\/wp-content\/uploads\/2024-cor-ateneu-6-300x188.jpg 300w, https:\/\/fundacioateneusantroc.org\/wp-content\/uploads\/2024-cor-ateneu-6-768x480.jpg 768w\" sizes=\"auto, (max-width: 1024px) 100vw, 1024px\" \/><\/figure>\n<\/figure>\n\n\n\n<p>Aquest curs hem fet tres concerts: \u201cla Trobada de corals\u201d, per Nadal; el \u201cConcert de<br>primavera\u201d, el 21 d\u2019abril, amb la coral Ic\u00e0ria i CoralMar i, finalment, el \u201cSol, fa nits de festa\u201d (el 24 de maig) al badiu de l\u2019Ateneu. Tots tres concerts han estat font de coneixements musicals, hem millorat la interpretaci\u00f3 de les can\u00e7ons i, de vegades, hem aconseguit l\u2019encadenament dels acords creant l\u2019harmonia demanada per la pe\u00e7a musical. Tamb\u00e9 ens hem adonat que, modulant les nostres veus, podem arribar al cor de les persones que ens escolten i comunicar coses que no hem dit.<\/p>\n\n\n\n<figure class=\"wp-block-image size-full\"><img loading=\"lazy\" decoding=\"async\" width=\"1024\" height=\"640\" src=\"https:\/\/fundacioateneusantroc.org\/wp-content\/uploads\/2024-cor-ateneu-4.jpg\" alt=\"\" class=\"wp-image-65041\" srcset=\"https:\/\/fundacioateneusantroc.org\/wp-content\/uploads\/2024-cor-ateneu-4.jpg 1024w, https:\/\/fundacioateneusantroc.org\/wp-content\/uploads\/2024-cor-ateneu-4-300x188.jpg 300w, https:\/\/fundacioateneusantroc.org\/wp-content\/uploads\/2024-cor-ateneu-4-768x480.jpg 768w\" sizes=\"auto, (max-width: 1024px) 100vw, 1024px\" \/><\/figure>\n\n\n\n<p>Com guanya la interpretaci\u00f3 d&#8217;una can\u00e7\u00f3 quan tots aquests elements es coordinen amb una bona afinaci\u00f3 i una mateixa intensitat de veu!<\/p>\n\n\n\n<p>El concert, \u201cSol, fa nits de festa\u201d d\u2019enguany, va tenir moments molt emocionants que van<br>omplir la nit de ritmes d\u2019arreu del m\u00f3n. La m\u00e0gia que es va crear en relacionar m\u00fasica i poesia es va completar quan vam cantar amb una mateixa respiraci\u00f3, generant un sentiment de germanor i unitat.<\/p>\n\n\n\n<figure class=\"wp-block-embed is-type-video is-provider-youtube wp-block-embed-youtube wp-embed-aspect-16-9 wp-has-aspect-ratio\"><div class=\"wp-block-embed__wrapper\">\n<iframe loading=\"lazy\" title=\"2024 Sol, fa nits de festa\" width=\"500\" height=\"281\" src=\"https:\/\/www.youtube.com\/embed\/DSOqd_CFDMM?feature=oembed\" frameborder=\"0\" allow=\"accelerometer; autoplay; clipboard-write; encrypted-media; gyroscope; picture-in-picture; web-share\" referrerpolicy=\"strict-origin-when-cross-origin\" allowfullscreen><\/iframe>\n<\/div><\/figure>\n\n\n\n<p>Finalment, expressar m\u00e9s agra\u00efments: a l\u2019Ateneu Sant Roc, l\u2019organitzaci\u00f3 d\u2019aquest acte; a tots els assistents, el caliu que van originar seguint el concert amb molta atenci\u00f3 i participant en la pe\u00e7a final; i al nostre director, Bernardo Latini, la seva destresa que va donar forma a un comiat compartit que, com l\u2019oreig suau de la can\u00e7\u00f3 Ad\u00e9u, ad\u00e9u, ens empla\u00e7a a comen\u00e7ar de nou.<\/p>\n\n\n\n<p>Fins al pr\u00f2xim curs!<\/p>\n\n\n\n<p class=\"has-text-align-right\"><em>Cor de l\u2019Ateneu Sant Roc<\/em><\/p>\n","protected":false},"excerpt":{"rendered":"<p>El curs 23-24 ha estat un curs especial pels membres del Cor de l\u2019Ateneu perqu\u00e8 ha [&hellip;]<\/p>\n","protected":false},"author":2,"featured_media":65039,"comment_status":"open","ping_status":"open","sticky":false,"template":"","format":"standard","meta":{"footnotes":""},"categories":[1],"tags":[621,734],"class_list":["post-65038","post","type-post","status-publish","format-standard","has-post-thumbnail","hentry","category-actualitat","tag-cor-de-lateneu","tag-dinamitzacio-sociocultural"],"_links":{"self":[{"href":"https:\/\/fundacioateneusantroc.org\/es\/wp-json\/wp\/v2\/posts\/65038","targetHints":{"allow":["GET"]}}],"collection":[{"href":"https:\/\/fundacioateneusantroc.org\/es\/wp-json\/wp\/v2\/posts"}],"about":[{"href":"https:\/\/fundacioateneusantroc.org\/es\/wp-json\/wp\/v2\/types\/post"}],"author":[{"embeddable":true,"href":"https:\/\/fundacioateneusantroc.org\/es\/wp-json\/wp\/v2\/users\/2"}],"replies":[{"embeddable":true,"href":"https:\/\/fundacioateneusantroc.org\/es\/wp-json\/wp\/v2\/comments?post=65038"}],"version-history":[{"count":3,"href":"https:\/\/fundacioateneusantroc.org\/es\/wp-json\/wp\/v2\/posts\/65038\/revisions"}],"predecessor-version":[{"id":65056,"href":"https:\/\/fundacioateneusantroc.org\/es\/wp-json\/wp\/v2\/posts\/65038\/revisions\/65056"}],"wp:featuredmedia":[{"embeddable":true,"href":"https:\/\/fundacioateneusantroc.org\/es\/wp-json\/wp\/v2\/media\/65039"}],"wp:attachment":[{"href":"https:\/\/fundacioateneusantroc.org\/es\/wp-json\/wp\/v2\/media?parent=65038"}],"wp:term":[{"taxonomy":"category","embeddable":true,"href":"https:\/\/fundacioateneusantroc.org\/es\/wp-json\/wp\/v2\/categories?post=65038"},{"taxonomy":"post_tag","embeddable":true,"href":"https:\/\/fundacioateneusantroc.org\/es\/wp-json\/wp\/v2\/tags?post=65038"}],"curies":[{"name":"wp","href":"https:\/\/api.w.org\/{rel}","templated":true}]}}