{"id":65082,"date":"2024-06-15T13:23:36","date_gmt":"2024-06-15T11:23:36","guid":{"rendered":"https:\/\/fundacioateneusantroc.org\/?p=65082"},"modified":"2024-07-15T22:14:29","modified_gmt":"2024-07-15T20:14:29","slug":"marta-godall","status":"publish","type":"post","link":"https:\/\/fundacioateneusantroc.org\/es\/marta-godall\/","title":{"rendered":"Marta Godall"},"content":{"rendered":"\n<p>La Marta fa anys que trepitja el barri de Sant Roc i l&#8217;Ateneu amb pas ferm i conven\u00e7ut.<\/p>\n\n\n\n<p>Fidel als seus principis est\u00e0 compromesa amb diverses causes que per a ella s\u00f3n pilars fonamentals. Dona suport a moltes entitats i lluites diverses sempre que li \u00e9s possible i els objectius siguin \u00e8tics i solidaris.<\/p>\n\n\n\n<p>Quasi mai falla a activitats diverses de l&#8217;Ateneu: pessebres, assemblees, festes, sovint acompanyada de la seva germana Merc\u00e8. Participa sempre activament, atenta als canvis i novetats i aporta suggeriments, propostes i cr\u00edtiques tant a l&#8217;assemblea com a les trobades de voluntaris.<\/p>\n\n\n\n<p>Venint de lluny del barri s&#8217;espolsa la mandra i mai la sentireu rondinar d&#8217;haver de venir els dijous a la tarda a fer acollida a l&#8217;entrada de l&#8217;Ateneu. Cal tenir en compte que parlem d&#8217;una persona generosa, no t\u00e9 mai un no i sap felicitar quan cal si li sembla rellevant.\u00a0<\/p>\n\n\n\n<p>Seriosa en aparen\u00e7a, amb un subtil sentit de l&#8217;humor que permet entreveure la seva ironia i gaudeix compartint els temps de festes i dinars.<\/p>\n\n\n\n<p>Forjada en l&#8217;escoltisme de jove, porta les arrels dels seus aprenentatges, disposada sempre que pot, i curiosa per aprendre i saber.&nbsp;<\/p>\n\n\n\n<p>\u00c9s una bona ambaixadora&nbsp;en molts sentits de l&#8217;Ateneu Sant Roc i incondicional amb els seus objectius.<\/p>\n\n\n\n<p>Amiga dels amics i agra\u00efda amb la vida i amb la saviesa que aquesta li ha donat.<\/p>\n\n\n\n<p class=\"has-text-align-right\"><em>Anna Vicente (29 de maig de 2024)<\/em><\/p>\n","protected":false},"excerpt":{"rendered":"<p>La Marta fa anys que trepitja el barri de Sant Roc i l&#8217;Ateneu amb pas ferm [&hellip;]<\/p>\n","protected":false},"author":2,"featured_media":65347,"comment_status":"open","ping_status":"open","sticky":false,"template":"","format":"standard","meta":{"footnotes":""},"categories":[1089,1],"tags":[1693,147,744],"class_list":["post-65082","post","type-post","status-publish","format-standard","has-post-thumbnail","hentry","category-retrats","category-actualitat","tag-retrat","tag-voluntariat","tag-voluntaris"],"_links":{"self":[{"href":"https:\/\/fundacioateneusantroc.org\/es\/wp-json\/wp\/v2\/posts\/65082","targetHints":{"allow":["GET"]}}],"collection":[{"href":"https:\/\/fundacioateneusantroc.org\/es\/wp-json\/wp\/v2\/posts"}],"about":[{"href":"https:\/\/fundacioateneusantroc.org\/es\/wp-json\/wp\/v2\/types\/post"}],"author":[{"embeddable":true,"href":"https:\/\/fundacioateneusantroc.org\/es\/wp-json\/wp\/v2\/users\/2"}],"replies":[{"embeddable":true,"href":"https:\/\/fundacioateneusantroc.org\/es\/wp-json\/wp\/v2\/comments?post=65082"}],"version-history":[{"count":3,"href":"https:\/\/fundacioateneusantroc.org\/es\/wp-json\/wp\/v2\/posts\/65082\/revisions"}],"predecessor-version":[{"id":65465,"href":"https:\/\/fundacioateneusantroc.org\/es\/wp-json\/wp\/v2\/posts\/65082\/revisions\/65465"}],"wp:featuredmedia":[{"embeddable":true,"href":"https:\/\/fundacioateneusantroc.org\/es\/wp-json\/wp\/v2\/media\/65347"}],"wp:attachment":[{"href":"https:\/\/fundacioateneusantroc.org\/es\/wp-json\/wp\/v2\/media?parent=65082"}],"wp:term":[{"taxonomy":"category","embeddable":true,"href":"https:\/\/fundacioateneusantroc.org\/es\/wp-json\/wp\/v2\/categories?post=65082"},{"taxonomy":"post_tag","embeddable":true,"href":"https:\/\/fundacioateneusantroc.org\/es\/wp-json\/wp\/v2\/tags?post=65082"}],"curies":[{"name":"wp","href":"https:\/\/api.w.org\/{rel}","templated":true}]}}