{"id":65437,"date":"2024-04-15T19:27:34","date_gmt":"2024-04-15T17:27:34","guid":{"rendered":"https:\/\/fundacioateneusantroc.org\/?p=65437"},"modified":"2024-06-19T08:25:10","modified_gmt":"2024-06-19T06:25:10","slug":"revista-alella-%c2%b7-les-arpilleres-reivindicar-amb-propostes-collectives","status":"publish","type":"post","link":"https:\/\/fundacioateneusantroc.org\/es\/revista-alella-%c2%b7-les-arpilleres-reivindicar-amb-propostes-collectives\/","title":{"rendered":"Revista Alella \u00b7 Les Arpilleres: reivindicar amb propostes col\u00b7lectives"},"content":{"rendered":"\n<p>Les arpilleristes s\u00f3n grups de dones que es reuneixen amb l\u2019objectiu de cosir en una arpillera en forma de mural, el resultat d\u2019un proc\u00e9s de reflexi\u00f3 conjunta i la resposta solid\u00e0ria davant d\u2019una reivindicaci\u00f3 social.<\/p>\n\n\n\n<p>Un article de la Comissi\u00f3 de cooperaci\u00f3, grup assessor de l\u2019Ajuntament d\u2019Alella en temes de cooperaci\u00f3 i solidaritat.<\/p>\n\n\n\n<p>Revista Alella n\u00fam. 388<\/p>\n\n\n\n<figure class=\"wp-block-image size-large\"><a href=\"https:\/\/fundacioateneusantroc.org\/wp-content\/uploads\/2024-ARPILLERES-article-Alella.jpg\"><img loading=\"lazy\" decoding=\"async\" width=\"1024\" height=\"715\" src=\"https:\/\/fundacioateneusantroc.org\/wp-content\/uploads\/2024-ARPILLERES-article-Alella-1024x715.jpg\" alt=\"\" class=\"wp-image-65438\" srcset=\"https:\/\/fundacioateneusantroc.org\/wp-content\/uploads\/2024-ARPILLERES-article-Alella-1024x715.jpg 1024w, https:\/\/fundacioateneusantroc.org\/wp-content\/uploads\/2024-ARPILLERES-article-Alella-300x209.jpg 300w, https:\/\/fundacioateneusantroc.org\/wp-content\/uploads\/2024-ARPILLERES-article-Alella-768x536.jpg 768w, https:\/\/fundacioateneusantroc.org\/wp-content\/uploads\/2024-ARPILLERES-article-Alella-1536x1072.jpg 1536w, https:\/\/fundacioateneusantroc.org\/wp-content\/uploads\/2024-ARPILLERES-article-Alella-2048x1430.jpg 2048w\" sizes=\"auto, (max-width: 1024px) 100vw, 1024px\" \/><\/a><\/figure>\n","protected":false},"excerpt":{"rendered":"<p>Les arpilleristes s\u00f3n grups de dones que es reuneixen amb l\u2019objectiu de cosir en una arpillera [&hellip;]<\/p>\n","protected":false},"author":2,"featured_media":65442,"comment_status":"open","ping_status":"open","sticky":false,"template":"","format":"standard","meta":{"footnotes":""},"categories":[787,2],"tags":[28,111],"class_list":["post-65437","post","type-post","status-publish","format-standard","has-post-thumbnail","hentry","category-les-arpilleres","category-premsa","tag-arpilleras","tag-premsa-2"],"_links":{"self":[{"href":"https:\/\/fundacioateneusantroc.org\/es\/wp-json\/wp\/v2\/posts\/65437","targetHints":{"allow":["GET"]}}],"collection":[{"href":"https:\/\/fundacioateneusantroc.org\/es\/wp-json\/wp\/v2\/posts"}],"about":[{"href":"https:\/\/fundacioateneusantroc.org\/es\/wp-json\/wp\/v2\/types\/post"}],"author":[{"embeddable":true,"href":"https:\/\/fundacioateneusantroc.org\/es\/wp-json\/wp\/v2\/users\/2"}],"replies":[{"embeddable":true,"href":"https:\/\/fundacioateneusantroc.org\/es\/wp-json\/wp\/v2\/comments?post=65437"}],"version-history":[{"count":3,"href":"https:\/\/fundacioateneusantroc.org\/es\/wp-json\/wp\/v2\/posts\/65437\/revisions"}],"predecessor-version":[{"id":65444,"href":"https:\/\/fundacioateneusantroc.org\/es\/wp-json\/wp\/v2\/posts\/65437\/revisions\/65444"}],"wp:featuredmedia":[{"embeddable":true,"href":"https:\/\/fundacioateneusantroc.org\/es\/wp-json\/wp\/v2\/media\/65442"}],"wp:attachment":[{"href":"https:\/\/fundacioateneusantroc.org\/es\/wp-json\/wp\/v2\/media?parent=65437"}],"wp:term":[{"taxonomy":"category","embeddable":true,"href":"https:\/\/fundacioateneusantroc.org\/es\/wp-json\/wp\/v2\/categories?post=65437"},{"taxonomy":"post_tag","embeddable":true,"href":"https:\/\/fundacioateneusantroc.org\/es\/wp-json\/wp\/v2\/tags?post=65437"}],"curies":[{"name":"wp","href":"https:\/\/api.w.org\/{rel}","templated":true}]}}