{"id":67104,"date":"2024-11-13T10:13:31","date_gmt":"2024-11-13T09:13:31","guid":{"rendered":"https:\/\/fundacioateneusantroc.org\/?p=67104"},"modified":"2025-05-26T09:45:58","modified_gmt":"2025-05-26T07:45:58","slug":"arpilleres-a-lins-la-riera","status":"publish","type":"post","link":"https:\/\/fundacioateneusantroc.org\/es\/arpilleres-a-lins-la-riera\/","title":{"rendered":"Arpilleres a l&#8217;INS La Riera"},"content":{"rendered":"\n<p>Els alumnes de 2n de batxillerat de l&#8217;INS La Riera de Badalona estan treballant l&#8217;objectiu de desenvolupament sostenible n\u00fam. 3: Salut i benestar. Per parelles estan aprofundint en els diferents \u00e0mbits d&#8217;aquest ODS i el resultat final ha de ser&#8230; una arpillera!&nbsp;<\/p>\n\n\n\n<p>El primer pas va ser una trobada amb la N\u00faria, la seva professora, per con\u00e8ixer les arpilleres de l&#8217;Ateneu, com funcionem i com pod\u00edem donar suport a la seva iniciativa. Despr\u00e9s.el treball a classe va ser descobrir qu\u00e8 s\u00f3n les arpilleres, l&#8217;origen, el significat&#8230; i els joves, per parelles es van llen\u00e7ar a traspassar-ho al seu tema, fent un esb\u00f3s&nbsp;en paper i comen\u00e7ant a plasmar-ho en la roba.<\/p>\n\n\n\n<p>El 24 d&#8217;octubre ens han visitat i han conegut com les arpilleres van arribar a l&#8217;Ateneu i hem compartit l&#8217;exposici\u00f3 Compromisos per a re-cosir el m\u00f3n&#8230; S&#8217;han fixat en els detalls, en com fer els fons, els volums, els ninos i sobre les seves robes, algunes encara en blanc, hem resolt dubtes i han apr\u00e8s a fer un nino amb volum.<\/p>\n\n\n\n<p>A classe continuen el treball i el dijous 7 de novembre, anem a la seva aula a compartir l&#8217;evoluci\u00f3 de les arpilleres i resoldre dubtes de l&#8217;execuci\u00f3. Molt bona feina que, en breu, s&#8217;exposar\u00e0&nbsp;al centre educatiu.<\/p>\n\n\n\n<p>Joves que s&#8217;han sorpr\u00e8s&nbsp;en descobrir les seves capacitats i se senten molt orgullosos de mostrar a trav\u00e9s de la costura el que han apr\u00e8s a classe.<\/p>\n\n\n\n<figure class=\"wp-block-gallery has-nested-images columns-default is-cropped wp-block-gallery-1 is-layout-flex wp-block-gallery-is-layout-flex\">\n<figure class=\"wp-block-image size-large\"><img loading=\"lazy\" decoding=\"async\" width=\"1024\" height=\"640\" data-id=\"67450\" src=\"https:\/\/fundacioateneusantroc.org\/wp-content\/uploads\/2024-la-riera-7.jpg\" alt=\"\" class=\"wp-image-67450\" srcset=\"https:\/\/fundacioateneusantroc.org\/wp-content\/uploads\/2024-la-riera-7.jpg 1024w, https:\/\/fundacioateneusantroc.org\/wp-content\/uploads\/2024-la-riera-7-300x188.jpg 300w, https:\/\/fundacioateneusantroc.org\/wp-content\/uploads\/2024-la-riera-7-768x480.jpg 768w\" sizes=\"auto, (max-width: 1024px) 100vw, 1024px\" \/><\/figure>\n\n\n\n<figure class=\"wp-block-image size-large\"><img loading=\"lazy\" decoding=\"async\" width=\"1024\" height=\"640\" data-id=\"67448\" src=\"https:\/\/fundacioateneusantroc.org\/wp-content\/uploads\/2024-la-riera-6.jpg\" alt=\"\" class=\"wp-image-67448\" srcset=\"https:\/\/fundacioateneusantroc.org\/wp-content\/uploads\/2024-la-riera-6.jpg 1024w, https:\/\/fundacioateneusantroc.org\/wp-content\/uploads\/2024-la-riera-6-300x188.jpg 300w, https:\/\/fundacioateneusantroc.org\/wp-content\/uploads\/2024-la-riera-6-768x480.jpg 768w\" sizes=\"auto, (max-width: 1024px) 100vw, 1024px\" \/><\/figure>\n\n\n\n<figure class=\"wp-block-image size-large\"><img loading=\"lazy\" decoding=\"async\" width=\"1024\" height=\"640\" data-id=\"67446\" src=\"https:\/\/fundacioateneusantroc.org\/wp-content\/uploads\/2024-la-riera-5.jpg\" alt=\"\" class=\"wp-image-67446\" srcset=\"https:\/\/fundacioateneusantroc.org\/wp-content\/uploads\/2024-la-riera-5.jpg 1024w, https:\/\/fundacioateneusantroc.org\/wp-content\/uploads\/2024-la-riera-5-300x188.jpg 300w, https:\/\/fundacioateneusantroc.org\/wp-content\/uploads\/2024-la-riera-5-768x480.jpg 768w\" sizes=\"auto, (max-width: 1024px) 100vw, 1024px\" \/><\/figure>\n\n\n\n<figure class=\"wp-block-image size-large\"><img loading=\"lazy\" decoding=\"async\" width=\"1024\" height=\"640\" data-id=\"67454\" src=\"https:\/\/fundacioateneusantroc.org\/wp-content\/uploads\/2024-la-riera-9.jpg\" alt=\"\" class=\"wp-image-67454\" srcset=\"https:\/\/fundacioateneusantroc.org\/wp-content\/uploads\/2024-la-riera-9.jpg 1024w, https:\/\/fundacioateneusantroc.org\/wp-content\/uploads\/2024-la-riera-9-300x188.jpg 300w, https:\/\/fundacioateneusantroc.org\/wp-content\/uploads\/2024-la-riera-9-768x480.jpg 768w\" sizes=\"auto, (max-width: 1024px) 100vw, 1024px\" \/><\/figure>\n\n\n\n<figure class=\"wp-block-image size-large\"><img loading=\"lazy\" decoding=\"async\" width=\"1024\" height=\"640\" data-id=\"67444\" src=\"https:\/\/fundacioateneusantroc.org\/wp-content\/uploads\/2024-la-riera-4.jpg\" alt=\"\" class=\"wp-image-67444\" srcset=\"https:\/\/fundacioateneusantroc.org\/wp-content\/uploads\/2024-la-riera-4.jpg 1024w, https:\/\/fundacioateneusantroc.org\/wp-content\/uploads\/2024-la-riera-4-300x188.jpg 300w, https:\/\/fundacioateneusantroc.org\/wp-content\/uploads\/2024-la-riera-4-768x480.jpg 768w\" sizes=\"auto, (max-width: 1024px) 100vw, 1024px\" \/><\/figure>\n\n\n\n<figure class=\"wp-block-image size-large\"><img loading=\"lazy\" decoding=\"async\" width=\"1024\" height=\"640\" data-id=\"67442\" src=\"https:\/\/fundacioateneusantroc.org\/wp-content\/uploads\/2024-la-riera-3.jpg\" alt=\"\" class=\"wp-image-67442\" srcset=\"https:\/\/fundacioateneusantroc.org\/wp-content\/uploads\/2024-la-riera-3.jpg 1024w, https:\/\/fundacioateneusantroc.org\/wp-content\/uploads\/2024-la-riera-3-300x188.jpg 300w, https:\/\/fundacioateneusantroc.org\/wp-content\/uploads\/2024-la-riera-3-768x480.jpg 768w\" sizes=\"auto, (max-width: 1024px) 100vw, 1024px\" \/><\/figure>\n\n\n\n<figure class=\"wp-block-image size-large\"><img loading=\"lazy\" decoding=\"async\" width=\"1024\" height=\"640\" data-id=\"67440\" src=\"https:\/\/fundacioateneusantroc.org\/wp-content\/uploads\/2024-la-riera-2.jpg\" alt=\"\" class=\"wp-image-67440\" srcset=\"https:\/\/fundacioateneusantroc.org\/wp-content\/uploads\/2024-la-riera-2.jpg 1024w, https:\/\/fundacioateneusantroc.org\/wp-content\/uploads\/2024-la-riera-2-300x188.jpg 300w, https:\/\/fundacioateneusantroc.org\/wp-content\/uploads\/2024-la-riera-2-768x480.jpg 768w\" sizes=\"auto, (max-width: 1024px) 100vw, 1024px\" \/><\/figure>\n\n\n\n<figure class=\"wp-block-image size-large\"><img loading=\"lazy\" decoding=\"async\" width=\"1024\" height=\"640\" data-id=\"67436\" src=\"https:\/\/fundacioateneusantroc.org\/wp-content\/uploads\/2024-la-riera-0.jpg\" alt=\"\" class=\"wp-image-67436\" srcset=\"https:\/\/fundacioateneusantroc.org\/wp-content\/uploads\/2024-la-riera-0.jpg 1024w, https:\/\/fundacioateneusantroc.org\/wp-content\/uploads\/2024-la-riera-0-300x188.jpg 300w, https:\/\/fundacioateneusantroc.org\/wp-content\/uploads\/2024-la-riera-0-768x480.jpg 768w\" sizes=\"auto, (max-width: 1024px) 100vw, 1024px\" \/><\/figure>\n\n\n\n<figure class=\"wp-block-image size-large\"><img loading=\"lazy\" decoding=\"async\" width=\"1024\" height=\"640\" data-id=\"67452\" src=\"https:\/\/fundacioateneusantroc.org\/wp-content\/uploads\/2024-la-riera-8.jpg\" alt=\"\" class=\"wp-image-67452\" srcset=\"https:\/\/fundacioateneusantroc.org\/wp-content\/uploads\/2024-la-riera-8.jpg 1024w, https:\/\/fundacioateneusantroc.org\/wp-content\/uploads\/2024-la-riera-8-300x188.jpg 300w, https:\/\/fundacioateneusantroc.org\/wp-content\/uploads\/2024-la-riera-8-768x480.jpg 768w\" sizes=\"auto, (max-width: 1024px) 100vw, 1024px\" \/><\/figure>\n<\/figure>\n\n\n\n<div class=\"wp-block-group\"><div class=\"wp-block-group__inner-container is-layout-constrained wp-block-group-is-layout-constrained\">\n<div style=\"height:36px\" aria-hidden=\"true\" class=\"wp-block-spacer\"><\/div>\n\n\n\n<div class=\"wp-block-columns is-layout-flex wp-container-core-columns-is-layout-9d6595d7 wp-block-columns-is-layout-flex\">\n<div class=\"wp-block-column is-layout-flow wp-block-column-is-layout-flow\">\n<div class=\"wp-block-buttons is-content-justification-center is-layout-flex wp-container-core-buttons-is-layout-16018d1d wp-block-buttons-is-layout-flex\">\n<div class=\"wp-block-button\"><a class=\"wp-block-button__link wp-element-button\" href=\"https:\/\/fundacioateneusantroc.org\/es\/arpilleras\/\">Volver a arpilleras<\/a><\/div>\n<\/div>\n<\/div>\n<\/div>\n<\/div><\/div>\n","protected":false},"excerpt":{"rendered":"<p>Els alumnes de 2n de batxillerat de l&#8217;INS La Riera de Badalona estan treballant l&#8217;objectiu de [&hellip;]<\/p>\n","protected":false},"author":2,"featured_media":67438,"comment_status":"open","ping_status":"open","sticky":false,"template":"","format":"standard","meta":{"footnotes":""},"categories":[787,1],"tags":[28,1154],"class_list":["post-67104","post","type-post","status-publish","format-standard","has-post-thumbnail","hentry","category-les-arpilleres","category-actualitat","tag-arpilleras","tag-ateneu-en-xarxa"],"_links":{"self":[{"href":"https:\/\/fundacioateneusantroc.org\/es\/wp-json\/wp\/v2\/posts\/67104","targetHints":{"allow":["GET"]}}],"collection":[{"href":"https:\/\/fundacioateneusantroc.org\/es\/wp-json\/wp\/v2\/posts"}],"about":[{"href":"https:\/\/fundacioateneusantroc.org\/es\/wp-json\/wp\/v2\/types\/post"}],"author":[{"embeddable":true,"href":"https:\/\/fundacioateneusantroc.org\/es\/wp-json\/wp\/v2\/users\/2"}],"replies":[{"embeddable":true,"href":"https:\/\/fundacioateneusantroc.org\/es\/wp-json\/wp\/v2\/comments?post=67104"}],"version-history":[{"count":4,"href":"https:\/\/fundacioateneusantroc.org\/es\/wp-json\/wp\/v2\/posts\/67104\/revisions"}],"predecessor-version":[{"id":68845,"href":"https:\/\/fundacioateneusantroc.org\/es\/wp-json\/wp\/v2\/posts\/67104\/revisions\/68845"}],"wp:featuredmedia":[{"embeddable":true,"href":"https:\/\/fundacioateneusantroc.org\/es\/wp-json\/wp\/v2\/media\/67438"}],"wp:attachment":[{"href":"https:\/\/fundacioateneusantroc.org\/es\/wp-json\/wp\/v2\/media?parent=67104"}],"wp:term":[{"taxonomy":"category","embeddable":true,"href":"https:\/\/fundacioateneusantroc.org\/es\/wp-json\/wp\/v2\/categories?post=67104"},{"taxonomy":"post_tag","embeddable":true,"href":"https:\/\/fundacioateneusantroc.org\/es\/wp-json\/wp\/v2\/tags?post=67104"}],"curies":[{"name":"wp","href":"https:\/\/api.w.org\/{rel}","templated":true}]}}