{"id":67342,"date":"2024-11-25T12:31:30","date_gmt":"2024-11-25T11:31:30","guid":{"rendered":"https:\/\/fundacioateneusantroc.org\/?p=67342"},"modified":"2025-05-26T09:44:45","modified_gmt":"2025-05-26T07:44:45","slug":"alella-acull-les-dones-disruptives","status":"publish","type":"post","link":"https:\/\/fundacioateneusantroc.org\/es\/alella-acull-les-dones-disruptives\/","title":{"rendered":"Alella acull les Dones disruptives"},"content":{"rendered":"\n<p>Quan a la Comissi\u00f3 de Cooperaci\u00f3 internacional de l\u2019Ajuntament d\u2019Alella va arribar l\u2019exist\u00e8ncia del moviment de les Arpilleristes via el treball que s\u2019estava fent a l\u2019Ateneu de Sant Roc en aquest l\u00ednia, vam tenir clar que no pod\u00edem deixar de con\u00e8ixer-ne m\u00e9s.<\/p>\n\n\n\n<p>Tan bon punt ens vam posar en contacte amb l\u2019Ateneu, les Arpilleristes es van brindar a ensenyar-nos les seves obres i a explicar-nos tota la ideologia de reivindicaci\u00f3, lluita, cooperaci\u00f3, sororitat i esperan\u00e7a que amagaven aquelles robes cosides que tant ens increpaven.<\/p>\n\n\n\n<p>Primer va sorgir un article part a la <a href=\"https:\/\/www.revistaalella.cat\/documents\/revistaalella.cat\/revistes\/alella-388-web.pdf\" target=\"_blank\" rel=\"noreferrer noopener\">Revista Alella<\/a> de gran difusi\u00f3 i ascend\u00e8ncia al poble on s\u2019argumentaven els motius que feien aquest moviment rellevant i d\u2019inter\u00e8s general per a la reflexi\u00f3.<\/p>\n\n\n\n<p>La Regidoria d\u2019Equitat i feminismes es va interessar per a tem\u00e0tica i va sol\u00b7licitar fer coincidir l\u2019exposici\u00f3 que la Regidoria de Cooperaci\u00f3 havia comprom\u00e8s amb l\u2019Ateneu per fer-la coincidir amb la setmana del 25 N, dia en contra de la viol\u00e8ncia de g\u00e8nere.<\/p>\n\n\n\n<p>Aix\u00ed doncs, la Fundaci\u00f3 Ateneu Sant Roc, va cedir amablement, l\u2019exposici\u00f3 d<strong>\u2019<\/strong>arpilleres de \u201cDones disruptives\u201d que es va instal\u00b7lar a Can Lleonard, casa de cultura del poble on di\u00e0riament hi passen centenars de persones.<\/p>\n\n\n\n<p>El 17 d\u2019octubre, dins de les activitats de <strong>Mirades al m\u00f3n <\/strong>(Jornades de Cooperaci\u00f3 internacional 2024) les Arpilleristes de l\u2019Ateneu van fer una xerrada introduct\u00f2ria a l\u2019exposici\u00f3 en la que van transmetre amb cos i \u00e0nima el que s\u2019exposava fora de la sala. La sorpresa, inter\u00e8s i agra\u00efment de les persones assistents van fer que el boca a boca despert\u00e9s curiositat per l\u2019exposici\u00f3 que s\u2019anava explicant d\u2019unes persones a les altres.<\/p>\n\n\n\n<p>El 22 de novembre, a les 18.00 h <a href=\"https:\/\/alella.cat\/25N\" target=\"_blank\" rel=\"noopener\">https:\/\/alella.cat\/25N<\/a>&nbsp; es va posar la cirereta de tot el proc\u00e9s i les Arpilleristes ens van oferir l\u2019oportunitat de realitzar un taller on cadascuna de les persones assistents vam viure en pr\u00f2pia pell el proc\u00e9s d\u2019elaboraci\u00f3 d\u2019una mini arpillera on representar una dona que pel motiu que fos hagu\u00e9s causat impacte en les vides de cadasc\u00fa.<\/p>\n\n\n\n<p>Per motius de l\u2019habitual descoordinaci\u00f3 d\u2019agendes del municipi, no vam ser tanta gent com l\u2019esperada per\u00f2 el resultat i la implicaci\u00f3 de tothom van ser m\u00e9s que satisfactoris si fem cas dels comentaris del que s\u2019havia remogut en els sentiments i consci\u00e8ncies dels que \u00e9rem all\u00ed i de les emocions transmeses a l\u2019hora de compartir el significat de cada arpillera.<\/p>\n\n\n\n<p>Des de la poblaci\u00f3 d\u2019Alella, no podem m\u00e9s que donar les gr\u00e0cies a l\u2019Ateneu de Sant Roc i a les seves arpilleristes per la tasca que segueixen fent i per haver compartit de forma altruista, la reflexi\u00f3 i els valors que cada dia ens posen de manifest en la seva pr\u00e0ctica.<\/p>\n\n\n\n<p>Gr\u00e0cies per haver-nos apropat a Sant Roc, i fer-nos adonar que tenim tant per aprendre.<\/p>\n\n\n\n<p class=\"has-text-align-right\"><em>Anna Ibarz \u00b7 Comissi\u00f3 de Cooperaci\u00f3 internacional de l\u2019Ajuntament d\u2019Alella <\/em><\/p>\n\n\n\n<figure class=\"wp-block-gallery has-nested-images columns-2 is-cropped wp-block-gallery-1 is-layout-flex wp-block-gallery-is-layout-flex\">\n<figure class=\"wp-block-image size-large\"><img loading=\"lazy\" decoding=\"async\" width=\"640\" height=\"1024\" data-id=\"67377\" src=\"https:\/\/fundacioateneusantroc.org\/wp-content\/uploads\/2024-disruptives-alella-1.jpg\" alt=\"\" class=\"wp-image-67377\" srcset=\"https:\/\/fundacioateneusantroc.org\/wp-content\/uploads\/2024-disruptives-alella-1.jpg 640w, https:\/\/fundacioateneusantroc.org\/wp-content\/uploads\/2024-disruptives-alella-1-188x300.jpg 188w\" sizes=\"auto, (max-width: 640px) 100vw, 640px\" \/><\/figure>\n\n\n\n<figure class=\"wp-block-image size-large\"><img loading=\"lazy\" decoding=\"async\" width=\"1024\" height=\"640\" data-id=\"67379\" src=\"https:\/\/fundacioateneusantroc.org\/wp-content\/uploads\/2024-disruptives-alella-3.jpg\" alt=\"\" class=\"wp-image-67379\" srcset=\"https:\/\/fundacioateneusantroc.org\/wp-content\/uploads\/2024-disruptives-alella-3.jpg 1024w, https:\/\/fundacioateneusantroc.org\/wp-content\/uploads\/2024-disruptives-alella-3-300x188.jpg 300w, https:\/\/fundacioateneusantroc.org\/wp-content\/uploads\/2024-disruptives-alella-3-768x480.jpg 768w\" sizes=\"auto, (max-width: 1024px) 100vw, 1024px\" \/><\/figure>\n\n\n\n<figure class=\"wp-block-image size-large\"><img loading=\"lazy\" decoding=\"async\" width=\"1024\" height=\"640\" data-id=\"67381\" src=\"https:\/\/fundacioateneusantroc.org\/wp-content\/uploads\/2024-disruptives-alella-4.jpg\" alt=\"\" class=\"wp-image-67381\" srcset=\"https:\/\/fundacioateneusantroc.org\/wp-content\/uploads\/2024-disruptives-alella-4.jpg 1024w, https:\/\/fundacioateneusantroc.org\/wp-content\/uploads\/2024-disruptives-alella-4-300x188.jpg 300w, https:\/\/fundacioateneusantroc.org\/wp-content\/uploads\/2024-disruptives-alella-4-768x480.jpg 768w\" sizes=\"auto, (max-width: 1024px) 100vw, 1024px\" \/><\/figure>\n\n\n\n<figure class=\"wp-block-image size-large\"><img loading=\"lazy\" decoding=\"async\" width=\"1024\" height=\"640\" data-id=\"67383\" src=\"https:\/\/fundacioateneusantroc.org\/wp-content\/uploads\/2024-disruptives-alella-6.jpg\" alt=\"\" class=\"wp-image-67383\" srcset=\"https:\/\/fundacioateneusantroc.org\/wp-content\/uploads\/2024-disruptives-alella-6.jpg 1024w, https:\/\/fundacioateneusantroc.org\/wp-content\/uploads\/2024-disruptives-alella-6-300x188.jpg 300w, https:\/\/fundacioateneusantroc.org\/wp-content\/uploads\/2024-disruptives-alella-6-768x480.jpg 768w\" sizes=\"auto, (max-width: 1024px) 100vw, 1024px\" \/><\/figure>\n\n\n\n<figure class=\"wp-block-image size-large\"><img loading=\"lazy\" decoding=\"async\" width=\"1024\" height=\"640\" data-id=\"67385\" src=\"https:\/\/fundacioateneusantroc.org\/wp-content\/uploads\/2024-disruptives-alella-7.jpg\" alt=\"\" class=\"wp-image-67385\" srcset=\"https:\/\/fundacioateneusantroc.org\/wp-content\/uploads\/2024-disruptives-alella-7.jpg 1024w, https:\/\/fundacioateneusantroc.org\/wp-content\/uploads\/2024-disruptives-alella-7-300x188.jpg 300w, https:\/\/fundacioateneusantroc.org\/wp-content\/uploads\/2024-disruptives-alella-7-768x480.jpg 768w\" sizes=\"auto, (max-width: 1024px) 100vw, 1024px\" \/><\/figure>\n<\/figure>\n\n\n\n<div class=\"wp-block-group\"><div class=\"wp-block-group__inner-container is-layout-constrained wp-block-group-is-layout-constrained\">\n<div style=\"height:36px\" aria-hidden=\"true\" class=\"wp-block-spacer\"><\/div>\n\n\n\n<div class=\"wp-block-columns is-layout-flex wp-container-core-columns-is-layout-9d6595d7 wp-block-columns-is-layout-flex\">\n<div class=\"wp-block-column is-layout-flow wp-block-column-is-layout-flow\">\n<div class=\"wp-block-buttons is-content-justification-center is-layout-flex wp-container-core-buttons-is-layout-16018d1d wp-block-buttons-is-layout-flex\">\n<div class=\"wp-block-button\"><a class=\"wp-block-button__link wp-element-button\" href=\"https:\/\/fundacioateneusantroc.org\/es\/arpilleras\/\">Volver a arpilleras<\/a><\/div>\n<\/div>\n<\/div>\n<\/div>\n<\/div><\/div>\n","protected":false},"excerpt":{"rendered":"<p>Quan a la Comissi\u00f3 de Cooperaci\u00f3 internacional de l\u2019Ajuntament d\u2019Alella va arribar l\u2019exist\u00e8ncia del moviment de [&hellip;]<\/p>\n","protected":false},"author":2,"featured_media":67375,"comment_status":"open","ping_status":"open","sticky":false,"template":"","format":"standard","meta":{"footnotes":""},"categories":[787,1],"tags":[28,1154,729,738],"class_list":["post-67342","post","type-post","status-publish","format-standard","has-post-thumbnail","hentry","category-les-arpilleres","category-actualitat","tag-arpilleras","tag-ateneu-en-xarxa","tag-exposicio","tag-xerrada"],"_links":{"self":[{"href":"https:\/\/fundacioateneusantroc.org\/es\/wp-json\/wp\/v2\/posts\/67342","targetHints":{"allow":["GET"]}}],"collection":[{"href":"https:\/\/fundacioateneusantroc.org\/es\/wp-json\/wp\/v2\/posts"}],"about":[{"href":"https:\/\/fundacioateneusantroc.org\/es\/wp-json\/wp\/v2\/types\/post"}],"author":[{"embeddable":true,"href":"https:\/\/fundacioateneusantroc.org\/es\/wp-json\/wp\/v2\/users\/2"}],"replies":[{"embeddable":true,"href":"https:\/\/fundacioateneusantroc.org\/es\/wp-json\/wp\/v2\/comments?post=67342"}],"version-history":[{"count":5,"href":"https:\/\/fundacioateneusantroc.org\/es\/wp-json\/wp\/v2\/posts\/67342\/revisions"}],"predecessor-version":[{"id":68844,"href":"https:\/\/fundacioateneusantroc.org\/es\/wp-json\/wp\/v2\/posts\/67342\/revisions\/68844"}],"wp:featuredmedia":[{"embeddable":true,"href":"https:\/\/fundacioateneusantroc.org\/es\/wp-json\/wp\/v2\/media\/67375"}],"wp:attachment":[{"href":"https:\/\/fundacioateneusantroc.org\/es\/wp-json\/wp\/v2\/media?parent=67342"}],"wp:term":[{"taxonomy":"category","embeddable":true,"href":"https:\/\/fundacioateneusantroc.org\/es\/wp-json\/wp\/v2\/categories?post=67342"},{"taxonomy":"post_tag","embeddable":true,"href":"https:\/\/fundacioateneusantroc.org\/es\/wp-json\/wp\/v2\/tags?post=67342"}],"curies":[{"name":"wp","href":"https:\/\/api.w.org\/{rel}","templated":true}]}}