{"id":67732,"date":"2025-02-05T21:27:04","date_gmt":"2025-02-05T20:27:04","guid":{"rendered":"https:\/\/fundacioateneusantroc.org\/?p=67732"},"modified":"2025-06-14T20:08:44","modified_gmt":"2025-06-14T18:08:44","slug":"paco-baena","status":"publish","type":"post","link":"https:\/\/fundacioateneusantroc.org\/es\/paco-baena\/","title":{"rendered":"Paco Baena"},"content":{"rendered":"\n<p>Al Paco te\u2019l pots trobar a l\u2019Ateneu en qualsevol moment, fins i tot algun diumenge. Entres per la porta, passes al pati i all\u00e0 est\u00e0 ell.\u00a0Fent feina, endre\u00e7ant, recollint, regant.\u00a0Pot ser acompanyat d\u2019algun nen del centre cuidant l\u2019hort, preparant els jocs per alguna activitat o pintant alguna porta.\u00a0Ell no sap estar-se quiet, necessita activitat.<\/p>\n\n\n\n<p>A l\u2019Ateneu est\u00e0 ficat en mil i una coses. A Medi ambient, motivant a tots per estalviar aigua i&nbsp;llum, conscienciant per una alimentaci\u00f3 saludable o preparant alguna exposici\u00f3.&nbsp;Les tardes de divendres el trobar\u00e0s a l&#8217;Ateneu al carrer, estirat a terra jugant a les construccions amb els m\u00e9s petits o donant corda perqu\u00e8 saltin tots els que vulguin. I s\u2019apunta a jugar a futbol, b\u00e0dminton, la indiaca o a fer ballar les baldufes. Amb tot encomana energia, ganes d\u2019implicar-se i d\u2019acompanyar.<\/p>\n\n\n\n<p>La muntanya \u00e9s la seva passi\u00f3. De petit jugava a Ca l\u2019Alemany i els entorns de la Creu de Montigal\u00e0, per\u00f2 aix\u00f2 se li va fer petit i l\u2019escoltisme li va obrir nous horitzons. Una gran part de la geografia catalana la va trepitjar en blanc i negre, hist\u00f2ries d\u2019avi.&nbsp;La bona mem\u00f2ria per recon\u00e8ixer els camins, els paratges, els cims&#8230; el fa que sigui un bon guia de muntanya. Sempre sorpr\u00e8n amb propostes noves, v\u00eddeos que ens fan somiar noves excursions, passos equipats que donen al\u00b7licient a les sortides&#8230; de vegades propostes massa agosarades per la gent que anem!<\/p>\n\n\n\n<p>Una mica cabut amb els recorreguts (tots ho som) fa que a les excursions sempre comencem alguna picabaralla que no passa d\u2019aqu\u00ed. Per\u00f2 si heu d&#8217;escollir alg\u00fa per fer una sortida, no us en penedireu de buscar la seva companyia.<\/p>\n\n\n\n<p>Si una paraula defineix al Paco \u00e9s la seva disponibilitat. Disponibilitat amb la fam\u00edlia, amb els amics, amb qualsevol que li demani, amb l\u2019Ateneu. Si li demanes, est\u00e0. Si veu que \u00e9s necessari, s\u2019ofereix. Per aix\u00f2 \u00e9s f\u00e0cil comptar amb ell. Per\u00f2 si veu que no fa falta o la feina s\u2019ha acabat, pot desapar\u00e8ixer en un tres i no res.<\/p>\n\n\n\n<p>Hem envellit fent cam\u00ed junts, per\u00f2 el que \u00e9s segur \u00e9s que continuarem fent muntanya i alguna cervesa plegats. Si us voleu apuntar compartirem el temps, la disponibilitat i el fet de gaudir de la natura que el Paco ens ho posar\u00e0 f\u00e0cil.<\/p>\n\n\n\n<p class=\"has-text-align-right\"><em>Lorenzo Hernando (30 de gener de 2025)<\/em><\/p>\n","protected":false},"excerpt":{"rendered":"<p>Al Paco te\u2019l pots trobar a l\u2019Ateneu en qualsevol moment, fins i tot algun diumenge. Entres [&hellip;]<\/p>\n","protected":false},"author":2,"featured_media":67734,"comment_status":"open","ping_status":"open","sticky":false,"template":"","format":"standard","meta":{"footnotes":""},"categories":[1089,1],"tags":[147,744],"class_list":["post-67732","post","type-post","status-publish","format-standard","has-post-thumbnail","hentry","category-retrats","category-actualitat","tag-voluntariat","tag-voluntaris"],"_links":{"self":[{"href":"https:\/\/fundacioateneusantroc.org\/es\/wp-json\/wp\/v2\/posts\/67732","targetHints":{"allow":["GET"]}}],"collection":[{"href":"https:\/\/fundacioateneusantroc.org\/es\/wp-json\/wp\/v2\/posts"}],"about":[{"href":"https:\/\/fundacioateneusantroc.org\/es\/wp-json\/wp\/v2\/types\/post"}],"author":[{"embeddable":true,"href":"https:\/\/fundacioateneusantroc.org\/es\/wp-json\/wp\/v2\/users\/2"}],"replies":[{"embeddable":true,"href":"https:\/\/fundacioateneusantroc.org\/es\/wp-json\/wp\/v2\/comments?post=67732"}],"version-history":[{"count":7,"href":"https:\/\/fundacioateneusantroc.org\/es\/wp-json\/wp\/v2\/posts\/67732\/revisions"}],"predecessor-version":[{"id":67838,"href":"https:\/\/fundacioateneusantroc.org\/es\/wp-json\/wp\/v2\/posts\/67732\/revisions\/67838"}],"wp:featuredmedia":[{"embeddable":true,"href":"https:\/\/fundacioateneusantroc.org\/es\/wp-json\/wp\/v2\/media\/67734"}],"wp:attachment":[{"href":"https:\/\/fundacioateneusantroc.org\/es\/wp-json\/wp\/v2\/media?parent=67732"}],"wp:term":[{"taxonomy":"category","embeddable":true,"href":"https:\/\/fundacioateneusantroc.org\/es\/wp-json\/wp\/v2\/categories?post=67732"},{"taxonomy":"post_tag","embeddable":true,"href":"https:\/\/fundacioateneusantroc.org\/es\/wp-json\/wp\/v2\/tags?post=67732"}],"curies":[{"name":"wp","href":"https:\/\/api.w.org\/{rel}","templated":true}]}}