{"id":68109,"date":"2025-04-22T07:32:40","date_gmt":"2025-04-22T05:32:40","guid":{"rendered":"https:\/\/fundacioateneusantroc.org\/?p=68109"},"modified":"2025-06-14T20:09:05","modified_gmt":"2025-06-14T18:09:05","slug":"josep-torres","status":"publish","type":"post","link":"https:\/\/fundacioateneusantroc.org\/es\/josep-torres\/","title":{"rendered":"Josep Torres"},"content":{"rendered":"\n<p>En Josep va arribar a l\u2019Ateneu despr\u00e9s d\u2019un llarg cam\u00ed en el m\u00f3n del lleure. No arribava amb les mans buides, duia una motxilla ben carregada. Com un personatge de conte anava mostrant les seves habilitats i sabers: compres, animador, cantant, ballador, ceramista\u2026<\/p>\n\n\n\n<p>A poc a poquet va anar dinamitzant dins de l\u2019Ateneu el teatre, cer\u00e0mica; a col\u00f2nies es desplegava com un vano: dur menjar, infants al metge, organitzar activitats i mimar als monitors i monitores als vespres a les trobades de valoraci\u00f3.<\/p>\n\n\n\n<p>Tamb\u00e9 va aportar amics i amigues talleristes, vinguts d\u2019arreu, d\u2019\u00c9ller a Barcelona o a la inversa portant jocs d&#8217;aqu\u00ed all\u00e0 amb els Jugan\u00edbals.<\/p>\n\n\n\n<p>Ha estat director del grup de teatre Lapsus, assajant cada setmana i dubtant en molts moments que la representaci\u00f3 arrib\u00e9s a bon terme. Per\u00f2 els seus esfor\u00e7os i encaparraments sempre s&#8217;han vist recompensats, tot d\u2019una en aixecar-se el tel\u00f3 l\u2019obra flu\u00efa plena de complicitats i bon fer.<\/p>\n\n\n\n<p>El seu paper es mant\u00e9, tot i la jubilaci\u00f3. \u00c9s el locutor per excel\u00b7l\u00e8ncia, tant a la diada de Sant Jordi com a la Fira de Sant Roc. Mudat com requereix cada ocasi\u00f3, la seva veu sona a la pla\u00e7a modulant els missatges, des de primera hora fins a l\u2019acomiadament, convidant a la festa i a la participaci\u00f3.<\/p>\n\n\n\n<p>Home de far\u00e0ndula en el millor dels sentits, tot li escau, que si un ball, que si una can\u00e7\u00f3, unes paraules, teatre, un bon micr\u00f2fon, les seves ulleres a mig nas per veure els papers i controlar l\u2019entorn l\u2019acompanyen al seu somriure sorneguer i a la seva veu cr\u00edtica quan alguna cosa no rutlla.<\/p>\n\n\n\n<p class=\"has-text-align-right\"><em>Anna Vicente Farran (20 d&#8217;abril de 2025)<\/em><\/p>\n","protected":false},"excerpt":{"rendered":"<p>En Josep va arribar a l\u2019Ateneu despr\u00e9s d\u2019un llarg cam\u00ed en el m\u00f3n del lleure. No [&hellip;]<\/p>\n","protected":false},"author":2,"featured_media":68190,"comment_status":"open","ping_status":"open","sticky":false,"template":"","format":"standard","meta":{"footnotes":""},"categories":[1089,1],"tags":[147,744],"class_list":["post-68109","post","type-post","status-publish","format-standard","has-post-thumbnail","hentry","category-retrats","category-actualitat","tag-voluntariat","tag-voluntaris"],"_links":{"self":[{"href":"https:\/\/fundacioateneusantroc.org\/es\/wp-json\/wp\/v2\/posts\/68109","targetHints":{"allow":["GET"]}}],"collection":[{"href":"https:\/\/fundacioateneusantroc.org\/es\/wp-json\/wp\/v2\/posts"}],"about":[{"href":"https:\/\/fundacioateneusantroc.org\/es\/wp-json\/wp\/v2\/types\/post"}],"author":[{"embeddable":true,"href":"https:\/\/fundacioateneusantroc.org\/es\/wp-json\/wp\/v2\/users\/2"}],"replies":[{"embeddable":true,"href":"https:\/\/fundacioateneusantroc.org\/es\/wp-json\/wp\/v2\/comments?post=68109"}],"version-history":[{"count":6,"href":"https:\/\/fundacioateneusantroc.org\/es\/wp-json\/wp\/v2\/posts\/68109\/revisions"}],"predecessor-version":[{"id":68316,"href":"https:\/\/fundacioateneusantroc.org\/es\/wp-json\/wp\/v2\/posts\/68109\/revisions\/68316"}],"wp:featuredmedia":[{"embeddable":true,"href":"https:\/\/fundacioateneusantroc.org\/es\/wp-json\/wp\/v2\/media\/68190"}],"wp:attachment":[{"href":"https:\/\/fundacioateneusantroc.org\/es\/wp-json\/wp\/v2\/media?parent=68109"}],"wp:term":[{"taxonomy":"category","embeddable":true,"href":"https:\/\/fundacioateneusantroc.org\/es\/wp-json\/wp\/v2\/categories?post=68109"},{"taxonomy":"post_tag","embeddable":true,"href":"https:\/\/fundacioateneusantroc.org\/es\/wp-json\/wp\/v2\/tags?post=68109"}],"curies":[{"name":"wp","href":"https:\/\/api.w.org\/{rel}","templated":true}]}}