{"id":68579,"date":"2025-05-20T17:16:09","date_gmt":"2025-05-20T15:16:09","guid":{"rendered":"https:\/\/fundacioateneusantroc.org\/?p=68579"},"modified":"2025-06-05T11:04:22","modified_gmt":"2025-06-05T09:04:22","slug":"sant-roc-huamachuco","status":"publish","type":"post","link":"https:\/\/fundacioateneusantroc.org\/es\/sant-roc-huamachuco\/","title":{"rendered":"Sant Roc &#8211; Huamachuco"},"content":{"rendered":"\n<p>El dilluns passat ens va visitar l&#8217;Ivette Quezada, com a representant de la <a href=\"https:\/\/www.casadelamujer.cl\/\" target=\"_blank\" rel=\"noreferrer noopener\">Casa de la Mujer de Huamachuco<\/a>, fundada per la senyora A\u00edda Moreno. Els or\u00edgens d\u2019aquesta organitzaci\u00f3 es remunten a un context de crisi econ\u00f2mica, pol\u00edtica i social arran del cop militar a Xile l\u2019any 1973. En aquest ecenari d\u2019emerg\u00e8ncia, les dones xilenes van impulsar agrupacions i organitzacions de subsist\u00e8ncia i de defensa dels drets humans, sovint sota el paraigua de la <em>Vicar\u00eda de la Solidaridad.<\/em> Comunitats com la de l\u2019A\u00edda van organitzar olles comunes, espais de formaci\u00f3 i capacitaci\u00f3, tallers productius i altres formes d\u2019autoajuda solid\u00e0ria per tal de superar l\u2019exclusi\u00f3. Per a les dones de Huamachuco, les arpilleres van ser una eina fonamental d\u2019empoderament, subsist\u00e8ncia i defensa de drets.&nbsp;<\/p>\n\n\n\n<p>Aquests dies hem compartit diferents activitats amb l&#8217;A\u00edda i l&#8217;Ivette \u2013exposici\u00f3, xerrada, taller i visita\u2013 entorn de <a href=\"https:\/\/palaurobert.gencat.cat\/ca\/detall\/noticia\/Relats-de-dictadura\" target=\"_blank\" rel=\"noreferrer noopener\">Relats de dictadura<\/a>, una proposta de Palau Robert conjuntament amb el Ministeri de Relacions Exteriors, l\u2019Ambaixada a Espanya i el Museu de la Mem\u00f2ria i els Drets Humans de Xile.<\/p>\n\n\n\n<p>Durant la conversa amb l&#8217;Ivette, vam descobrir paral\u00b7lelismes en el naixement dels barris de Huamachuco i Sant Roc. Aquestes coincid\u00e8ncies ens van emocionar tot fent un recorregut per l&#8217;Ateneu, una experi\u00e8ncia molt enriquidora que ens ha tornat a connectar dins d\u2019aquesta m\u00e0gica xarxa, en veu d\u2019arpillera.<\/p>\n\n\n\n<figure class=\"wp-block-gallery has-nested-images columns-default is-cropped wp-block-gallery-1 is-layout-flex wp-block-gallery-is-layout-flex\">\n<figure class=\"wp-block-image size-large\"><img loading=\"lazy\" decoding=\"async\" width=\"1024\" height=\"640\" data-id=\"68617\" src=\"https:\/\/fundacioateneusantroc.org\/wp-content\/uploads\/2025-jornades-palau-robert-8.jpg\" alt=\"\" class=\"wp-image-68617\" srcset=\"https:\/\/fundacioateneusantroc.org\/wp-content\/uploads\/2025-jornades-palau-robert-8.jpg 1024w, https:\/\/fundacioateneusantroc.org\/wp-content\/uploads\/2025-jornades-palau-robert-8-300x188.jpg 300w, https:\/\/fundacioateneusantroc.org\/wp-content\/uploads\/2025-jornades-palau-robert-8-768x480.jpg 768w\" sizes=\"auto, (max-width: 1024px) 100vw, 1024px\" \/><\/figure>\n\n\n\n<figure class=\"wp-block-image size-large\"><img loading=\"lazy\" decoding=\"async\" width=\"1024\" height=\"640\" data-id=\"68609\" src=\"https:\/\/fundacioateneusantroc.org\/wp-content\/uploads\/2025-jornades-palau-robert-3.jpg\" alt=\"\" class=\"wp-image-68609\" srcset=\"https:\/\/fundacioateneusantroc.org\/wp-content\/uploads\/2025-jornades-palau-robert-3.jpg 1024w, https:\/\/fundacioateneusantroc.org\/wp-content\/uploads\/2025-jornades-palau-robert-3-300x188.jpg 300w, https:\/\/fundacioateneusantroc.org\/wp-content\/uploads\/2025-jornades-palau-robert-3-768x480.jpg 768w\" sizes=\"auto, (max-width: 1024px) 100vw, 1024px\" \/><\/figure>\n\n\n\n<figure class=\"wp-block-image size-large\"><img loading=\"lazy\" decoding=\"async\" width=\"1024\" height=\"640\" data-id=\"68607\" src=\"https:\/\/fundacioateneusantroc.org\/wp-content\/uploads\/2025-jornades-palau-robert-2.jpg\" alt=\"\" class=\"wp-image-68607\" srcset=\"https:\/\/fundacioateneusantroc.org\/wp-content\/uploads\/2025-jornades-palau-robert-2.jpg 1024w, https:\/\/fundacioateneusantroc.org\/wp-content\/uploads\/2025-jornades-palau-robert-2-300x188.jpg 300w, https:\/\/fundacioateneusantroc.org\/wp-content\/uploads\/2025-jornades-palau-robert-2-768x480.jpg 768w\" sizes=\"auto, (max-width: 1024px) 100vw, 1024px\" \/><\/figure>\n\n\n\n<figure class=\"wp-block-image size-large\"><img loading=\"lazy\" decoding=\"async\" width=\"1024\" height=\"640\" data-id=\"68615\" src=\"https:\/\/fundacioateneusantroc.org\/wp-content\/uploads\/2025-jornades-palau-robert-7.jpg\" alt=\"\" class=\"wp-image-68615\" srcset=\"https:\/\/fundacioateneusantroc.org\/wp-content\/uploads\/2025-jornades-palau-robert-7.jpg 1024w, https:\/\/fundacioateneusantroc.org\/wp-content\/uploads\/2025-jornades-palau-robert-7-300x188.jpg 300w, https:\/\/fundacioateneusantroc.org\/wp-content\/uploads\/2025-jornades-palau-robert-7-768x480.jpg 768w\" sizes=\"auto, (max-width: 1024px) 100vw, 1024px\" \/><\/figure>\n\n\n\n<figure class=\"wp-block-image size-large\"><img loading=\"lazy\" decoding=\"async\" width=\"1024\" height=\"460\" data-id=\"68605\" src=\"https:\/\/fundacioateneusantroc.org\/wp-content\/uploads\/2025-jornades-palau-robert-1-1024x460.jpg\" alt=\"\" class=\"wp-image-68605\" srcset=\"https:\/\/fundacioateneusantroc.org\/wp-content\/uploads\/2025-jornades-palau-robert-1-1024x460.jpg 1024w, https:\/\/fundacioateneusantroc.org\/wp-content\/uploads\/2025-jornades-palau-robert-1-300x135.jpg 300w, https:\/\/fundacioateneusantroc.org\/wp-content\/uploads\/2025-jornades-palau-robert-1-768x345.jpg 768w, https:\/\/fundacioateneusantroc.org\/wp-content\/uploads\/2025-jornades-palau-robert-1.jpg 1200w\" sizes=\"auto, (max-width: 1024px) 100vw, 1024px\" \/><\/figure>\n\n\n\n<figure class=\"wp-block-image size-large\"><img loading=\"lazy\" decoding=\"async\" width=\"1024\" height=\"640\" data-id=\"68611\" src=\"https:\/\/fundacioateneusantroc.org\/wp-content\/uploads\/2025-jornades-palau-robert-5.jpg\" alt=\"\" class=\"wp-image-68611\" srcset=\"https:\/\/fundacioateneusantroc.org\/wp-content\/uploads\/2025-jornades-palau-robert-5.jpg 1024w, https:\/\/fundacioateneusantroc.org\/wp-content\/uploads\/2025-jornades-palau-robert-5-300x188.jpg 300w, https:\/\/fundacioateneusantroc.org\/wp-content\/uploads\/2025-jornades-palau-robert-5-768x480.jpg 768w\" sizes=\"auto, (max-width: 1024px) 100vw, 1024px\" \/><\/figure>\n\n\n\n<figure class=\"wp-block-image size-large\"><img loading=\"lazy\" decoding=\"async\" width=\"1024\" height=\"640\" data-id=\"68613\" src=\"https:\/\/fundacioateneusantroc.org\/wp-content\/uploads\/2025-jornades-palau-robert-6.jpg\" alt=\"\" class=\"wp-image-68613\" srcset=\"https:\/\/fundacioateneusantroc.org\/wp-content\/uploads\/2025-jornades-palau-robert-6.jpg 1024w, https:\/\/fundacioateneusantroc.org\/wp-content\/uploads\/2025-jornades-palau-robert-6-300x188.jpg 300w, https:\/\/fundacioateneusantroc.org\/wp-content\/uploads\/2025-jornades-palau-robert-6-768x480.jpg 768w\" sizes=\"auto, (max-width: 1024px) 100vw, 1024px\" \/><\/figure>\n<\/figure>\n\n\n\n<div class=\"wp-block-group\"><div class=\"wp-block-group__inner-container is-layout-constrained wp-block-group-is-layout-constrained\">\n<div style=\"height:36px\" aria-hidden=\"true\" class=\"wp-block-spacer\"><\/div>\n\n\n\n<div class=\"wp-block-columns is-layout-flex wp-container-core-columns-is-layout-9d6595d7 wp-block-columns-is-layout-flex\">\n<div class=\"wp-block-column is-layout-flow wp-block-column-is-layout-flow\">\n<div class=\"wp-block-buttons is-content-justification-center is-layout-flex wp-container-core-buttons-is-layout-16018d1d wp-block-buttons-is-layout-flex\">\n<div class=\"wp-block-button\"><a class=\"wp-block-button__link wp-element-button\" href=\"https:\/\/fundacioateneusantroc.org\/es\/arpilleras\/\">Volver a arpilleras<\/a><\/div>\n<\/div>\n<\/div>\n<\/div>\n<\/div><\/div>\n","protected":false},"excerpt":{"rendered":"<p>El dilluns passat ens va visitar l&#8217;Ivette Quezada, com a representant de la Casa de la [&hellip;]<\/p>\n","protected":false},"author":2,"featured_media":68603,"comment_status":"open","ping_status":"open","sticky":false,"template":"","format":"standard","meta":{"footnotes":""},"categories":[787,1],"tags":[],"class_list":["post-68579","post","type-post","status-publish","format-standard","has-post-thumbnail","hentry","category-les-arpilleres","category-actualitat"],"_links":{"self":[{"href":"https:\/\/fundacioateneusantroc.org\/es\/wp-json\/wp\/v2\/posts\/68579","targetHints":{"allow":["GET"]}}],"collection":[{"href":"https:\/\/fundacioateneusantroc.org\/es\/wp-json\/wp\/v2\/posts"}],"about":[{"href":"https:\/\/fundacioateneusantroc.org\/es\/wp-json\/wp\/v2\/types\/post"}],"author":[{"embeddable":true,"href":"https:\/\/fundacioateneusantroc.org\/es\/wp-json\/wp\/v2\/users\/2"}],"replies":[{"embeddable":true,"href":"https:\/\/fundacioateneusantroc.org\/es\/wp-json\/wp\/v2\/comments?post=68579"}],"version-history":[{"count":9,"href":"https:\/\/fundacioateneusantroc.org\/es\/wp-json\/wp\/v2\/posts\/68579\/revisions"}],"predecessor-version":[{"id":68842,"href":"https:\/\/fundacioateneusantroc.org\/es\/wp-json\/wp\/v2\/posts\/68579\/revisions\/68842"}],"wp:featuredmedia":[{"embeddable":true,"href":"https:\/\/fundacioateneusantroc.org\/es\/wp-json\/wp\/v2\/media\/68603"}],"wp:attachment":[{"href":"https:\/\/fundacioateneusantroc.org\/es\/wp-json\/wp\/v2\/media?parent=68579"}],"wp:term":[{"taxonomy":"category","embeddable":true,"href":"https:\/\/fundacioateneusantroc.org\/es\/wp-json\/wp\/v2\/categories?post=68579"},{"taxonomy":"post_tag","embeddable":true,"href":"https:\/\/fundacioateneusantroc.org\/es\/wp-json\/wp\/v2\/tags?post=68579"}],"curies":[{"name":"wp","href":"https:\/\/api.w.org\/{rel}","templated":true}]}}