{"id":68590,"date":"2025-05-19T00:27:18","date_gmt":"2025-05-18T22:27:18","guid":{"rendered":"https:\/\/fundacioateneusantroc.org\/?p=68590"},"modified":"2025-05-21T00:27:57","modified_gmt":"2025-05-20T22:27:57","slug":"rapsodes-a-sant-roc-poesia-i-emocions","status":"publish","type":"post","link":"https:\/\/fundacioateneusantroc.org\/es\/rapsodes-a-sant-roc-poesia-i-emocions\/","title":{"rendered":"Rapsodes a Sant Roc, poesia i emocions"},"content":{"rendered":"\n<p>Fa uns anys que el Centre obert Joves dedica una tarda de primavera per a expressar sentiments i emocions a trav\u00e9s de la poesia. No obstant aix\u00f2, no nom\u00e9s gaudeix el jovent, petits i grans s\u00f3n convidats a participar i fer volar les seves paraules.<\/p>\n\n\n\n<p>Us compartim unes reflexions de les educadores que acompanyen infants i joves en aquesta jornada tan especial.<\/p>\n\n\n\n<p>&#8220;La poesia a la gent li fa com por. Diuen que \u00e9s molt dif\u00edcil. Per\u00f2 la poesia no \u00e9s dif\u00edcil i qualsevol criatura pot seguir-ho.<\/p>\n\n\n\n<p>Es tracta de veure com pots dir una cosa dient-la de tal manera que faci bonic, o que soni d\u2019una manera determinada, \u00e9s fixar-se en com es diuen les paraules, veure que les paraules tenen un so i que, fer una poesia \u00e9s buscar el so de les paraules.&#8221;<\/p>\n\n\n\n<p class=\"has-text-align-right\"><em>Coloma Lleal&nbsp;<\/em><\/p>\n\n\n\n<p>&#8220;Un rapsoda \u00e9s la persona que recita un poema. I el recita perqu\u00e8 les altres persones que l\u2019escolten&#8230; el puguin sentir a prop, el puguin gaudir i puguin rebre aquest significat, aquesta emoci\u00f3. Els els infants, els joves, totes les participants, en aquesta ocasi\u00f3, des de fa uns anys, es converteixen en Rapsodes. I pensem que \u00e9s interessant perqu\u00e8 apropa la poesia a un nivell vital. No nom\u00e9s acad\u00e8mic, on a l\u2019escola han d\u2019estudiar un poema, la m\u00e8trica, sin\u00f3 que els fa divertir-se, els fa sentir, que poden fer-ho. Els fa sentir capa\u00e7os de llegir, d\u2019expressar, de sortir en p\u00fablic.<\/p>\n\n\n\n<p>Llavors un rapsoda, \u00e9s aix\u00f2 i \u00e9s el que fan ells i elles.&#8221;<\/p>\n\n\n\n<p class=\"has-text-align-right\"><em>Maite Do\u00f1\u00e1gueda<\/em><\/p>\n\n\n\n<figure class=\"wp-block-gallery has-nested-images columns-default is-cropped wp-block-gallery-1 is-layout-flex wp-block-gallery-is-layout-flex\">\n<figure class=\"wp-block-image size-large\"><img loading=\"lazy\" decoding=\"async\" width=\"1024\" height=\"640\" data-id=\"68631\" src=\"https:\/\/fundacioateneusantroc.org\/wp-content\/uploads\/2025-rapsodes-1.jpg\" alt=\"\" class=\"wp-image-68631\" srcset=\"https:\/\/fundacioateneusantroc.org\/wp-content\/uploads\/2025-rapsodes-1.jpg 1024w, https:\/\/fundacioateneusantroc.org\/wp-content\/uploads\/2025-rapsodes-1-300x188.jpg 300w, https:\/\/fundacioateneusantroc.org\/wp-content\/uploads\/2025-rapsodes-1-768x480.jpg 768w\" sizes=\"auto, (max-width: 1024px) 100vw, 1024px\" \/><\/figure>\n\n\n\n<figure class=\"wp-block-image size-large\"><img loading=\"lazy\" decoding=\"async\" width=\"1024\" height=\"640\" data-id=\"68635\" src=\"https:\/\/fundacioateneusantroc.org\/wp-content\/uploads\/2025-rapsodes-3.jpg\" alt=\"\" class=\"wp-image-68635\" srcset=\"https:\/\/fundacioateneusantroc.org\/wp-content\/uploads\/2025-rapsodes-3.jpg 1024w, https:\/\/fundacioateneusantroc.org\/wp-content\/uploads\/2025-rapsodes-3-300x188.jpg 300w, https:\/\/fundacioateneusantroc.org\/wp-content\/uploads\/2025-rapsodes-3-768x480.jpg 768w\" sizes=\"auto, (max-width: 1024px) 100vw, 1024px\" \/><\/figure>\n<\/figure>\n\n\n\n<figure class=\"wp-block-embed is-type-video is-provider-youtube wp-block-embed-youtube wp-embed-aspect-16-9 wp-has-aspect-ratio\"><div class=\"wp-block-embed__wrapper\">\n<iframe loading=\"lazy\" title=\"Rapsodes 2025\" width=\"500\" height=\"281\" src=\"https:\/\/www.youtube.com\/embed\/hgBrzY0Bs6M?feature=oembed\" frameborder=\"0\" allow=\"accelerometer; autoplay; clipboard-write; encrypted-media; gyroscope; picture-in-picture; web-share\" referrerpolicy=\"strict-origin-when-cross-origin\" allowfullscreen><\/iframe>\n<\/div><\/figure>\n","protected":false},"excerpt":{"rendered":"<p>Fa uns anys que el Centre obert Joves dedica una tarda de primavera per a expressar [&hellip;]<\/p>\n","protected":false},"author":2,"featured_media":68633,"comment_status":"open","ping_status":"open","sticky":false,"template":"","format":"standard","meta":{"footnotes":""},"categories":[1],"tags":[1609,734,1366],"class_list":["post-68590","post","type-post","status-publish","format-standard","has-post-thumbnail","hentry","category-actualitat","tag-centre-obert-joves","tag-dinamitzacio-sociocultural","tag-festes-de-primavera"],"_links":{"self":[{"href":"https:\/\/fundacioateneusantroc.org\/es\/wp-json\/wp\/v2\/posts\/68590","targetHints":{"allow":["GET"]}}],"collection":[{"href":"https:\/\/fundacioateneusantroc.org\/es\/wp-json\/wp\/v2\/posts"}],"about":[{"href":"https:\/\/fundacioateneusantroc.org\/es\/wp-json\/wp\/v2\/types\/post"}],"author":[{"embeddable":true,"href":"https:\/\/fundacioateneusantroc.org\/es\/wp-json\/wp\/v2\/users\/2"}],"replies":[{"embeddable":true,"href":"https:\/\/fundacioateneusantroc.org\/es\/wp-json\/wp\/v2\/comments?post=68590"}],"version-history":[{"count":3,"href":"https:\/\/fundacioateneusantroc.org\/es\/wp-json\/wp\/v2\/posts\/68590\/revisions"}],"predecessor-version":[{"id":68637,"href":"https:\/\/fundacioateneusantroc.org\/es\/wp-json\/wp\/v2\/posts\/68590\/revisions\/68637"}],"wp:featuredmedia":[{"embeddable":true,"href":"https:\/\/fundacioateneusantroc.org\/es\/wp-json\/wp\/v2\/media\/68633"}],"wp:attachment":[{"href":"https:\/\/fundacioateneusantroc.org\/es\/wp-json\/wp\/v2\/media?parent=68590"}],"wp:term":[{"taxonomy":"category","embeddable":true,"href":"https:\/\/fundacioateneusantroc.org\/es\/wp-json\/wp\/v2\/categories?post=68590"},{"taxonomy":"post_tag","embeddable":true,"href":"https:\/\/fundacioateneusantroc.org\/es\/wp-json\/wp\/v2\/tags?post=68590"}],"curies":[{"name":"wp","href":"https:\/\/api.w.org\/{rel}","templated":true}]}}