{"id":68718,"date":"2025-06-28T12:52:02","date_gmt":"2025-06-28T10:52:02","guid":{"rendered":"https:\/\/fundacioateneusantroc.org\/?p=68718"},"modified":"2025-07-14T19:18:19","modified_gmt":"2025-07-14T17:18:19","slug":"shan-shan-yang","status":"publish","type":"post","link":"https:\/\/fundacioateneusantroc.org\/es\/shan-shan-yang\/","title":{"rendered":"Shanshan Yang"},"content":{"rendered":"\n<p>Al llarg del temps, hem contemplat l\u2019evoluci\u00f3 i el creixement de la Shanshan Yang. Aturar-nos a pensar en ella ens connecta amb l\u2019organitzaci\u00f3, la perseveran\u00e7a, la participaci\u00f3, per\u00f2 sobretot amb el <strong>comprom\u00eds<\/strong>.<\/p>\n\n\n\n<p>La Shanshan va comen\u00e7ar a l\u2019Ateneu al projecte Aula oberta, amb nou anys, i ha anat formant part de diferents espais: l\u2019Esplai Borinot, el Centre obert Joves, els casals d\u2019estiu, les rutes\u2026 sempre disposada a superar-se.<\/p>\n\n\n\n<p>Ha estat, tamb\u00e9, protagonista de moments importants com el Pessebre vivent, Rapsodes, la Fira de Sant Roc\u2026 un exemple d\u2019implicaci\u00f3 a l\u2019Ateneu.<\/p>\n\n\n\n<p>Des de ben petita ha sigut treballadora i amb ganes d\u2019aprendre cada dia m\u00e9s, llegir, estudiar o compaginar l\u2019escola amb els estudis de la llengua xinesa. Disposada a donar un cop de m\u00e0 als seus germans i al grup d\u2019iguals, gaudeix molt dels espais grupals i d\u2019una bona conversa amb les seves companyes. Sempre amb un somriure!<\/p>\n\n\n\n<p>Entusiasta i res conformista, tant en l\u2019\u00e0mbit personal com educatiu i acad\u00e8mic, va cursar els quatre anys de l\u2019ESO de manera excel\u00b7lent, i al Batxillerat Cient\u00edfic ha aconseguit un 10 al treball de recerca i unes notes finals molt bones, que li obren les portes a les PAU (Proves d\u2019Acc\u00e9s a la Universitat).<\/p>\n\n\n\n<p>Compartim amb ella la il\u00b7lusi\u00f3 per la nova etapa formativa que iniciar\u00e0, amb nous reptes i aprenentatges. Ben segur que les seves experi\u00e8ncies oferiran formes noves d\u2019implicaci\u00f3 a l\u2019Ateneu. Amb molta alegria, desitgem continuar construint amb ella moments significatius!<\/p>\n\n\n\n<p class=\"has-text-align-left\">Endavant!<\/p>\n\n\n\n<p class=\"has-text-align-right\"><em>Mireia Alcaina i Maite Do\u00f1\u00e1gueda (5 de juny de 2025)<\/em><\/p>\n","protected":false},"excerpt":{"rendered":"<p>Al llarg del temps, hem contemplat l\u2019evoluci\u00f3 i el creixement de la Shanshan Yang. Aturar-nos a [&hellip;]<\/p>\n","protected":false},"author":2,"featured_media":68859,"comment_status":"open","ping_status":"open","sticky":false,"template":"","format":"standard","meta":{"footnotes":""},"categories":[1,1089],"tags":[1609,147],"class_list":["post-68718","post","type-post","status-publish","format-standard","has-post-thumbnail","hentry","category-actualitat","category-retrats","tag-centre-obert-joves","tag-voluntariat"],"_links":{"self":[{"href":"https:\/\/fundacioateneusantroc.org\/es\/wp-json\/wp\/v2\/posts\/68718","targetHints":{"allow":["GET"]}}],"collection":[{"href":"https:\/\/fundacioateneusantroc.org\/es\/wp-json\/wp\/v2\/posts"}],"about":[{"href":"https:\/\/fundacioateneusantroc.org\/es\/wp-json\/wp\/v2\/types\/post"}],"author":[{"embeddable":true,"href":"https:\/\/fundacioateneusantroc.org\/es\/wp-json\/wp\/v2\/users\/2"}],"replies":[{"embeddable":true,"href":"https:\/\/fundacioateneusantroc.org\/es\/wp-json\/wp\/v2\/comments?post=68718"}],"version-history":[{"count":7,"href":"https:\/\/fundacioateneusantroc.org\/es\/wp-json\/wp\/v2\/posts\/68718\/revisions"}],"predecessor-version":[{"id":69398,"href":"https:\/\/fundacioateneusantroc.org\/es\/wp-json\/wp\/v2\/posts\/68718\/revisions\/69398"}],"wp:featuredmedia":[{"embeddable":true,"href":"https:\/\/fundacioateneusantroc.org\/es\/wp-json\/wp\/v2\/media\/68859"}],"wp:attachment":[{"href":"https:\/\/fundacioateneusantroc.org\/es\/wp-json\/wp\/v2\/media?parent=68718"}],"wp:term":[{"taxonomy":"category","embeddable":true,"href":"https:\/\/fundacioateneusantroc.org\/es\/wp-json\/wp\/v2\/categories?post=68718"},{"taxonomy":"post_tag","embeddable":true,"href":"https:\/\/fundacioateneusantroc.org\/es\/wp-json\/wp\/v2\/tags?post=68718"}],"curies":[{"name":"wp","href":"https:\/\/api.w.org\/{rel}","templated":true}]}}