{"id":68817,"date":"2025-06-03T11:25:20","date_gmt":"2025-06-03T09:25:20","guid":{"rendered":"https:\/\/fundacioateneusantroc.org\/?p=68817"},"modified":"2025-07-09T12:49:19","modified_gmt":"2025-07-09T10:49:19","slug":"menos-condor-y-mas-huemul","status":"publish","type":"post","link":"https:\/\/fundacioateneusantroc.org\/es\/menos-condor-y-mas-huemul\/","title":{"rendered":"Menys c\u00f2ndor i m\u00e9s huemul"},"content":{"rendered":"\n<h2 class=\"wp-block-heading\"> Mem\u00f2ria i resist\u00e8ncia t\u00e8xtil en la investigaci\u00f3 art\u00edstica comunit\u00e0ria de Dani Negri<\/h2>\n\n\n\n<p><strong>EXPOSICI\u00d3: Menys c\u00f2ndor i m\u00e9s huemul \u00b7  Mem\u00f2ria i resist\u00e8ncia t\u00e8xtil en la investigaci\u00f3 art\u00edstica comunit\u00e0ria de Dani Negri<br>Del 3 al 30 de juliol de 2025<br>Lloc: laBonne (Barcelona)<br>Organitza: laBonne<br>Comiss\u00e0ria: Dani Negri<br>Inauguraci\u00f3: 3\/07\/2025<\/strong><\/p>\n\n\n\n<p>Les arpilleres i tapissos comunitaris exhibits a la Bonne s\u00f3n testimonis vius de processos de creaci\u00f3 t\u00e8xtil de base social comunit\u00e0ria, el fil conductor d&#8217;aquests t\u00e8xtils \u00e9s la insist\u00e8ncia en la construcci\u00f3 d&#8217;una trama de possibilitats per imaginar i habitar la nostra actualitat des de l&#8217;emoci\u00f3 i la sensibilitat. Entre els innombrables fils que sostenen aquesta trama t\u00e8xtil podem anomenar la pau, l&#8217;amor, les cures, la solidaritat, la mem\u00f2ria viva, l&#8217;esperan\u00e7a, la col\u00b7laboraci\u00f3 i la just\u00edcia social.<\/p>\n\n\n\n<p>Davant la inseguretat d&#8217;un futur a estones improbable, l&#8217;exposici\u00f3\u00a0<em>Menys c\u00f2ndor i m\u00e9s huemul<\/em> \u00b7 Mem\u00f2ria i resist\u00e8ncia t\u00e8xtil en la investigaci\u00f3 art\u00edstica comunit\u00e0ria de <a href=\"https:\/\/artecomunitario.wixsite.com\/daninegri\" target=\"_blank\" rel=\"noreferrer noopener\">Dani Negri<\/a>\u00a0\u00e9s una invitaci\u00f3 a reimaginar el nostre futur, a trav\u00e9s de la trobada de poemes de Gabriela Mistral i tapissos constru\u00efts per diverses sensibilitats, amb la delicadesa de comunitats organitzades, amb l&#8217;horitz\u00f3 com\u00fa de \u201cbrodar all\u00f2 que no ha estat nomenat per la hist\u00f2ria oficial\u201d.<\/p>\n\n\n\n<p>Les col\u00b7lectivitats, organitzacions i institucions que han acompanyat aquests processos de creaci\u00f3 i que actualment tenen cura d&#8217;aquests t\u00e8xtils comparteixen la metodologia de creaci\u00f3 t\u00e8xtil comunit\u00e0ria, per\u00f2 la varietat territorial i cultural dels seus contextos de creaci\u00f3 ens permeten endinsar-nos en la diversitat dels paisatges i en les mem\u00f2ries de les persones organitzades al voltant de la Cooperativa La Fundici\u00f3 (L&#8217;Hospitalet), Collettivo Aquila Reale (Licenza &#8211; Italia), Archivo Emotivo amateur &#8211; colectivo Nido Textil (Santiago &#8211; Xile), Conflict T\u00e8xtils (Irlanda del nord) i <strong>Arpilleristes de la Fundaci\u00f3 Ateneu Sant Roc <\/strong>(Badalona).<\/p>\n\n\n\n<p>En aquesta exposici\u00f3 hi trobem <em><a href=\"https:\/\/fundacioateneusantroc.org\/coleccions\/posar-fil-a-lagulla\/\">Posar fil a l\u2019agulla<\/a><\/em>, una arpillera elaborada pel grup d\u2019Arpilleres de l\u2019Ateneu Sant Roc. Aquesta obra, confeccionada amb robes i fils, representa el treball comunitari que duu a terme la nostra entitat per afavorir la cohesi\u00f3 social al barri de Sant Roc de Badalona.<\/p>\n\n\n\n<figure class=\"wp-block-gallery has-nested-images columns-2 is-cropped wp-block-gallery-1 is-layout-flex wp-block-gallery-is-layout-flex\">\n<figure class=\"wp-block-image size-large\"><img loading=\"lazy\" decoding=\"async\" width=\"1024\" height=\"640\" data-id=\"69307\" src=\"https:\/\/fundacioateneusantroc.org\/wp-content\/uploads\/2025-menos-condor-4.jpg\" alt=\"\" class=\"wp-image-69307\" srcset=\"https:\/\/fundacioateneusantroc.org\/wp-content\/uploads\/2025-menos-condor-4.jpg 1024w, https:\/\/fundacioateneusantroc.org\/wp-content\/uploads\/2025-menos-condor-4-300x188.jpg 300w, https:\/\/fundacioateneusantroc.org\/wp-content\/uploads\/2025-menos-condor-4-768x480.jpg 768w\" sizes=\"auto, (max-width: 1024px) 100vw, 1024px\" \/><\/figure>\n\n\n\n<figure class=\"wp-block-image size-large\"><img loading=\"lazy\" decoding=\"async\" width=\"1024\" height=\"640\" data-id=\"69305\" src=\"https:\/\/fundacioateneusantroc.org\/wp-content\/uploads\/2025-menos-condor-3.jpg\" alt=\"\" class=\"wp-image-69305\" srcset=\"https:\/\/fundacioateneusantroc.org\/wp-content\/uploads\/2025-menos-condor-3.jpg 1024w, https:\/\/fundacioateneusantroc.org\/wp-content\/uploads\/2025-menos-condor-3-300x188.jpg 300w, https:\/\/fundacioateneusantroc.org\/wp-content\/uploads\/2025-menos-condor-3-768x480.jpg 768w\" sizes=\"auto, (max-width: 1024px) 100vw, 1024px\" \/><\/figure>\n\n\n\n<figure class=\"wp-block-image size-large\"><img loading=\"lazy\" decoding=\"async\" width=\"1024\" height=\"640\" data-id=\"69301\" src=\"https:\/\/fundacioateneusantroc.org\/wp-content\/uploads\/2025-menos-condor-2.jpg\" alt=\"\" class=\"wp-image-69301\" srcset=\"https:\/\/fundacioateneusantroc.org\/wp-content\/uploads\/2025-menos-condor-2.jpg 1024w, https:\/\/fundacioateneusantroc.org\/wp-content\/uploads\/2025-menos-condor-2-300x188.jpg 300w, https:\/\/fundacioateneusantroc.org\/wp-content\/uploads\/2025-menos-condor-2-768x480.jpg 768w\" sizes=\"auto, (max-width: 1024px) 100vw, 1024px\" \/><\/figure>\n<\/figure>\n\n\n\n<h2 class=\"wp-block-heading\">Activitats associades<\/h2>\n\n\n\n<ul class=\"wp-block-list\">\n<li>3\/07\/2025 Trobada amb Sindillar, en colaboraci\u00f3 amb Laurel 31 Econom\u00edas Silvestres<\/li>\n\n\n\n<li>3\/07\/2025 Inauguraci\u00f3 a las 17.00 h<\/li>\n\n\n\n<li>4\/07\/2025 <a href=\"https:\/\/contesteddesires.eu\/\" target=\"_blank\" rel=\"noreferrer noopener\">Workshop\/artist sharing&nbsp;Contested Desires&nbsp;a las 15:30<\/a><\/li>\n\n\n\n<li>Projecci\u00f3 de documentals \u201cAzul de Cielo y Mar\u201d i \u201cRecetario\u201d d&#8217;Atlas Productora, i \u201cLa parte de atr\u00e1s de la arpillera\u201d de Soledad Mu\u00f1oz<\/li>\n\n\n\n<li>7\/07\/2025 Taller de cartografia t\u00e8xtil&nbsp;de&nbsp;16.30 a&nbsp;20.00 h (preu: 20\u20ac)<\/li>\n\n\n\n<li>14\/07\/2025 Taller de mediaci\u00f3 per a infants&nbsp; a las 17.30 h (preu: 5\u20ac)<\/li>\n\n\n\n<li>Mostra simult\u00e0nia en Laurel 31 Econom\u00edas Silvestres, L&#8217;Hospitalet en col\u00b7laboraci\u00f3 amb La Fundici\u00f3<\/li>\n<\/ul>\n\n\n\n<h2 class=\"wp-block-heading\">M\u00e9s informaci\u00f3<\/h2>\n\n\n\n<ul class=\"wp-block-list\">\n<li><a href=\"https:\/\/lapartedeatras.com\/\" target=\"_blank\" rel=\"noopener\">https:\/\/lapartedeatras.com\/<\/a><\/li>\n\n\n\n<li><a href=\"https:\/\/lafundicio.net\/\" target=\"_blank\" rel=\"noopener\">https:\/\/lafundicio.net\/<\/a><\/li>\n\n\n\n<li><a href=\"https:\/\/laquilarealelicenza.org\/\" target=\"_blank\" rel=\"noopener\">https:\/\/laquilarealelicenza.org\/<\/a><\/li>\n\n\n\n<li><a href=\"https:\/\/labonne.org\/exposicio-menys-condor-i-mes-huemul-de-dani-negri\/\" target=\"_blank\" rel=\"noopener\">https:\/\/labonne.org\/exposicio-menys-condor-i-mes-huemul-de-dani-negri\/<\/a><\/li>\n<\/ul>\n\n\n\n<div class=\"wp-block-group\"><div class=\"wp-block-group__inner-container is-layout-constrained wp-block-group-is-layout-constrained\">\n<div style=\"height:36px\" aria-hidden=\"true\" class=\"wp-block-spacer\"><\/div>\n\n\n\n<div class=\"wp-block-columns is-layout-flex wp-container-core-columns-is-layout-9d6595d7 wp-block-columns-is-layout-flex\">\n<div class=\"wp-block-column is-layout-flow wp-block-column-is-layout-flow\">\n<div class=\"wp-block-buttons is-content-justification-center is-layout-flex wp-container-core-buttons-is-layout-16018d1d wp-block-buttons-is-layout-flex\">\n<div class=\"wp-block-button\"><a class=\"wp-block-button__link wp-element-button\" href=\"https:\/\/fundacioateneusantroc.org\/es\/arpilleras\/\">Volver a arpilleras<\/a><\/div>\n<\/div>\n<\/div>\n<\/div>\n<\/div><\/div>\n\n\n\n<p><\/p>\n","protected":false},"excerpt":{"rendered":"<p>Mem\u00f2ria i resist\u00e8ncia t\u00e8xtil en la investigaci\u00f3 art\u00edstica comunit\u00e0ria de Dani Negri EXPOSICI\u00d3: Menys c\u00f2ndor i [&hellip;]<\/p>\n","protected":false},"author":2,"featured_media":69303,"comment_status":"open","ping_status":"open","sticky":false,"template":"","format":"standard","meta":{"footnotes":""},"categories":[787,1],"tags":[734],"class_list":["post-68817","post","type-post","status-publish","format-standard","has-post-thumbnail","hentry","category-les-arpilleres","category-actualitat","tag-dinamitzacio-sociocultural"],"_links":{"self":[{"href":"https:\/\/fundacioateneusantroc.org\/es\/wp-json\/wp\/v2\/posts\/68817","targetHints":{"allow":["GET"]}}],"collection":[{"href":"https:\/\/fundacioateneusantroc.org\/es\/wp-json\/wp\/v2\/posts"}],"about":[{"href":"https:\/\/fundacioateneusantroc.org\/es\/wp-json\/wp\/v2\/types\/post"}],"author":[{"embeddable":true,"href":"https:\/\/fundacioateneusantroc.org\/es\/wp-json\/wp\/v2\/users\/2"}],"replies":[{"embeddable":true,"href":"https:\/\/fundacioateneusantroc.org\/es\/wp-json\/wp\/v2\/comments?post=68817"}],"version-history":[{"count":24,"href":"https:\/\/fundacioateneusantroc.org\/es\/wp-json\/wp\/v2\/posts\/68817\/revisions"}],"predecessor-version":[{"id":69314,"href":"https:\/\/fundacioateneusantroc.org\/es\/wp-json\/wp\/v2\/posts\/68817\/revisions\/69314"}],"wp:featuredmedia":[{"embeddable":true,"href":"https:\/\/fundacioateneusantroc.org\/es\/wp-json\/wp\/v2\/media\/69303"}],"wp:attachment":[{"href":"https:\/\/fundacioateneusantroc.org\/es\/wp-json\/wp\/v2\/media?parent=68817"}],"wp:term":[{"taxonomy":"category","embeddable":true,"href":"https:\/\/fundacioateneusantroc.org\/es\/wp-json\/wp\/v2\/categories?post=68817"},{"taxonomy":"post_tag","embeddable":true,"href":"https:\/\/fundacioateneusantroc.org\/es\/wp-json\/wp\/v2\/tags?post=68817"}],"curies":[{"name":"wp","href":"https:\/\/api.w.org\/{rel}","templated":true}]}}