{"id":69005,"date":"2025-06-05T16:54:32","date_gmt":"2025-06-05T14:54:32","guid":{"rendered":"https:\/\/fundacioateneusantroc.org\/?p=69005"},"modified":"2025-06-05T16:56:55","modified_gmt":"2025-06-05T14:56:55","slug":"linia-sant-roc-acabar-la-feina","status":"publish","type":"post","link":"https:\/\/fundacioateneusantroc.org\/es\/linia-sant-roc-acabar-la-feina\/","title":{"rendered":"L\u00ednia \u2022 Sant Roc: acabar la feina"},"content":{"rendered":"\n<p><a href=\"https:\/\/liniaxarxa.cat\/opinio\/sant-roc-acabar-la-feina-oriol-llado\/\" target=\"_blank\" rel=\"noopener\">Oriol Llad\u00f3 | 4 juny 2025 | <strong>veure article a L\u00ednia <\/strong><\/a><\/p>\n\n\n<div class=\"wp-block-image\">\n<figure class=\"alignright size-full\"><img loading=\"lazy\" decoding=\"async\" width=\"250\" height=\"250\" src=\"https:\/\/fundacioateneusantroc.org\/wp-content\/uploads\/2025-oriol-llado.jpg\" alt=\"\" class=\"wp-image-69006\" srcset=\"https:\/\/fundacioateneusantroc.org\/wp-content\/uploads\/2025-oriol-llado.jpg 250w, https:\/\/fundacioateneusantroc.org\/wp-content\/uploads\/2025-oriol-llado-150x150.jpg 150w\" sizes=\"auto, (max-width: 250px) 100vw, 250px\" \/><\/figure>\n<\/div>\n\n\n<p>Sant Roc \u00e9s un dels barris de Badalona m\u00e9s coneguts fora del seu terme municipal. Amb la Mina, Sant Cosme o Can Anglada, forma part del club de l\u2019estigma urb\u00e0 a Catalunya. S\u00f3n, certament, barris d\u2019alt\u00edssima complexitat, que \u00e9s la freda manera de dir que la gent que hi viu ho passa malament per arribar a final de mes. Llocs on s\u2019arrosseguen problemes de salut, atur o frac\u00e0s escolar arrelats des de fa anys.<\/p>\n\n\n\n<p>Per\u00f2 als seus carrers i places hi trobem tamb\u00e9&nbsp;<a href=\"https:\/\/liniaxarxa.cat\/opinio\/la-suma-poderosa-dels-petits-detalls-oriol-llado\/\" target=\"_blank\" rel=\"noreferrer noopener\">exemples de resist\u00e8ncia (i resili\u00e8ncia) comunit\u00e0ria<\/a>, i casos d\u2019\u00e8xit, malgrat tot. La hist\u00f2ria d\u2019aquest article \u00e9s una hist\u00f2ria d\u2019\u00e8xit, o m\u00e9s ben expressat, una hist\u00f2ria d\u2019\u00e8xit a mig fer.<\/p>\n\n\n\n<p>Constru\u00eft a correcuita entre els seixanta i els setanta per reallotjar ve\u00efns del barraquisme metropolit\u00e0 i de la construcci\u00f3 de la C31, que el parteix en dos, Sant Roc \u00e9s el producte d\u2019una urg\u00e8ncia i d\u2019una construcci\u00f3 de m\u00ednims que no trigaria a mostrar els d\u00e8ficits estructurals. Els 154 blocs i 3.395 pisos aixecats per l\u2019<em>Obra Sindical del Hogar<\/em>, principalment, tornen a l\u2019actualitat als anys noranta amb l\u2019ensorrament d\u2019un bloc al Tur\u00f3 de la Peira, a Barcelona, afectat per una patologia estructural que en aquell moment salta a totes les portades: l\u2019aluminosi. El pol\u00edgon badalon\u00ed \u00e9s un dels que es va construir amb aquest ciment i un dels que, potencialment, presenta m\u00e9s risc. \u00c9s per aix\u00f2 que, en aquell moment, el Govern del pa\u00eds anuncia, l\u2019any 1994, un proc\u00e9s de remodelaci\u00f3 molt ambici\u00f3s. Els primers enderrocs comencen a finals dels noranta, i des d\u2019aleshores fins avui s\u2019han invertit m\u00e9s de 100 milions d\u2019euros per fer 935 habitatges i urbanitzar l\u2019entorn.<\/p>\n\n\n\n<p>No \u00e9s veritat, per tant, que a Sant Roc no s\u2019hi hagi invertit o que hagi estat oblidat. Per\u00f2 s\u00ed que \u00e9s cert que la inversi\u00f3 ha estat parcial \u2013centrada principalment en els aspectes constructius\u2013, discontinuada, sense referents clars (amb un Consorci de gesti\u00f3 promogut, despr\u00e9s fr\u00edvolament abandonat i ara, sembla, tornat a recuperar) i, finalment, incompleta \u2013no ha abra\u00e7at tot el barri.<\/p>\n\n\n\n<p>\u00c9s aquella hist\u00f2ria d\u2019\u00e8xit a mitges que comentava unes l\u00ednies m\u00e9s amunt.<\/p>\n\n\n\n<p>M\u00e9s de mig segle despr\u00e9s del seu naixement, al barri hi conviuen dues realitats urbanes: la del&nbsp;<em>nou Sant Roc<\/em>, sorgit de la renovaci\u00f3 urban\u00edstica iniciada fa m\u00e9s de vint-i-cinc anys, i la del&nbsp;<em>vell Sant Roc<\/em>, que concentra precarietats acumulades i abs\u00e8ncies estructurals i on, de fet, els problemes s\u2019han anat agreujant.<\/p>\n\n\n\n<p>Molts dels pisos d\u2019aquesta zona han acabat convertits en mercaderia de (baixos) fons d\u2019inversi\u00f3, tal com expliquen la gent de&nbsp;<a href=\"https:\/\/www.ara.cat\/societat\/emergencia-social\/tres-jubilats-mimen-sant-roc_130_4615831.html\" target=\"_blank\" rel=\"noreferrer noopener\">Sant Roc Som Badalona<\/a>, l\u2019entitat que lidera la den\u00fancia de la pobresa residencial al sud de Badalona. Fa uns dies,&nbsp;<a href=\"https:\/\/www.3cat.cat\/324\/el-mercat-negre-i-salvatge-del-lloguer-per-a-immigrants-en-barris-degradats-el-cas-de-sant-roc\/noticia\/3351854\/?utm_source=pocket_saves\" target=\"_blank\" rel=\"noreferrer noopener\">TV3 emetia un reportatge<\/a>&nbsp;en qu\u00e8 relatava que en aquesta zona proliferen els lloguers per habitaci\u00f3 i sense garanties legals, en pisos de menys de 50\u202fmetres quadrats on conviuen fins a quinze persones. Una parella del Per\u00fa, entrevistada a la not\u00edcia, detallava la seva experi\u00e8ncia: comparteixen pis amb dues fam\u00edlies m\u00e9s, en condicions d\u2019amuntegament i d\u2019insalubritat. \u201cLa cuina est\u00e0 plena de paneroles. Malauradament, mengem a l\u2019habitaci\u00f3 perqu\u00e8 la sala s\u2019ha convertit en una altra habitaci\u00f3\u201d, deien, amb la veu distorsionada i el rostre amagat per por de repres\u00e0lies dels especuladors que els cobren 550 euros al mes. \u00c9s un cas entre molts de possibles.<\/p>\n\n\n\n<blockquote class=\"wp-block-quote is-layout-flow wp-block-quote-is-layout-flow\">\n<h2 class=\"wp-block-heading\">Sant Roc \u00e9s el&nbsp;s\u00edmptoma&nbsp;d\u2019un problema estructural: la segregaci\u00f3 urbana i la fractura social a dins de la ciutat&nbsp;metropolitana<\/h2>\n<\/blockquote>\n\n\n\n<figure class=\"wp-block-image size-full\"><img loading=\"lazy\" decoding=\"async\" width=\"1024\" height=\"640\" src=\"https:\/\/fundacioateneusantroc.org\/wp-content\/uploads\/2025-sant-roc-llado.jpg\" alt=\"\" class=\"wp-image-69008\" srcset=\"https:\/\/fundacioateneusantroc.org\/wp-content\/uploads\/2025-sant-roc-llado.jpg 1024w, https:\/\/fundacioateneusantroc.org\/wp-content\/uploads\/2025-sant-roc-llado-300x188.jpg 300w, https:\/\/fundacioateneusantroc.org\/wp-content\/uploads\/2025-sant-roc-llado-768x480.jpg 768w\" sizes=\"auto, (max-width: 1024px) 100vw, 1024px\" \/><figcaption class=\"wp-element-caption\">Fotografia de l\u2019autor<\/figcaption><\/figure>\n\n\n\n<p id=\"caption-attachment-80228\">A banda de la crisi immobili\u00e0ria, tamb\u00e9 hi ha el col\u00b7lapse comunitari. Finques sense president, escales sense neteja, plantacions de marihuana que buiden els blocs i que generen talls de llum constants i que accentuen la pobresa energ\u00e8tica. Les ocupacions \u2013al capdavall, conseq\u00fc\u00e8ncia d\u2019un sistema fallit\u2013 nom\u00e9s s\u00f3n la punta de l\u2019iceberg d\u2019una cadena de precarietat que t\u00e9 en el desnonament el seu desenlla\u00e7 m\u00e9s cruel. La majoria de les incid\u00e8ncies tenen lloc a la part vella del barri, mentre que, a la nova, diferents indicadors mostren des de fa anys que les coses comencen, objectivament, a millorar.<\/p>\n\n\n\n<p>En Carles Sagu\u00e9s, una de les persones que lidera Sant Roc Som Badalona, reclamava als mitjans el que sembla obvi. Si va funcionar amb el&nbsp;<em>nou Sant Roc<\/em>&nbsp;i la seva ambiciosa transformaci\u00f3 urbana, per qu\u00e8 no continuar amb el&nbsp;<em>vell Sant Roc<\/em>?<\/p>\n\n\n\n<p>Fa uns mesos, les administracions impulsaven un protocol per repensar com tancar el projecte de rehabilitaci\u00f3 iniciat a finals dels noranta, per\u00f2 deixaven a l\u2019aire la seva continu\u00eftat, m\u00e9s enll\u00e0 d\u2019apuntar algunes actuacions vagues, puntuals i del tot insuficients.<\/p>\n\n\n\n<p>Aqu\u00ed hi ha dues lli\u00e7ons.<\/p>\n\n\n\n<p>La primera: la zona antiga del barri necessita una transformaci\u00f3 radical com la que es va produir des de l\u2019any 2000 a l\u2019altre sector del pol\u00edgon. No n\u2019hi ha prou amb arreglar fa\u00e7anes i instal\u00b7lar ascensors. La degradaci\u00f3 de l\u2019espai p\u00fablic i dels edificis arriba a uns nivells que cal veure-ho per creure-s\u2019ho.<\/p>\n\n\n\n<p>La segona: cal una intervenci\u00f3 integral. Sant Roc t\u00e9 un problema urban\u00edstic i arquitect\u00f2nic, per\u00f2 tamb\u00e9 de tipus social. Catalunya t\u00e9 bona experi\u00e8ncia en pol\u00edtiques urbanes que lliguen diferents perspectives gr\u00e0cies als plans Urban dels noranta i, principalment, gr\u00e0cies a la Llei de Barris del primer tripartit.<\/p>\n\n\n\n<p>La intervenci\u00f3 integral (urbana + ambiental + social) als barris \u00e9s clau, i hi ha feina d\u2019actualitzaci\u00f3 important a tenir en compte amb el pla pilot Barris amb Futur impulsat pel Govern Aragon\u00e8s. L\u2019Eix Bes\u00f2s concentra la majoria dels barris amb els indicadors de vulnerabilitat m\u00e9s extrems de l\u2019\u00e0rea metropolitana. A la nova Llei de Barris (llargament esperada) se li acumula la feina! A Badalona hi destaca Sant Roc i altres barris del sud del municipi, i la&nbsp;<a href=\"https:\/\/x.com\/oriolllado\/status\/1735323807923962354\" target=\"_blank\" rel=\"noreferrer noopener\">Serra d\u2019en Mena<\/a>, a tocar de Santa Coloma.<\/p>\n\n\n\n<p>Recentment,&nbsp;<a href=\"https:\/\/liniaxarxa.cat\/noticies\/pla-barris-illa-preveu-beneficiar-mes-un-centenar-municipis\/\" target=\"_blank\" rel=\"noreferrer noopener\">ha estat not\u00edcia que el Govern ha decidit activar el Pla de Barris<\/a>, amb 1.000 milions d\u2019euros en cinc anys destinats a les zones m\u00e9s vulnerables. La mesura, vinculada a l\u2019aprovaci\u00f3 dels pressupostos del 2026, preveu cinc convocat\u00f2ries de 200 milions d\u2019euros, a les quals es podran presentar els ajuntaments. Ho far\u00e0 el de Badalona?<\/p>\n\n\n\n<p>Sant Roc, Artigues, la Salut Alta i els altres barris de la Serra d\u2019en Mena no s\u00f3n excepcions dins del model urb\u00e0 catal\u00e0, sin\u00f3 s\u00edmptomes d\u2019un problema estructural: la segregaci\u00f3 urbana i la fractura social a dins de la ciutat metropolitana.<\/p>\n\n\n\n<p>Per aix\u00f2 caldr\u00e0 un lideratge fort per part del Govern de la Generalitat, que ha d\u2019aconseguir els acords parlamentaris perqu\u00e8 el Pla de Barris no sigui un altre anunci a l\u2019aire. I far\u00e0 falta, i aix\u00f2 crec que ja \u00e9s m\u00e9s complicat, que el govern de Badalona s\u00e0piga anar m\u00e9s enll\u00e0 dels tuits incendiaris i simplificadors i entengui que el temps \u00e9s esc\u00e0s en zones com Sant Roc. I que governar requereix alguna cosa m\u00e9s que habilitats comunicatives per dir el que la gent vol sentir.<\/p>\n\n\n\n<p>En tot cas, el&nbsp;<em>nou Sant Roc<\/em>&nbsp;ens recorda que les transformacions s\u00f3n possibles. El&nbsp;<em>vell Sant Roc<\/em>&nbsp;ens exigeix acabar-les. Amb mirada llarga, amb comprom\u00eds real i amb coratge pol\u00edtic. Que aquesta hist\u00f2ria d\u2019\u00e8xit no es quedi a mig cam\u00ed. Cal acabar la feina.<\/p>\n\n\n\n<p><\/p>\n","protected":false},"excerpt":{"rendered":"<p>Oriol Llad\u00f3 | 4 juny 2025 | veure article a L\u00ednia Sant Roc \u00e9s un dels [&hellip;]<\/p>\n","protected":false},"author":2,"featured_media":61096,"comment_status":"open","ping_status":"open","sticky":false,"template":"","format":"standard","meta":{"footnotes":""},"categories":[2],"tags":[],"class_list":["post-69005","post","type-post","status-publish","format-standard","has-post-thumbnail","hentry","category-premsa"],"_links":{"self":[{"href":"https:\/\/fundacioateneusantroc.org\/es\/wp-json\/wp\/v2\/posts\/69005","targetHints":{"allow":["GET"]}}],"collection":[{"href":"https:\/\/fundacioateneusantroc.org\/es\/wp-json\/wp\/v2\/posts"}],"about":[{"href":"https:\/\/fundacioateneusantroc.org\/es\/wp-json\/wp\/v2\/types\/post"}],"author":[{"embeddable":true,"href":"https:\/\/fundacioateneusantroc.org\/es\/wp-json\/wp\/v2\/users\/2"}],"replies":[{"embeddable":true,"href":"https:\/\/fundacioateneusantroc.org\/es\/wp-json\/wp\/v2\/comments?post=69005"}],"version-history":[{"count":5,"href":"https:\/\/fundacioateneusantroc.org\/es\/wp-json\/wp\/v2\/posts\/69005\/revisions"}],"predecessor-version":[{"id":69015,"href":"https:\/\/fundacioateneusantroc.org\/es\/wp-json\/wp\/v2\/posts\/69005\/revisions\/69015"}],"wp:featuredmedia":[{"embeddable":true,"href":"https:\/\/fundacioateneusantroc.org\/es\/wp-json\/wp\/v2\/media\/61096"}],"wp:attachment":[{"href":"https:\/\/fundacioateneusantroc.org\/es\/wp-json\/wp\/v2\/media?parent=69005"}],"wp:term":[{"taxonomy":"category","embeddable":true,"href":"https:\/\/fundacioateneusantroc.org\/es\/wp-json\/wp\/v2\/categories?post=69005"},{"taxonomy":"post_tag","embeddable":true,"href":"https:\/\/fundacioateneusantroc.org\/es\/wp-json\/wp\/v2\/tags?post=69005"}],"curies":[{"name":"wp","href":"https:\/\/api.w.org\/{rel}","templated":true}]}}