{"id":69042,"date":"2025-06-01T07:23:52","date_gmt":"2025-06-01T05:23:52","guid":{"rendered":"https:\/\/fundacioateneusantroc.org\/?p=69042"},"modified":"2025-07-02T16:45:38","modified_gmt":"2025-07-02T14:45:38","slug":"sol-fa-nit-de-festa-2025","status":"publish","type":"post","link":"https:\/\/fundacioateneusantroc.org\/es\/sol-fa-nit-de-festa-2025\/","title":{"rendered":"Un &#8220;Sol, fa nits de festa&#8221; per mirar i escoltar"},"content":{"rendered":"\n<p>El Cor de l\u2019Ateneu Sant Roc va oferir el passat divendres 30 de maig un concert que va emocionar tots els assistents. En un ambient acollidor, els cantaires, dirigits per Bernardo Latini, van entonar una selecci\u00f3 de peces que van fer somiar i recordar a molts la bellesa de la m\u00fasica coral. La llum suau, al badiu de la Fundaci\u00f3, combinada amb la calidesa de les veus, van crear una atmosfera m\u00e0gica que va fer que la nit fos especial.<\/p>\n\n\n\n<p>Per aquesta ocasi\u00f3 el Cor&nbsp;ens va convidar&nbsp;a fer un viatge musical i visual per explorar emocions i temes universals a trav\u00e9s del di\u00e0leg entre can\u00e7ons i pintures. Aquest recorregut art\u00edstic i musical explora la relaci\u00f3 entre el so i la imatge, entre la melodia i el pigment, connectant can\u00e7ons amb obres pict\u00f2riques a trav\u00e9s dels seus significats profunds i les emocions que evoquen.<\/p>\n\n\n\n<figure class=\"wp-block-gallery has-nested-images columns-default is-cropped wp-block-gallery-1 is-layout-flex wp-block-gallery-is-layout-flex\">\n<figure class=\"wp-block-image size-large\"><img loading=\"lazy\" decoding=\"async\" width=\"1024\" height=\"640\" data-id=\"69044\" src=\"https:\/\/fundacioateneusantroc.org\/wp-content\/uploads\/2025-sol-fa-nits-1.jpg\" alt=\"\" class=\"wp-image-69044\" srcset=\"https:\/\/fundacioateneusantroc.org\/wp-content\/uploads\/2025-sol-fa-nits-1.jpg 1024w, https:\/\/fundacioateneusantroc.org\/wp-content\/uploads\/2025-sol-fa-nits-1-300x188.jpg 300w, https:\/\/fundacioateneusantroc.org\/wp-content\/uploads\/2025-sol-fa-nits-1-768x480.jpg 768w\" sizes=\"auto, (max-width: 1024px) 100vw, 1024px\" \/><\/figure>\n\n\n\n<figure class=\"wp-block-image size-large\"><img loading=\"lazy\" decoding=\"async\" width=\"1024\" height=\"640\" data-id=\"69046\" src=\"https:\/\/fundacioateneusantroc.org\/wp-content\/uploads\/2025-sol-fa-nits-2.jpg\" alt=\"\" class=\"wp-image-69046\" srcset=\"https:\/\/fundacioateneusantroc.org\/wp-content\/uploads\/2025-sol-fa-nits-2.jpg 1024w, https:\/\/fundacioateneusantroc.org\/wp-content\/uploads\/2025-sol-fa-nits-2-300x188.jpg 300w, https:\/\/fundacioateneusantroc.org\/wp-content\/uploads\/2025-sol-fa-nits-2-768x480.jpg 768w\" sizes=\"auto, (max-width: 1024px) 100vw, 1024px\" \/><\/figure>\n<\/figure>\n\n\n\n<p>Van comen\u00e7ar el concert amb dues can\u00e7ons de taverna, no sense abans convidar a tothom a brindar amb una copa de cava. La primera,<strong>&#8220;La Tricotea&#8221;,<\/strong> es vincula amb <em>&#8220;Joven sosteniendo un vaso y mujer cargando una pipa&#8221;<\/em> de David Teniers. Aquesta escena mostra una quotidianitat popular impregnada d\u2019humor, disbauxa i complicitat. La can\u00e7\u00f3, amb el seu to informal i \u00edntim, sembla m\u00fasica de fons d\u2019aquesta trobada entre amics i dones fortes, teixidores d\u2019hist\u00f2ries i de vincles. En canvi, <strong>&#8220;Tis Women&#8221;<\/strong>, amb el seu contingut cr\u00edtic i sarc\u00e0stic sobre l\u2019alcohol i la hipocresia moral, es relaciona amb el gravat <em>&#8220;Embriaguesa i lasc\u00edvia&#8221;<\/em>, una representaci\u00f3 cr\u00edtica dels vicis humans. Ambdues obres exposen, sense embuts, els excessos i la doble moral, denunciant el rol de la figura femenina\u00a0dins d\u2019una societat patriarcal.<\/p>\n\n\n\n<figure class=\"wp-block-gallery has-nested-images columns-default is-cropped wp-block-gallery-2 is-layout-flex wp-block-gallery-is-layout-flex\">\n<figure class=\"wp-block-image size-large\"><img loading=\"lazy\" decoding=\"async\" width=\"1024\" height=\"640\" data-id=\"69048\" src=\"https:\/\/fundacioateneusantroc.org\/wp-content\/uploads\/2025-sol-fa-nits-3.jpg\" alt=\"\" class=\"wp-image-69048\" srcset=\"https:\/\/fundacioateneusantroc.org\/wp-content\/uploads\/2025-sol-fa-nits-3.jpg 1024w, https:\/\/fundacioateneusantroc.org\/wp-content\/uploads\/2025-sol-fa-nits-3-300x188.jpg 300w, https:\/\/fundacioateneusantroc.org\/wp-content\/uploads\/2025-sol-fa-nits-3-768x480.jpg 768w\" sizes=\"auto, (max-width: 1024px) 100vw, 1024px\" \/><\/figure>\n\n\n\n<figure class=\"wp-block-image size-large\"><img loading=\"lazy\" decoding=\"async\" width=\"1024\" height=\"640\" data-id=\"69050\" src=\"https:\/\/fundacioateneusantroc.org\/wp-content\/uploads\/2025-sol-fa-nits-4.jpg\" alt=\"\" class=\"wp-image-69050\" srcset=\"https:\/\/fundacioateneusantroc.org\/wp-content\/uploads\/2025-sol-fa-nits-4.jpg 1024w, https:\/\/fundacioateneusantroc.org\/wp-content\/uploads\/2025-sol-fa-nits-4-300x188.jpg 300w, https:\/\/fundacioateneusantroc.org\/wp-content\/uploads\/2025-sol-fa-nits-4-768x480.jpg 768w\" sizes=\"auto, (max-width: 1024px) 100vw, 1024px\" \/><\/figure>\n<\/figure>\n\n\n\n<p>A continuaci\u00f3 dues can\u00e7ons catalanes plenes de sensibilitat i tendresa. D\u2019una banda, <strong>&#8220;Collarets de llum&#8221;<\/strong> troba el seu mirall en <em>&#8220;Dona i ocell&#8221;<\/em> de Joan Mir\u00f3. L\u2019obra, plena de s\u00edmbols i formes on\u00edriques, dialoga amb la delicadesa i l\u2019esperan\u00e7a de la can\u00e7\u00f3. Ambdues obres celebren la feminitat, la natura i el misteri, amb una sensibilitat pl\u00e0stica i sonora que captiva i acarona. I despr\u00e9s van interpretar <strong>&#8220;Canta la mare&#8221;<\/strong> associada amb <em>&#8220;A la vora del mar&#8221;<\/em> de Joaqu\u00edn Sorolla. La llum i la tendresa dominen tant la pintura com la can\u00e7\u00f3. En ambdues, la figura materna es presenta com a refugi i transmissora de cultura. Les ones del mar i la veu de la mare abracen en un mateix moviment amor\u00f3s.<\/p>\n\n\n\n<figure class=\"wp-block-gallery has-nested-images columns-default is-cropped wp-block-gallery-3 is-layout-flex wp-block-gallery-is-layout-flex\">\n<figure class=\"wp-block-image size-large\"><img loading=\"lazy\" decoding=\"async\" width=\"1024\" height=\"640\" data-id=\"69052\" src=\"https:\/\/fundacioateneusantroc.org\/wp-content\/uploads\/2025-sol-fa-nits-5.jpg\" alt=\"\" class=\"wp-image-69052\" srcset=\"https:\/\/fundacioateneusantroc.org\/wp-content\/uploads\/2025-sol-fa-nits-5.jpg 1024w, https:\/\/fundacioateneusantroc.org\/wp-content\/uploads\/2025-sol-fa-nits-5-300x188.jpg 300w, https:\/\/fundacioateneusantroc.org\/wp-content\/uploads\/2025-sol-fa-nits-5-768x480.jpg 768w\" sizes=\"auto, (max-width: 1024px) 100vw, 1024px\" \/><\/figure>\n\n\n\n<figure class=\"wp-block-image size-large\"><img loading=\"lazy\" decoding=\"async\" width=\"1024\" height=\"640\" data-id=\"69054\" src=\"https:\/\/fundacioateneusantroc.org\/wp-content\/uploads\/2025-sol-fa-nits-6.jpg\" alt=\"\" class=\"wp-image-69054\" srcset=\"https:\/\/fundacioateneusantroc.org\/wp-content\/uploads\/2025-sol-fa-nits-6.jpg 1024w, https:\/\/fundacioateneusantroc.org\/wp-content\/uploads\/2025-sol-fa-nits-6-300x188.jpg 300w, https:\/\/fundacioateneusantroc.org\/wp-content\/uploads\/2025-sol-fa-nits-6-768x480.jpg 768w\" sizes=\"auto, (max-width: 1024px) 100vw, 1024px\" \/><\/figure>\n<\/figure>\n\n\n\n<p>Tamb\u00e9 dues can\u00e7ons de bressol van formar part del repertori del cor. Totes dues arrelades a la terra. <strong>&#8220;Canci\u00f3n de cuna costera&#8221;<\/strong>, amb el seu to dol\u00e7, es reflecteix en <em>&#8220;Gurisito costero&#8221;<\/em> de Jorgelina Parkinson. L\u2019escena d\u2019un infant a la riba del riu i la can\u00e7\u00f3 de bressol comparteixen un imaginari \u00edntim, senzill i profundament hum\u00e0. La maternitat i el paisatge conflueixen en una mateixa harmonia. Tamb\u00e9 <strong>&#8220;Duerme negrito&#8221;<\/strong> dialoga emocionalment amb <em>&#8220;La maternidad&#8221;<\/em> de Diego Rivera. Aquesta pintura monumental mostra una mare ind\u00edgena amb el seu fill, emfatitzant la dignitat i la tendresa en contextos dif\u00edcils. La can\u00e7\u00f3 posa veu a les lluites i l\u2019amor matern, creant un pont directe amb l\u2019obra de Rivera.<\/p>\n\n\n\n<figure class=\"wp-block-gallery has-nested-images columns-default is-cropped wp-block-gallery-4 is-layout-flex wp-block-gallery-is-layout-flex\">\n<figure class=\"wp-block-image size-large\"><img loading=\"lazy\" decoding=\"async\" width=\"1024\" height=\"640\" data-id=\"69056\" src=\"https:\/\/fundacioateneusantroc.org\/wp-content\/uploads\/2025-sol-fa-nits-7.jpg\" alt=\"\" class=\"wp-image-69056\" srcset=\"https:\/\/fundacioateneusantroc.org\/wp-content\/uploads\/2025-sol-fa-nits-7.jpg 1024w, https:\/\/fundacioateneusantroc.org\/wp-content\/uploads\/2025-sol-fa-nits-7-300x188.jpg 300w, https:\/\/fundacioateneusantroc.org\/wp-content\/uploads\/2025-sol-fa-nits-7-768x480.jpg 768w\" sizes=\"auto, (max-width: 1024px) 100vw, 1024px\" \/><\/figure>\n<\/figure>\n\n\n\n<p>El concert va continuar amb Good News, que va iniciar l\u2019\u00faltima part del concert, per inundar la nit d\u2019una esperan\u00e7a lluminosa i espiritual; i que connecta amb <em>&#8220;Nit estelada&#8221;<\/em> de Vincent van Gogh. Ambdues peces expressen una emoci\u00f3 intensa davant la immensitat del cel nocturn. L\u2019espiritualitat i el desig de redempci\u00f3 uneixen la m\u00fasica gospel amb la for\u00e7a celestial de l\u2019obra de Van Gogh.<\/p>\n\n\n\n<figure class=\"wp-block-gallery has-nested-images columns-default is-cropped wp-block-gallery-5 is-layout-flex wp-block-gallery-is-layout-flex\">\n<figure class=\"wp-block-image size-large\"><img loading=\"lazy\" decoding=\"async\" width=\"1024\" height=\"640\" data-id=\"69058\" src=\"https:\/\/fundacioateneusantroc.org\/wp-content\/uploads\/2025-sol-fa-nits-8.jpg\" alt=\"\" class=\"wp-image-69058\" srcset=\"https:\/\/fundacioateneusantroc.org\/wp-content\/uploads\/2025-sol-fa-nits-8.jpg 1024w, https:\/\/fundacioateneusantroc.org\/wp-content\/uploads\/2025-sol-fa-nits-8-300x188.jpg 300w, https:\/\/fundacioateneusantroc.org\/wp-content\/uploads\/2025-sol-fa-nits-8-768x480.jpg 768w\" sizes=\"auto, (max-width: 1024px) 100vw, 1024px\" \/><\/figure>\n\n\n\n<figure class=\"wp-block-image size-large\"><img loading=\"lazy\" decoding=\"async\" width=\"1024\" height=\"640\" data-id=\"69060\" src=\"https:\/\/fundacioateneusantroc.org\/wp-content\/uploads\/2025-sol-fa-nits-9.jpg\" alt=\"\" class=\"wp-image-69060\" srcset=\"https:\/\/fundacioateneusantroc.org\/wp-content\/uploads\/2025-sol-fa-nits-9.jpg 1024w, https:\/\/fundacioateneusantroc.org\/wp-content\/uploads\/2025-sol-fa-nits-9-300x188.jpg 300w, https:\/\/fundacioateneusantroc.org\/wp-content\/uploads\/2025-sol-fa-nits-9-768x480.jpg 768w\" sizes=\"auto, (max-width: 1024px) 100vw, 1024px\" \/><\/figure>\n<\/figure>\n\n\n\n<p>Per finalitzar, dues can\u00e7ons africanes plenes de for\u00e7a. Primer, <strong>&#8220;Siyahamba&#8221;<\/strong>, can\u00e7\u00f3 de resist\u00e8ncia sud-africana, vinculada amb <em>&#8220;Refugiats&#8221;<\/em> de William Kentridge. Tant la can\u00e7\u00f3 com la pintura parlen de moviments&nbsp;de lluita, d\u2019esperan\u00e7a enmig del dolor. Les dues obres, a la seva manera, denuncien l\u2019opressi\u00f3 i parlen d\u2019una marxa simb\u00f2lica cap a la llibertat. I, despr\u00e9s, <strong>&#8220;Ipharadisi&#8221;<\/strong>, cant funerari per\u00f2 ple d\u2019esperan\u00e7a, es pot emmirallar amb <em>&#8220;El Jard\u00ed de les del\u00edcies&#8221;<\/em> de El Bosch. Tot i les difer\u00e8ncies temporals i estil\u00edstiques, ambd\u00f3s expressen la idea de transcendir el dolor i imaginar un parad\u00eds. L\u2019obra de El Bosch, complexa i carregada de s\u00edmbols, ofereix m\u00faltiples lectures sobre el m\u00e9s enll\u00e0, com ho fa aquest cant coral que clama per la pau eterna.<\/p>\n\n\n\n<p>&nbsp;Els membres del cor van aconseguir transportar al p\u00fablic a un parad\u00eds sonor, on cada can\u00e7\u00f3 acaronava l&#8217;\u00e0nima dels assistents. Les peces seleccionades van ser un reflex de la diversitat&nbsp;musical que caracteritza el repertori del Cor Ateneu Sant Roc. Els amics i familiars presents van gaudir d&#8217;una vetllada plena de complicitat i emoci\u00f3, on la m\u00fasica va ser el fil conductor que va enlla\u00e7ar generacions i cultures.<\/p>\n\n\n\n<p>Al final del concert, tothom va poder compartir impressions i brindar per la fi de les Festes de primavera de Sant Roc d\u2019enguany. Nom\u00e9s queda esperar el pr\u00f2xim <strong>Sol, fa nits de festa <\/strong>per obrir de nou el cor a la m\u00fasica i a l\u2019emoci\u00f3.<\/p>\n\n\n\n<figure class=\"wp-block-gallery has-nested-images columns-default is-cropped wp-block-gallery-6 is-layout-flex wp-block-gallery-is-layout-flex\">\n<figure class=\"wp-block-image size-large\"><img loading=\"lazy\" decoding=\"async\" width=\"900\" height=\"900\" data-id=\"69066\" src=\"https:\/\/fundacioateneusantroc.org\/wp-content\/uploads\/2025-sol-fa-nits-10.jpg\" alt=\"\" class=\"wp-image-69066\" srcset=\"https:\/\/fundacioateneusantroc.org\/wp-content\/uploads\/2025-sol-fa-nits-10.jpg 900w, https:\/\/fundacioateneusantroc.org\/wp-content\/uploads\/2025-sol-fa-nits-10-300x300.jpg 300w, https:\/\/fundacioateneusantroc.org\/wp-content\/uploads\/2025-sol-fa-nits-10-150x150.jpg 150w, https:\/\/fundacioateneusantroc.org\/wp-content\/uploads\/2025-sol-fa-nits-10-768x768.jpg 768w\" sizes=\"auto, (max-width: 900px) 100vw, 900px\" \/><\/figure>\n\n\n\n<figure class=\"wp-block-image size-large\"><img loading=\"lazy\" decoding=\"async\" width=\"900\" height=\"900\" data-id=\"69068\" src=\"https:\/\/fundacioateneusantroc.org\/wp-content\/uploads\/2025-sol-fa-nits-12.jpg\" alt=\"\" class=\"wp-image-69068\" srcset=\"https:\/\/fundacioateneusantroc.org\/wp-content\/uploads\/2025-sol-fa-nits-12.jpg 900w, https:\/\/fundacioateneusantroc.org\/wp-content\/uploads\/2025-sol-fa-nits-12-300x300.jpg 300w, https:\/\/fundacioateneusantroc.org\/wp-content\/uploads\/2025-sol-fa-nits-12-150x150.jpg 150w, https:\/\/fundacioateneusantroc.org\/wp-content\/uploads\/2025-sol-fa-nits-12-768x768.jpg 768w\" sizes=\"auto, (max-width: 900px) 100vw, 900px\" \/><\/figure>\n\n\n\n<figure class=\"wp-block-image size-large\"><img loading=\"lazy\" decoding=\"async\" width=\"900\" height=\"900\" data-id=\"69074\" src=\"https:\/\/fundacioateneusantroc.org\/wp-content\/uploads\/2025-sol-fa-nits-16.jpg\" alt=\"\" class=\"wp-image-69074\" srcset=\"https:\/\/fundacioateneusantroc.org\/wp-content\/uploads\/2025-sol-fa-nits-16.jpg 900w, https:\/\/fundacioateneusantroc.org\/wp-content\/uploads\/2025-sol-fa-nits-16-300x300.jpg 300w, https:\/\/fundacioateneusantroc.org\/wp-content\/uploads\/2025-sol-fa-nits-16-150x150.jpg 150w, https:\/\/fundacioateneusantroc.org\/wp-content\/uploads\/2025-sol-fa-nits-16-768x768.jpg 768w\" sizes=\"auto, (max-width: 900px) 100vw, 900px\" \/><\/figure>\n\n\n\n<figure class=\"wp-block-image size-large\"><img loading=\"lazy\" decoding=\"async\" width=\"900\" height=\"900\" data-id=\"69072\" src=\"https:\/\/fundacioateneusantroc.org\/wp-content\/uploads\/2025-sol-fa-nits-14.jpg\" alt=\"\" class=\"wp-image-69072\" srcset=\"https:\/\/fundacioateneusantroc.org\/wp-content\/uploads\/2025-sol-fa-nits-14.jpg 900w, https:\/\/fundacioateneusantroc.org\/wp-content\/uploads\/2025-sol-fa-nits-14-300x300.jpg 300w, https:\/\/fundacioateneusantroc.org\/wp-content\/uploads\/2025-sol-fa-nits-14-150x150.jpg 150w, https:\/\/fundacioateneusantroc.org\/wp-content\/uploads\/2025-sol-fa-nits-14-768x768.jpg 768w\" sizes=\"auto, (max-width: 900px) 100vw, 900px\" \/><\/figure>\n\n\n\n<figure class=\"wp-block-image size-large\"><img loading=\"lazy\" decoding=\"async\" width=\"1024\" height=\"640\" data-id=\"69070\" src=\"https:\/\/fundacioateneusantroc.org\/wp-content\/uploads\/2025-sol-fa-nits-13.jpg\" alt=\"\" class=\"wp-image-69070\" srcset=\"https:\/\/fundacioateneusantroc.org\/wp-content\/uploads\/2025-sol-fa-nits-13.jpg 1024w, https:\/\/fundacioateneusantroc.org\/wp-content\/uploads\/2025-sol-fa-nits-13-300x188.jpg 300w, https:\/\/fundacioateneusantroc.org\/wp-content\/uploads\/2025-sol-fa-nits-13-768x480.jpg 768w\" sizes=\"auto, (max-width: 1024px) 100vw, 1024px\" \/><\/figure>\n\n\n\n<figure class=\"wp-block-image size-large\"><img loading=\"lazy\" decoding=\"async\" width=\"900\" height=\"900\" data-id=\"69076\" src=\"https:\/\/fundacioateneusantroc.org\/wp-content\/uploads\/2025-sol-fa-nits-17.jpg\" alt=\"\" class=\"wp-image-69076\" srcset=\"https:\/\/fundacioateneusantroc.org\/wp-content\/uploads\/2025-sol-fa-nits-17.jpg 900w, https:\/\/fundacioateneusantroc.org\/wp-content\/uploads\/2025-sol-fa-nits-17-300x300.jpg 300w, https:\/\/fundacioateneusantroc.org\/wp-content\/uploads\/2025-sol-fa-nits-17-150x150.jpg 150w, https:\/\/fundacioateneusantroc.org\/wp-content\/uploads\/2025-sol-fa-nits-17-768x768.jpg 768w\" sizes=\"auto, (max-width: 900px) 100vw, 900px\" \/><\/figure>\n<\/figure>\n","protected":false},"excerpt":{"rendered":"<p>El Cor de l\u2019Ateneu Sant Roc va oferir el passat divendres 30 de maig un concert [&hellip;]<\/p>\n","protected":false},"author":2,"featured_media":69064,"comment_status":"open","ping_status":"open","sticky":false,"template":"","format":"standard","meta":{"footnotes":""},"categories":[1],"tags":[621,734],"class_list":["post-69042","post","type-post","status-publish","format-standard","has-post-thumbnail","hentry","category-actualitat","tag-cor-de-lateneu","tag-dinamitzacio-sociocultural"],"_links":{"self":[{"href":"https:\/\/fundacioateneusantroc.org\/es\/wp-json\/wp\/v2\/posts\/69042","targetHints":{"allow":["GET"]}}],"collection":[{"href":"https:\/\/fundacioateneusantroc.org\/es\/wp-json\/wp\/v2\/posts"}],"about":[{"href":"https:\/\/fundacioateneusantroc.org\/es\/wp-json\/wp\/v2\/types\/post"}],"author":[{"embeddable":true,"href":"https:\/\/fundacioateneusantroc.org\/es\/wp-json\/wp\/v2\/users\/2"}],"replies":[{"embeddable":true,"href":"https:\/\/fundacioateneusantroc.org\/es\/wp-json\/wp\/v2\/comments?post=69042"}],"version-history":[{"count":6,"href":"https:\/\/fundacioateneusantroc.org\/es\/wp-json\/wp\/v2\/posts\/69042\/revisions"}],"predecessor-version":[{"id":69249,"href":"https:\/\/fundacioateneusantroc.org\/es\/wp-json\/wp\/v2\/posts\/69042\/revisions\/69249"}],"wp:featuredmedia":[{"embeddable":true,"href":"https:\/\/fundacioateneusantroc.org\/es\/wp-json\/wp\/v2\/media\/69064"}],"wp:attachment":[{"href":"https:\/\/fundacioateneusantroc.org\/es\/wp-json\/wp\/v2\/media?parent=69042"}],"wp:term":[{"taxonomy":"category","embeddable":true,"href":"https:\/\/fundacioateneusantroc.org\/es\/wp-json\/wp\/v2\/categories?post=69042"},{"taxonomy":"post_tag","embeddable":true,"href":"https:\/\/fundacioateneusantroc.org\/es\/wp-json\/wp\/v2\/tags?post=69042"}],"curies":[{"name":"wp","href":"https:\/\/api.w.org\/{rel}","templated":true}]}}