{"id":69087,"date":"2025-06-12T10:42:58","date_gmt":"2025-06-12T08:42:58","guid":{"rendered":"https:\/\/fundacioateneusantroc.org\/?p=69087"},"modified":"2025-06-20T15:46:40","modified_gmt":"2025-06-20T13:46:40","slug":"dones-disruptives-de-larpillera-a-la-radio","status":"publish","type":"post","link":"https:\/\/fundacioateneusantroc.org\/es\/dones-disruptives-de-larpillera-a-la-radio\/","title":{"rendered":"Dones disruptives. De l&#8217;arpillera a la r\u00e0dio"},"content":{"rendered":"\n<p>Els grups de segones lleng\u00fces B\u00e0sic i B\u00e0sic 2 del Projecte Formaci\u00f3 de dones Laila buscaven un tema per crear un gui\u00f3 de r\u00e0dio. Fa dos cursos, van descobrir en aquest mitj\u00e0 una eina molt valuosa per millorar la compet\u00e8ncia ling\u00fc\u00edstica. Aquesta recerca va coincidir amb la visita, al mar\u00e7, a l\u2019exposici\u00f3 d\u2019Arpilleres <em><a href=\"https:\/\/fundacioateneusantroc.org\/ateneu-arpilleres\/dones-disruptives\/\">Dones Disruptives<\/a><\/em>, al Casal Dalt de la Vila de Sant Adri\u00e0 de Bes\u00f2s. Les noies descobrien, moltes per primera vegada, qu\u00e8 era una arpillera i com a trav\u00e9s d\u2019ella es feien den\u00fancies i reivindicacions. El seu poder de cohesi\u00f3 va convertir la visita a l\u2019exposici\u00f3 en una flama que farien cr\u00e9ixer.<\/p>\n\n\n\n<figure class=\"wp-block-gallery has-nested-images columns-default is-cropped wp-block-gallery-1 is-layout-flex wp-block-gallery-is-layout-flex\">\n<figure class=\"wp-block-image size-full\"><img loading=\"lazy\" decoding=\"async\" width=\"1024\" height=\"473\" data-id=\"69096\" src=\"https:\/\/fundacioateneusantroc.org\/wp-content\/uploads\/2025-laila-radio-2.jpg\" alt=\"\" class=\"wp-image-69096\" srcset=\"https:\/\/fundacioateneusantroc.org\/wp-content\/uploads\/2025-laila-radio-2.jpg 1024w, https:\/\/fundacioateneusantroc.org\/wp-content\/uploads\/2025-laila-radio-2-300x139.jpg 300w, https:\/\/fundacioateneusantroc.org\/wp-content\/uploads\/2025-laila-radio-2-768x355.jpg 768w\" sizes=\"auto, (max-width: 1024px) 100vw, 1024px\" \/><\/figure>\n\n\n\n<figure class=\"wp-block-image size-full\"><img loading=\"lazy\" decoding=\"async\" width=\"1024\" height=\"640\" data-id=\"69109\" src=\"https:\/\/fundacioateneusantroc.org\/wp-content\/uploads\/2025-laila-radio-8.jpg\" alt=\"\" class=\"wp-image-69109\" srcset=\"https:\/\/fundacioateneusantroc.org\/wp-content\/uploads\/2025-laila-radio-8.jpg 1024w, https:\/\/fundacioateneusantroc.org\/wp-content\/uploads\/2025-laila-radio-8-300x188.jpg 300w, https:\/\/fundacioateneusantroc.org\/wp-content\/uploads\/2025-laila-radio-8-768x480.jpg 768w\" sizes=\"auto, (max-width: 1024px) 100vw, 1024px\" \/><\/figure>\n<\/figure>\n\n\n\n<p>A partir de les descobertes sobre les dones que al llarg de la hist\u00f2ria havien lluitat de diverses formes contra la injust\u00edcia, sorgiren frases com: \u201cHe escollit l\u2019arpillera <em>La Maternitat d\u2019Elna<\/em>, perqu\u00e8 em recorda el que fem a l\u2019Ateneu\u201d o \u201c&#8230;unes dones encadenades a la tanca d\u2019una base militar\u2026 Vaig pensar que van ser unes dones molt valentes\u201d. La contemplaci\u00f3 de les arpilleres estava connectant la viv\u00e8ncia i l\u2019emoci\u00f3.<\/p>\n\n\n\n<p>En arribar a l\u2019Ateneu, ho tenien molt clar, volien continuar aquesta reflexi\u00f3 i convertir-la en paraula escrita, en gui\u00f3 i en veu. Acabaven de descobrir el tema del programa de r\u00e0dio i va comen\u00e7ar el proc\u00e9s de creaci\u00f3.<\/p>\n\n\n\n<figure class=\"wp-block-image size-full\"><img loading=\"lazy\" decoding=\"async\" width=\"1024\" height=\"473\" src=\"https:\/\/fundacioateneusantroc.org\/wp-content\/uploads\/2025-laila-radio-6.jpg\" alt=\"\" class=\"wp-image-69098\" srcset=\"https:\/\/fundacioateneusantroc.org\/wp-content\/uploads\/2025-laila-radio-6.jpg 1024w, https:\/\/fundacioateneusantroc.org\/wp-content\/uploads\/2025-laila-radio-6-300x139.jpg 300w, https:\/\/fundacioateneusantroc.org\/wp-content\/uploads\/2025-laila-radio-6-768x355.jpg 768w\" sizes=\"auto, (max-width: 1024px) 100vw, 1024px\" \/><\/figure>\n\n\n\n<p>Al llarg de diverses setmanes, van con\u00e8ixer m\u00e9s a fons la tasca de les arpilleristes i el seu comprom\u00eds. I all\u00f2 que vertebra Formaci\u00f3 de dones Laila, el coneixement de la llengua, des de l\u2019experi\u00e8ncia, esdevenia un aprenentatge significatiu. Van escriure, corregir, llegir, practicar, repetir\u2026 amb esfor\u00e7 i entusiasme van millorar la pronunciaci\u00f3 i el vocabulari i van submergir-se en la construcci\u00f3 de la llengua. Tenien, a m\u00e9s, la il\u00b7lusi\u00f3 afegida de transmetre el que havien descobert. Tenint el grup d\u2019Arpilleres tan a prop, va sorgir la idea d\u2019entrevistar a una d\u2019elles.<\/p>\n\n\n\n<p>A partir d\u2019aqu\u00ed, i gr\u00e0cies al Centre de Recursos Pedag\u00f2gics de Badalona (CRP), van iniciar els assajos, provant les veus al micr\u00f2fon i sentint-se locutores i redactores. Ho tenien tot a punt i va arribar el moment de la gravaci\u00f3.<\/p>\n\n\n\n<p>Nom\u00e9s faltava un detall, experimentar l\u2019elaboraci\u00f3 d\u2019una arpillera. Tres de les arpilleristes de l\u2019Ateneu, la Manoli, la Paqui i la Loli, van acompanyar un mat\u00ed la creaci\u00f3 d\u2019uns ninos que van passar a formar part de l\u2019exposici\u00f3 <em>Dones Disruptives<\/em>. Van compartir sentiments, sororitat, fils i comunitat.<\/p>\n\n\n\n<figure class=\"wp-block-gallery has-nested-images columns-default is-cropped wp-block-gallery-2 is-layout-flex wp-block-gallery-is-layout-flex\">\n<figure class=\"wp-block-image size-full\"><img loading=\"lazy\" decoding=\"async\" width=\"1024\" height=\"473\" data-id=\"69102\" src=\"https:\/\/fundacioateneusantroc.org\/wp-content\/uploads\/2025-laila-radio-4.jpg\" alt=\"\" class=\"wp-image-69102\" srcset=\"https:\/\/fundacioateneusantroc.org\/wp-content\/uploads\/2025-laila-radio-4.jpg 1024w, https:\/\/fundacioateneusantroc.org\/wp-content\/uploads\/2025-laila-radio-4-300x139.jpg 300w, https:\/\/fundacioateneusantroc.org\/wp-content\/uploads\/2025-laila-radio-4-768x355.jpg 768w\" sizes=\"auto, (max-width: 1024px) 100vw, 1024px\" \/><\/figure>\n\n\n\n<figure class=\"wp-block-image size-full\"><img loading=\"lazy\" decoding=\"async\" width=\"1024\" height=\"473\" data-id=\"69100\" src=\"https:\/\/fundacioateneusantroc.org\/wp-content\/uploads\/2025-laila-radio-3.jpg\" alt=\"\" class=\"wp-image-69100\" srcset=\"https:\/\/fundacioateneusantroc.org\/wp-content\/uploads\/2025-laila-radio-3.jpg 1024w, https:\/\/fundacioateneusantroc.org\/wp-content\/uploads\/2025-laila-radio-3-300x139.jpg 300w, https:\/\/fundacioateneusantroc.org\/wp-content\/uploads\/2025-laila-radio-3-768x355.jpg 768w\" sizes=\"auto, (max-width: 1024px) 100vw, 1024px\" \/><\/figure>\n<\/figure>\n\n\n\n<p>I, per fi, en arribar el dia de la XV Marat\u00f3 de R\u00e0dio Escolar de Badalona, el programa <em>Dones Disruptives. Arpilleres en Acci\u00f3 <\/em>va ser em\u00e8s, tancant un projecte de curs de descobriments, d\u2019expressi\u00f3 de la den\u00fancia, d\u2019emocions i de treball en equip.<\/p>\n\n\n\n<p>Potser la veu tamb\u00e9 \u00e9s el fil d\u2019una arpillera i aprendre a pronunciar paraules com <strong>refugiades<\/strong> o <strong>sufragistes<\/strong>, \u00e9s una mica com cosir la figura, trencar silencis i mostrar a l\u2019exterior l\u2019esfor\u00e7 i l\u2019aprenentatge.<\/p>\n\n\n\n<p><strong>\u201cEst\u00e0s escoltant r\u00e0dio Ateneu!\u201d <\/strong>esperem que sigui una aventura que continu\u00ef, i qui sap si d\u2019aquest proc\u00e9s ha nascut una nova arpillerista.<\/p>\n\n\n\n<p>Molt\u00edssimes gr\u00e0cies a totes per posar-hi el fil, la veu i el cor.<\/p>\n\n\n\n<figure class=\"wp-block-embed is-type-video is-provider-youtube wp-block-embed-youtube wp-embed-aspect-16-9 wp-has-aspect-ratio\"><div class=\"wp-block-embed__wrapper\">\n<iframe loading=\"lazy\" title=\"15a Marato\u0301 de ra\u0300dio BDN \u00b7 Formaci\u00f3 de dones Laila\" width=\"500\" height=\"281\" src=\"https:\/\/www.youtube.com\/embed\/PCacwBPWbLI?feature=oembed\" frameborder=\"0\" allow=\"accelerometer; autoplay; clipboard-write; encrypted-media; gyroscope; picture-in-picture; web-share\" referrerpolicy=\"strict-origin-when-cross-origin\" allowfullscreen><\/iframe>\n<\/div><\/figure>\n\n\n\n<p><a href=\"https:\/\/www.youtube.com\/watch?v=5HKvqwSX0Vs\" target=\"_blank\" rel=\"noopener\">>>Programa en la XV Marat\u00f3 de R\u00e0dio Escolar de Badalona<\/a><\/p>\n\n\n\n<div style=\"height:100px\" aria-hidden=\"true\" class=\"wp-block-spacer\"><\/div>\n","protected":false},"excerpt":{"rendered":"<p>Els grups de segones lleng\u00fces B\u00e0sic i B\u00e0sic 2 del Projecte Formaci\u00f3 de dones Laila buscaven [&hellip;]<\/p>\n","protected":false},"author":2,"featured_media":69094,"comment_status":"open","ping_status":"open","sticky":false,"template":"","format":"standard","meta":{"footnotes":""},"categories":[787,1],"tags":[28,1705,45],"class_list":["post-69087","post","type-post","status-publish","format-standard","has-post-thumbnail","hentry","category-les-arpilleres","category-actualitat","tag-arpilleras","tag-bona-practica","tag-laila"],"_links":{"self":[{"href":"https:\/\/fundacioateneusantroc.org\/es\/wp-json\/wp\/v2\/posts\/69087","targetHints":{"allow":["GET"]}}],"collection":[{"href":"https:\/\/fundacioateneusantroc.org\/es\/wp-json\/wp\/v2\/posts"}],"about":[{"href":"https:\/\/fundacioateneusantroc.org\/es\/wp-json\/wp\/v2\/types\/post"}],"author":[{"embeddable":true,"href":"https:\/\/fundacioateneusantroc.org\/es\/wp-json\/wp\/v2\/users\/2"}],"replies":[{"embeddable":true,"href":"https:\/\/fundacioateneusantroc.org\/es\/wp-json\/wp\/v2\/comments?post=69087"}],"version-history":[{"count":10,"href":"https:\/\/fundacioateneusantroc.org\/es\/wp-json\/wp\/v2\/posts\/69087\/revisions"}],"predecessor-version":[{"id":69122,"href":"https:\/\/fundacioateneusantroc.org\/es\/wp-json\/wp\/v2\/posts\/69087\/revisions\/69122"}],"wp:featuredmedia":[{"embeddable":true,"href":"https:\/\/fundacioateneusantroc.org\/es\/wp-json\/wp\/v2\/media\/69094"}],"wp:attachment":[{"href":"https:\/\/fundacioateneusantroc.org\/es\/wp-json\/wp\/v2\/media?parent=69087"}],"wp:term":[{"taxonomy":"category","embeddable":true,"href":"https:\/\/fundacioateneusantroc.org\/es\/wp-json\/wp\/v2\/categories?post=69087"},{"taxonomy":"post_tag","embeddable":true,"href":"https:\/\/fundacioateneusantroc.org\/es\/wp-json\/wp\/v2\/tags?post=69087"}],"curies":[{"name":"wp","href":"https:\/\/api.w.org\/{rel}","templated":true}]}}